{"id":665011,"date":"2026-09-03T16:44:17","date_gmt":"2026-09-03T16:44:17","guid":{"rendered":"https:\/\/www.europesays.com\/pl\/665011\/"},"modified":"2026-09-03T16:44:17","modified_gmt":"2026-09-03T16:44:17","slug":"po-roku-spekulacji-jest-pewna-lokalizacja-drugie","status":"publish","type":"post","link":"https:\/\/www.europesays.com\/pl\/665011\/","title":{"rendered":"Po roku spekulacji jest pewna lokalizacja. Drugie&#8230;"},"content":{"rendered":"<p>                        <a href=\"https:\/\/www.olsztyn.com.pl\/autor,dominika-wrotek.html\" rel=\"nofollow noopener\" target=\"_blank\">Dominika Wrotek<\/a><br \/>\n                        \u00b7<br \/>\n                        2026-09-03 18:00<\/p>\n<p>                                                                            <a class=\"articleGalleryEntry\" href=\"https:\/\/www.olsztyn.com.pl\/zdjecie,po-roku-spekulacji-jest-pewna-lokalizacja-drugie-dino-w-olsztynie-buduja-przy-granicy-z-ostrzeszewem,167839.html\" title=\"Otw\u00f3rz galeri\u0119 zdj\u0119\u0107\" rel=\"nofollow noopener\" target=\"_blank\"><br \/>\n                                            <img src=\"https:\/\/www.europesays.com\/pl\/wp-content\/uploads\/2026\/09\/82980d74b6489a7346a6cfc02c4d5307.jpg_slider_688.jpg\" alt=\"Po roku spekulacji jest pewna lokalizacja. Drugie Dino w Olsztynie buduj\u0105 przy granicy z Ostrzeszewem\" width=\"780\" height=\"390\" loading=\"eager\" decoding=\"async\" fetchpriority=\"high\" style=\"width:100%;height:auto !important;object-fit:contain;\"\/><br \/>\n                                        <\/a><br \/>\n                                    Sie\u0107 wybra\u0142a lokalizacj\u0119 na uboczu, blisko zabudowa\u0144 jednorodzinnychFot. \u0141ukasz Koz\u0142owski \/ Olsztyn.com.pl                                <\/p>\n<p class=\"lead\">Kolejny supermarket Dino w Olsztynie staje si\u0119 faktem. Niespe\u0142na dwa tygodnie temu informowali\u015bmy o tym, \u017ce nowy sklep polskiej sieci zlokalizowany zostanie przy ul. Armii Krajowej. Tymczasem okazuje si\u0119, \u017ce jeszcze wcze\u015bniej otwarty zostanie market we wschodniej cz\u0119\u015bci miasta, przy granicy z gmin\u0105 Purda. Prace na budowie dobiegaj\u0105 ko\u0144ca.&#13;<br \/>\n&#13;<br \/>\n\u00a0<\/p>\n<p>Drugie olszty\u0144skie Dino zlokalizowano przy alei Marsza\u0142ka Pi\u0142sudskiego, tu\u017c przy wje\u017adzie do Ostrzeszewa (gmina Purda). Na zdj\u0119ciach z lotu ptaka wida\u0107 ju\u017c, charakterystyczn\u0105 dla sklep\u00f3w sieci, bry\u0142\u0119 budynku. Obecny etap prac wskazuje na to, \u017ce przed ekip\u0105 budowlan\u0105 jeszcze m.in. monta\u017c paneli s\u0142onecznych na dachu oraz po\u0142o\u017cenie kostki brukowej na wje\u017adzie i w miejscu przysz\u0142ego parkingu. Jako \u017ce budowa nowych sklep\u00f3w sieci post\u0119puje zazwyczaj w bardzo szybkim tempie, mo\u017cemy spodziewa\u0107 si\u0119, \u017ce do otwarcia marketu dojdzie jeszcze w tym roku.<\/p>\n<p>&#13;<br \/>\n&#13;<\/p>\n<p style=\"text-align:center\"><img alt=\"\" src=\"https:\/\/www.europesays.com\/pl\/wp-content\/uploads\/2026\/09\/ae90e76ce969728a8fbe1ab9f0fda165_480.jpg\" width=\"720\" style=\"height:auto !important;object-fit:contain;\" class=\"openphoto\" loading=\"lazy\" decoding=\"async\"\/><\/p>\n<p>&#13;<br \/>\n&#13;<\/p>\n<p>Drugie czy trzecie Dino?<\/p>\n<p>&#13;<br \/>\n&#13;<\/p>\n<p>Przypomnijmy &#8211; w sierpniu informowali\u015bmy o planowanej budowie Dino przy ul. Armii Krajowej w miejscu dawnego sk\u0142adu kamienia i kostki brukowej. Uda\u0142o nam si\u0119 w\u00f3wczas uzyska\u0107 informacj\u0119, \u017ce \u00f3wczesny w\u0142a\u015bciciel tego terenu sprzeda\u0142 go na rzecz sieci market\u00f3w. Na razie w tym miejscu nie rozpocz\u0119\u0142y si\u0119 jednak \u017cadne prace budowlane, a plac od miesi\u0105ca stoi pusty. Czytaj wi\u0119cej:\u00a0<a rel=\"nofollow noopener\" href=\"https:\/\/www.olsztyn.com.pl\/artykul,w-olsztynie-powstanie-kolejny-supermarket-dino-znamy-lokalizacje,47774.html\" target=\"_blank\">W Olsztynie powstanie kolejny supermarket Dino. Znamy lokalizacj\u0119<\/a><\/p>\n<p>&#13;<br \/>\n&#13;<\/p>\n<p style=\"text-align:center\"><img alt=\"\" src=\"https:\/\/www.europesays.com\/pl\/wp-content\/uploads\/2026\/09\/53f4a9d4b803d972942b9bf25c8a26a8_480.jpg\" width=\"640\" style=\"height:auto !important;object-fit:contain;\" class=\"openphoto\" loading=\"lazy\" decoding=\"async\"\/><\/p>\n<p>&#13;<br \/>\n&#13;<\/p>\n<p>Okazuje si\u0119 jednak, \u017ce je\u015bli Dino przy ul. Armii Krajowej rzeczywi\u015bcie powstanie, to b\u0119dzie trzecim marketem sieci w stolicy Warmii i Mazur. <a rel=\"nofollow noopener\" href=\"https:\/\/www.olsztyn.com.pl\/artykul,dino-w-olsztynie-w-koncu-otwarte,44331.html\" target=\"_blank\">Pierwsze \u201cDino\u201d w Olsztynie otwarto w lipcu 2025 roku przy ul. Kubusia Puchatka na osiedlu Pieczewo.<\/a> W\u00f3wczas zacz\u0119\u0142y si\u0119 spekulacje odno\u015bnie kolejnej lokalizacji marketu w Olsztynie. Teraz nie ma ju\u017c \u017cadnych w\u0105tpliwo\u015bci, \u017ce kolejne \u201cDino\u201d powstanie we wschodniej cz\u0119\u015bci miasta, przy al. Marsza\u0142ka Pi\u0142sudskiego. Inwestor zdecydowa\u0142 si\u0119 wi\u0119c na rozw\u00f3j sieci na przedmie\u015bciach, a nie w \u015bcis\u0142ym centrum.<\/p>\n<p>&#13;<br \/>\n&#13;<\/p>\n<p>Z kolei o rozwoju budowy przy ul. Armii Krajowej b\u0119dziemy informowa\u0107.<\/p>\n","protected":false},"excerpt":{"rendered":"Dominika Wrotek \u00b7 2026-09-03 18:00 Sie\u0107 wybra\u0142a lokalizacj\u0119 na uboczu, blisko zabudowa\u0144 jednorodzinnychFot. \u0141ukasz Koz\u0142owski \/ Olsztyn.com.pl Kolejny&hellip;\n","protected":false},"author":2,"featured_media":665012,"comment_status":"","ping_status":"","sticky":false,"template":"","format":"standard","meta":{"footnotes":"","_share_on_mastodon":"0"},"categories":[52249],"tags":[857,41997,42,38,40,39,41],"class_list":["post-665011","post","type-post","status-publish","format-standard","has-post-thumbnail","category-dino-polska","tag-dino","tag-dino-polska","tag-pl","tag-poland","tag-polish","tag-polska","tag-polski"],"share_on_mastodon":{"url":"https:\/\/pubeurope.com\/@pl\/117208120300588776","error":""},"_links":{"self":[{"href":"https:\/\/www.europesays.com\/pl\/wp-json\/wp\/v2\/posts\/665011","targetHints":{"allow":["GET"]}}],"collection":[{"href":"https:\/\/www.europesays.com\/pl\/wp-json\/wp\/v2\/posts"}],"about":[{"href":"https:\/\/www.europesays.com\/pl\/wp-json\/wp\/v2\/types\/post"}],"author":[{"embeddable":true,"href":"https:\/\/www.europesays.com\/pl\/wp-json\/wp\/v2\/users\/2"}],"replies":[{"embeddable":true,"href":"https:\/\/www.europesays.com\/pl\/wp-json\/wp\/v2\/comments?post=665011"}],"version-history":[{"count":0,"href":"https:\/\/www.europesays.com\/pl\/wp-json\/wp\/v2\/posts\/665011\/revisions"}],"wp:featuredmedia":[{"embeddable":true,"href":"https:\/\/www.europesays.com\/pl\/wp-json\/wp\/v2\/media\/665012"}],"wp:attachment":[{"href":"https:\/\/www.europesays.com\/pl\/wp-json\/wp\/v2\/media?parent=665011"}],"wp:term":[{"taxonomy":"category","embeddable":true,"href":"https:\/\/www.europesays.com\/pl\/wp-json\/wp\/v2\/categories?post=665011"},{"taxonomy":"post_tag","embeddable":true,"href":"https:\/\/www.europesays.com\/pl\/wp-json\/wp\/v2\/tags?post=665011"}],"curies":[{"name":"wp","href":"https:\/\/api.w.org\/{rel}","templated":true}]}}