{"id":665041,"date":"2026-09-03T17:00:12","date_gmt":"2026-09-03T17:00:12","guid":{"rendered":"https:\/\/www.europesays.com\/pl\/665041\/"},"modified":"2026-09-03T17:00:12","modified_gmt":"2026-09-03T17:00:12","slug":"warszawa-studio-rozpoczyna-nowy-sezon-2026-27-cztery-premiery-wystawy-i-55-lecie-studio","status":"publish","type":"post","link":"https:\/\/www.europesays.com\/pl\/665041\/","title":{"rendered":"Warszawa. STUDIO rozpoczyna nowy sezon 2026\/27. Cztery premiery, wystawy i 55-lecie STUDIO"},"content":{"rendered":"<p>Karol Radziszewski przygotowuje ju\u017c w Galerii STUDIO swoj\u0105 pierwsz\u0105 wystaw\u0119 \u201eBrudne strony\u201d, a w teatrze trwaj\u0105 prace nad wydarzeniami nowego sezonu. 4 wrze\u015bnia STUDIO rozpoczyna sezon 2026\/27. W programie znalaz\u0142y si\u0119 cztery nowe produkcje: \u201eSukcesja\u201d Anny Smolar, \u201eCharyzmatyczne Przedsi\u0119biorstwo Samorozwoju\u201d Zuzanny Grajcewicz, \u201e\u015amier\u0107 Viveka Ojiego\u201d Natalii So\u0142tysik oraz \u201eSprawa \u015bwi\u0119tego Jogurta\u201d Mateusza Paku\u0142y. Po mi\u0119dzynarodowej podr\u00f3\u017cy \u201eThe Employees\u201d \u0141ukasza Twarkowskiego otworzy w Gda\u0144sku tegoroczny Festiwal Wybrze\u017ce Sztuki.<\/p>\n<p>            <a data-lightbox=\"article-gallery\" href=\"https:\/\/e-teatr.pl\/files\/multimedias\/182631\/WzyjsieStudio_Studio_Sezon2627.jpg\" rel=\"nofollow noopener\" target=\"_blank\">&#13;<br \/>\n        <img loading=\"lazy\" decoding=\"async\" src=\"https:\/\/www.europesays.com\/pl\/wp-content\/uploads\/2026\/09\/thumb_WzyjsieStudio_Studio_Sezon2627.jpg\" alt=\"\" title=\"mat. teatru\" width=\"1100\" height=\"1100\"\/>      <\/a><\/p>\n<p>fot. mat. teatru<\/p>\n<p>W nowy sezon wchodzimy z has\u0142em \u201eW\u017cyj si\u0119 w STUDIO\u201d. Jest w nim dok\u0142adnie to, czego chcemy dla STUDIO. Nie chodzi tylko o ogl\u0105danie spektakli i wystaw, ale o do\u015bwiadczenie \u015bwiata, kt\u00f3ry powstaje wok\u00f3\u0142 nich. Spotka\u0107 innych, da\u0107 si\u0119 zaskoczy\u0107, zosta\u0107 z nami troch\u0119 d\u0142u\u017cej i zabra\u0107 cz\u0119\u015b\u0107 tego do\u015bwiadczenia ze sob\u0105. \u2013 podkre\u015bla Roman Osadnik, dyrektor STUDIO.<\/p>\n<p>W\u017bYJ SI\u0118 W STUDIO<\/p>\n<p>Ruszaj\u0105 pr\u00f3by do spektaklu Anny Smolar \u201eSukcesja\u201d, kt\u00f3rego premiera zaplanowana jest na 27 listopada 2026 roku. To pierwsza z czterech nowych produkcji zaplanowanych w STUDIO na sezon 2026\/27. Spektakl inspirowany jest \u201e\u017byciem jest snem\u201d Pedra Calder\u00f3na de la Barki i podejmuje temat dziedziczenia, w\u0142adzy i rodzinnych relacji.<\/p>\n<p>Kolejne premiery to \u201eCharyzmatyczne Przedsi\u0119biorstwo Samorozwoju\u201d Zuzanny Grajcewicz (5 lutego 2027), przygl\u0105daj\u0105ce si\u0119 kulturze samorozwoju i terapii, \u201e\u015amier\u0107 Viveka Ojiego\u201d Natalii So\u0142tysik (19 marca 2027) oraz \u201eSprawa \u015bwi\u0119tego Jogurta\u201d Mateusza Paku\u0142y (11 czerwca 2027). Cztery przedstawienia realizowane przez tw\u00f3rczynie i tw\u00f3rc\u00f3w reprezentuj\u0105cych r\u00f3\u017cne pokolenia i j\u0119zyki teatralne.<\/p>\n<p>Istotn\u0105 cz\u0119\u015bci\u0105 nowego sezonu b\u0119dzie tak\u017ce program Galerii STUDIO pod kierownictwem Micha\u0142a Grzegorzka. 17 wrze\u015bnia odb\u0119dzie si\u0119 wernisa\u017c wystawy Karola Radziszewskiego \u201eBrudne strony\u201d, po\u015bwi\u0119conej queerowym archiwom i wydawanemu od ponad 20 lat DIK Fagazine. W grudniu Galeria zaprosi na wystaw\u0119 przygotowan\u0105 we wsp\u00f3\u0142pracy z Design Fest pod opiek\u0105 Ren\u00e9 Wawrzkiewicza i Mariana Misiaka. Wiosn\u0105 natomiast rozpocznie si\u0119 projekt \u201eKonflikty akustyczne\u201d, inspirowany napi\u0119ciami d\u017awi\u0119kowymi mi\u0119dzy r\u00f3\u017cnymi przestrzeniami STUDIO. Te akustyczne relacje stan\u0105 si\u0119 punktem wyj\u015bcia do dzia\u0142a\u0144 artystycznych.<\/p>\n<p>Nowy sezon b\u0119dzie tak\u017ce pocz\u0105tkiem obchod\u00f3w 55-lecia STUDIO. Od 1 lutego 2027 roku teatr zaprosi na wydarzenia zwi\u0105zane z jubileuszem, kt\u00f3ry stanie si\u0119 okazj\u0105 zar\u00f3wno do powrotu do historii STUDIO, jak i do spojrzenia na jego przysz\u0142o\u015b\u0107.<\/p>\n<p>Program sezonu uzupe\u0142niaj\u0105 dzia\u0142ania edukacyjne, spo\u0142eczne i oko\u0142oteatralne. Znajd\u0105 si\u0119 w nim m.in. pr\u00f3by otwarte przed kolejnymi premierami, spotkania dyskusyjne po spektaklach, dzia\u0142ania na rzecz os\u00f3b z niepe\u0142nosprawno\u015bciami oraz zaj\u0119cia teatralne dla osadzonych w Areszcie \u015aledczym.<\/p>\n<p>STUDIO po raz szesnasty zaprasza na transmisje operowe z nowojorskiej Metropolitan Opera w ramach cyklu The Met: Live in HD. Mi\u0142o\u015bnicy opery i teatru muzycznego znajd\u0105 na \u017cywo kolejne propozycje tak\u017ce podczas drugiej edycji festiwalu Centralny Plac Muzyki, kt\u00f3ry rozpocznie si\u0119 15 czerwca 2027 roku.<\/p>\n<p>Weekend otwarcia sezonu<\/p>\n<p>Teatralny wrzesie\u0144 rozpocznie si\u0119 4 wrze\u015bnia \u201eRequiem dla snu\u201d w re\u017cyserii Jakuba Skrzywanka. Spektakl na podstawie powie\u015bci Huberta Selby\u2019ego Jr., zrealizowany w koprodukcji z Narodowym Starym Teatrem im. Heleny Modrzejewskiej, towarzyszy pokazom dziesi\u0105tej edycji Generation After. Showcase, organizowanego przez Nowy Teatr. Jego tegoroczna edycja odb\u0119dzie si\u0119 w dniach 3\u20135 wrze\u015bnia 2026 roku. W \u201eRequiem dla snu\u201d w roli Sary wyj\u0105tkowo zobaczymy Ew\u0119 Kaim, kt\u00f3ra 4, 5 i 6 wrze\u015bnia zast\u0105pi Ann\u0119 Radwan.<\/p>\n<p>W ten sam weekend b\u0119dzie mo\u017cna zobaczy\u0107 \u201eMa\u0142\u0105 empiri\u0119\u201d w wykonaniu Eweliny \u017bak, w re\u017cyserii Anny Ilczuk, jeden z hit\u00f3w repertuaru STUDIO (4 i 5 wrze\u015bnia).<\/p>\n<p>5 wrze\u015bnia dyrektorka artystyczna Natalia Korczakowska zaprasza na nocne oprowadzanie po STUDIO. B\u0119dzie mo\u017cna zajrze\u0107 za kulisy, do miejsc niedost\u0119pnych na co dzie\u0144, a tak\u017ce pozna\u0107 anegdoty zwi\u0105zane z J\u00f3zefem Szajn\u0105, za\u0142o\u017cycielem teatru, i innymi tw\u00f3rcami, kt\u00f3rzy przez lata kszta\u0142towali charakter STUDIO.<\/p>\n<p>Mas\u0142owska, Fallaci, Ravn we wrze\u015bniowym repertuarze<\/p>\n<p>W kolejnych tygodniach wrze\u015bnia na scenach teatru pojawi\u0105 si\u0119: Dominika Osta\u0142owska w monodramie \u201eNie\u015bmia\u0142a D\u017cokejka\u201d (12\u201313 wrze\u015bnia), \u201eMagiczna rana\u201d w re\u017cyserii Rados\u0142awa Maci\u0105ga, w kt\u00f3rej Dorota Mas\u0142owska z charakterystycznym dla siebie humorem i swobod\u0105 j\u0119zyka przygl\u0105da si\u0119 rzeczywisto\u015bci (18\u201320 wrze\u015bnia), Ewa B\u0142aszczyk jako Oriana Fallaci (19\u201320 wrze\u015bnia) oraz \u201eU mnie wszystko w porz\u0105dku\u201d Cezarego Tomaszewskiego, osobisty spektakl oparty na tek\u015bcie Norberta Bajana (27 wrze\u015bnia). W repertuarze znajdzie si\u0119 tak\u017ce \u201eThe Employees\u201d \u0141ukasza Twarkowskiego (25\u201326 wrze\u015bnia), teatralne do\u015bwiadczenie na pok\u0142adzie statku kosmicznego, inspirowane powie\u015bci\u0105 Olgi Ravn. Spektakl zostanie pokazany r\u00f3wnie\u017c w Gda\u0144sku, gdzie otworzy tegoroczny Festiwal Wybrze\u017ce Sztuki (16\u201317 wrze\u015bnia).<\/p>\n<p>We wrze\u015bniowym programie STUDIO znalaz\u0142y si\u0119 dwie premiery go\u015bcinne. \u201eCo si\u0119 wydarzy\u0142o w Madison County\u201d b\u0119dzie polsk\u0105 prapremier\u0105 musicalu Jasona Roberta Browna w inscenizacji i re\u017cyserii Jakuba Wociala (11 wrze\u015bnia 2026). Z kolei 27 wrze\u015bnia odb\u0119dzie si\u0119 premiera \u201eRIFF\u201d B\u2019cause Dance Company w choreografii Jacka Przyby\u0142owicza.<\/p>\n<p>Karol Radziszewski i queerowe archiwum<\/p>\n<p>17 wrze\u015bnia sezon w Galerii STUDIO otworzy wystawa \u201eBrudne strony \/ Dirty Pages\u201d Karola Radziszewskiego i DIK Fagazine. To wystawa o queerowej pami\u0119ci, archiwach i historiach, kt\u00f3re przez lata pozostawa\u0142y poza oficjalnym obiegiem.<\/p>\n<p>Karol Radziszewski od lat zajmuje si\u0119 queerow\u0105 histori\u0105 Europy \u015arodkowo-Wschodniej, \u0142\u0105cz\u0105c praktyk\u0119 artystyczn\u0105 z badaniami, archiwistyk\u0105 i prac\u0105 z prywatnymi zbiorami. Jednym z jego najwa\u017cniejszych i najd\u0142u\u017cej rozwijanych projekt\u00f3w jest DIK Fagazine, magazyn za\u0142o\u017cony w 2005 roku, kt\u00f3ry od pocz\u0105tku \u0142\u0105czy\u0142 sztuk\u0119, erotyk\u0119, fotografi\u0119, kultur\u0119 niezale\u017cn\u0105 i queerow\u0105 perspektyw\u0119.<\/p>\n<p>\u201eBrudne strony \/ Dirty Pages\u201d skupiaj\u0105 si\u0119 na archiwalnym wymiarze DIK-a. Publikacje, fotografie, polaroidy, prywatne zbiory i prace innych artyst\u00f3w staj\u0105 si\u0119 materia\u0142em do opowie\u015bci o queerowej przesz\u0142o\u015bci Europy \u015arodkowo-Wschodniej.<\/p>\n<p>Wystawa pyta nie tylko o histori\u0119 jednego magazynu, ale o sam mechanizm pami\u0119tania: co zachowujemy, co znika i kto decyduje o tym, kt\u00f3re historie maj\u0105 swoje miejsce w oficjalnej opowie\u015bci. Wystawa b\u0119dzie otwarta do 27 listopada 2026 roku, od \u015brody (15:00\u201321:00) do niedzieli (15:00\u201322:00).<\/p>\n<p>W sezonie 2026\/27 STUDIO b\u0119dzie r\u00f3wnie\u017c rozwija\u0107 dzia\u0142ania na rzecz dost\u0119pno\u015bci kultury. W ramach akcji \u201eP\u0142a\u0107 ile mo\u017cesz\u201d na wybrane spektakle repertuarowe widzowie mog\u0105 samodzielnie wybra\u0107 cen\u0119 biletu od 40 z\u0142. Teatr oferuje r\u00f3wnie\u017c ulgi dla uczni\u00f3w i uczennic, os\u00f3b studiuj\u0105cych, seniorek i senior\u00f3w, os\u00f3b z niepe\u0142nosprawno\u015bciami oraz os\u00f3b korzystaj\u0105cych z program\u00f3w partnerskich, m.in. Karty Warszawiaka, Karty Du\u017cej Rodziny i Kolei do Kultury.<\/p>\n<p>\u201eBrudne strony \/ Dirty Pages\u201d Karola Radziszewskiego i DIK Fagazine<br \/>Kurator: Micha\u0142 Grzegorzek<\/p>\n<p>Patroni medialni: Vogue Living, KMAG, MINT, SZUM<\/p>\n","protected":false},"excerpt":{"rendered":"Karol Radziszewski przygotowuje ju\u017c w Galerii STUDIO swoj\u0105 pierwsz\u0105 wystaw\u0119 \u201eBrudne strony\u201d, a w teatrze trwaj\u0105 prace nad&hellip;\n","protected":false},"author":2,"featured_media":665042,"comment_status":"","ping_status":"","sticky":false,"template":"","format":"standard","meta":{"footnotes":"","_share_on_mastodon":"0"},"categories":[51605],"tags":[2434,8588,6588,17490,16331,51630,42,38,40,39,41,649,650,11541,51629,8815,51631,8767,51628,800,8816,435],"class_list":["post-665041","post","type-post","status-publish","format-standard","has-post-thumbnail","category-warszawa","tag-aktor","tag-aktorzy","tag-festiwal","tag-festiwale","tag-kariera","tag-kariery","tag-pl","tag-poland","tag-polish","tag-polska","tag-polski","tag-premiera","tag-premiery","tag-realizacja","tag-realizacje","tag-repertuar","tag-ruch-teatralny","tag-sztuka","tag-sztuki","tag-teatr","tag-teatry","tag-warszawa"],"share_on_mastodon":{"url":"https:\/\/pubeurope.com\/@pl\/117208183233402027","error":""},"_links":{"self":[{"href":"https:\/\/www.europesays.com\/pl\/wp-json\/wp\/v2\/posts\/665041","targetHints":{"allow":["GET"]}}],"collection":[{"href":"https:\/\/www.europesays.com\/pl\/wp-json\/wp\/v2\/posts"}],"about":[{"href":"https:\/\/www.europesays.com\/pl\/wp-json\/wp\/v2\/types\/post"}],"author":[{"embeddable":true,"href":"https:\/\/www.europesays.com\/pl\/wp-json\/wp\/v2\/users\/2"}],"replies":[{"embeddable":true,"href":"https:\/\/www.europesays.com\/pl\/wp-json\/wp\/v2\/comments?post=665041"}],"version-history":[{"count":0,"href":"https:\/\/www.europesays.com\/pl\/wp-json\/wp\/v2\/posts\/665041\/revisions"}],"wp:featuredmedia":[{"embeddable":true,"href":"https:\/\/www.europesays.com\/pl\/wp-json\/wp\/v2\/media\/665042"}],"wp:attachment":[{"href":"https:\/\/www.europesays.com\/pl\/wp-json\/wp\/v2\/media?parent=665041"}],"wp:term":[{"taxonomy":"category","embeddable":true,"href":"https:\/\/www.europesays.com\/pl\/wp-json\/wp\/v2\/categories?post=665041"},{"taxonomy":"post_tag","embeddable":true,"href":"https:\/\/www.europesays.com\/pl\/wp-json\/wp\/v2\/tags?post=665041"}],"curies":[{"name":"wp","href":"https:\/\/api.w.org\/{rel}","templated":true}]}}