{"id":665045,"date":"2026-09-03T17:02:14","date_gmt":"2026-09-03T17:02:14","guid":{"rendered":"https:\/\/www.europesays.com\/pl\/665045\/"},"modified":"2026-09-03T17:02:14","modified_gmt":"2026-09-03T17:02:14","slug":"rakow-czestochowa-gornik-zabrze-relacja-na-zywo","status":"publish","type":"post","link":"https:\/\/www.europesays.com\/pl\/665045\/","title":{"rendered":"Rak\u00f3w Cz\u0119stochowa &#8211; G\u00f3rnik Zabrze [RELACJA NA \u017bYWO]"},"content":{"rendered":"<p>Po katastrofalnym pocz\u0105tku ligowego sezonu Rak\u00f3w nie b\u0119dzie mia\u0142 \u0142atwiej. Terminarz nie sprzyja, a dru\u017cyna, kt\u00f3r\u0105 przej\u0105\u0142 Dawid Szulczek w zaleg\u0142ym spotkaniu zmierzy si\u0119 z G\u00f3rnikiem, kt\u00f3ry w Ekstraklasie nie odpuszcza. <\/p>\n<p>Medaliki odpad\u0142y w fazie play-off Ligi Konferencji z Hajdukiem Split dopiero po dogrywce i podobnie jak Zabrzanie nie zagraj\u0105 w fazie ligowej. G\u00f3rnik mia\u0142 jednak zdecydowanie trudniejszych rywali i nikt nie ma do nich pretensji po pora\u017ckach. Do tego w Ekstraklasie spisuje si\u0119 zdecydowanie lepiej. <\/p>\n<p><a href=\"https:\/\/przegladsportowy.onet.pl\/\" title=\"Strona g\u0142\u00f3wna serwisu\" aria-label=\"Strona g\u0142\u00f3wna serwisu\" data-astro-prefetch=\"tap\" class=\"ods-a-logo-main-desktop\" rel=\"nofollow noopener\" target=\"_blank\"><img src=\"https:\/\/cdn.przegladsportowy.onet.pl\/img\/Logo_desktop_Onet.svg\" class=\"ods-a-logo-main-desktop__image\" alt=\"Logo\" width=\"107\" height=\"60\" fetchpriority=\"high\" decoding=\"sync\" style=\"height:60px\"\/><\/a><\/p>\n<p class=\"ods-m-google-article__text\">Czytaj nas cz\u0119\u015bciej w Google<\/p>\n<p><a href=\"https:\/\/google.com\/preferences\/source?q=przegladsportowy.onet.pl\" target=\"_blank\" rel=\"noopener noreferrer nofollow\" aria-label=\"Dodaj w Google\" title=\"Dodaj w Google\" class=\"ods-a-button ods-a-button__primary ods-a-button__default ods-a-button-l\">Dodaj w Google<\/a><\/p>\n<p>Rak\u00f3w znalaz\u0142 si\u0119 na dnie tabeli po czterech pora\u017ckach z rz\u0119du. W tym samym czasie zesp\u00f3\u0142 Michala Gasparika zgarn\u0105\u0142 9 punkt\u00f3w i przegra\u0142 tylko raz, w ostatniej kolejce z GKS-em Katowice. Czy wicemistrz Polski wr\u00f3ci na zwyci\u0119sk\u0105 \u015bcie\u017ck\u0119 i pogr\u0105\u017cy Medaliki? Zapraszamy na relacj\u0119 na \u017cywo. Pocz\u0105tek 3 wrze\u015bnia o godzinie 18:00.<\/p>\n","protected":false},"excerpt":{"rendered":"Po katastrofalnym pocz\u0105tku ligowego sezonu Rak\u00f3w nie b\u0119dzie mia\u0142 \u0142atwiej. Terminarz nie sprzyja, a dru\u017cyna, kt\u00f3r\u0105 przej\u0105\u0142 Dawid&hellip;\n","protected":false},"author":2,"featured_media":665046,"comment_status":"","ping_status":"","sticky":false,"template":"","format":"standard","meta":{"footnotes":"","_share_on_mastodon":"0"},"categories":[24],"tags":[128289,61195,274,3470,48,46,948,42,38,40,39,41,2562,47,127,126,130],"class_list":["post-665045","post","type-post","status-publish","format-standard","has-post-thumbnail","category-sport","tag-adshield_tst0","tag-bottomfeed_styl","tag-ekstraklasa","tag-gornik_zabrze","tag-nat_styl","tag-omp","tag-pilka_nozna","tag-pl","tag-poland","tag-polish","tag-polska","tag-polski","tag-rakow_czestochowa","tag-screening_general","tag-sport","tag-sports","tag-wiadomosci_sportowe"],"share_on_mastodon":{"url":"","error":""},"_links":{"self":[{"href":"https:\/\/www.europesays.com\/pl\/wp-json\/wp\/v2\/posts\/665045","targetHints":{"allow":["GET"]}}],"collection":[{"href":"https:\/\/www.europesays.com\/pl\/wp-json\/wp\/v2\/posts"}],"about":[{"href":"https:\/\/www.europesays.com\/pl\/wp-json\/wp\/v2\/types\/post"}],"author":[{"embeddable":true,"href":"https:\/\/www.europesays.com\/pl\/wp-json\/wp\/v2\/users\/2"}],"replies":[{"embeddable":true,"href":"https:\/\/www.europesays.com\/pl\/wp-json\/wp\/v2\/comments?post=665045"}],"version-history":[{"count":0,"href":"https:\/\/www.europesays.com\/pl\/wp-json\/wp\/v2\/posts\/665045\/revisions"}],"wp:featuredmedia":[{"embeddable":true,"href":"https:\/\/www.europesays.com\/pl\/wp-json\/wp\/v2\/media\/665046"}],"wp:attachment":[{"href":"https:\/\/www.europesays.com\/pl\/wp-json\/wp\/v2\/media?parent=665045"}],"wp:term":[{"taxonomy":"category","embeddable":true,"href":"https:\/\/www.europesays.com\/pl\/wp-json\/wp\/v2\/categories?post=665045"},{"taxonomy":"post_tag","embeddable":true,"href":"https:\/\/www.europesays.com\/pl\/wp-json\/wp\/v2\/tags?post=665045"}],"curies":[{"name":"wp","href":"https:\/\/api.w.org\/{rel}","templated":true}]}}