{"id":665047,"date":"2026-09-03T17:03:19","date_gmt":"2026-09-03T17:03:19","guid":{"rendered":"https:\/\/www.europesays.com\/pl\/665047\/"},"modified":"2026-09-03T17:03:19","modified_gmt":"2026-09-03T17:03:19","slug":"anna-lewandowska-reaguje-na-plotki-jasniej-sie-nie-da-zadnych-dramatow","status":"publish","type":"post","link":"https:\/\/www.europesays.com\/pl\/665047\/","title":{"rendered":"Anna Lewandowska reaguje na plotki. Ja\u015bniej si\u0119 nie da. &#8222;\u017badnych dramat\u00f3w&#8221;"},"content":{"rendered":"<p>Robert Lewandowski pod koniec czerwca podpisa\u0142 kontrakt z Chicago Fire i w pierwszej po\u0142owie lipca uda\u0142 si\u0119 do Stan\u00f3w Zjednoczonych. Na pocz\u0105tku sierpnia do\u0142\u0105czy\u0142y do niego \u017cona i c\u00f3rki.<\/p>\n<p>Dalszy ci\u0105g artyku\u0142u pod materia\u0142em wideoAnna Lewandowska reaguje na plotki. &#8222;Uk\u0142adamy sobie codzienno\u015b\u0107 w nowym miejscu&#8221;<a href=\"https:\/\/przegladsportowy.onet.pl\/\" title=\"Strona g\u0142\u00f3wna serwisu\" aria-label=\"Strona g\u0142\u00f3wna serwisu\" data-astro-prefetch=\"tap\" class=\"ods-a-logo-main-desktop\" rel=\"nofollow noopener\" target=\"_blank\"><img src=\"https:\/\/cdn.przegladsportowy.onet.pl\/img\/Logo_desktop_Onet.svg\" class=\"ods-a-logo-main-desktop__image\" alt=\"Logo\" width=\"107\" height=\"60\" fetchpriority=\"high\" decoding=\"sync\" style=\"height:60px\"\/><\/a><\/p>\n<p class=\"ods-m-google-article__text\">Czytaj nas cz\u0119\u015bciej w Google<\/p>\n<p><a href=\"https:\/\/google.com\/preferences\/source?q=przegladsportowy.onet.pl\" target=\"_blank\" rel=\"noopener noreferrer nofollow\" aria-label=\"Dodaj w Google\" title=\"Dodaj w Google\" class=\"ods-a-button ods-a-button__primary ods-a-button__default ods-a-button-l\">Dodaj w Google<\/a><\/p>\n<p>Ostatnio jeden z serwis\u00f3w przekaza\u0142, powo\u0142uj\u0105c si\u0119 na anonimowego informatora, \u017ce Lewandowscy nie s\u0105 zadowoleni z tego, \u017ce do tej pory nie uda\u0142o im si\u0119 znale\u017a\u0107 wymarzonego domu w Chicago i \u017ce wci\u0105\u017c mieszkaj\u0105 w hotelu.<\/p>\n<p>Anna Lewandowska nie pozostawi\u0142a tych doniesie\u0144 bez komentarza. &#8222;Nawet nie wiedzia\u0142am, \u017ce robienie np. formy, albo przeprowadzka mog\u0105 budzi\u0107 a\u017c tyle kreatywno\u015bci u \u00bb\u017cyczliwych informator\u00f3w\u00ab&#8221; \u2014 napisa\u0142a bizneswoman z przymru\u017ceniem oka.<\/p>\n<p>&#8222;\u017beby rozwia\u0107 wszelkie w\u0105tpliwo\u015bci: tak, zmiana otoczenia to zawsze spore wyzwanie, zw\u0142aszcza z dzieciakami, ale u nas wszystko w jak najlepszym porz\u0105dku! \u017badnych dramat\u00f3w, po prostu uk\u0142adamy sobie codzienno\u015b\u0107 w nowym miejscu i robimy swoje. Dzi\u0119ki dla was za dystans, u\u015bmiech i niebranie wszystkiego, co w sieci, na powa\u017cnie. Dobrej energii!&#8221; \u2014 oznajmi\u0142a na Instastory. Do swojego wpisu do\u0142\u0105czy\u0142a fragment wypowiedzi informatora.<\/p>\n<p><img class=\"ods-a-photo ods-a-photo--background\" src=\"https:\/\/www.europesays.com\/pl\/wp-content\/uploads\/2026\/09\/axhk9lBaHR0cHM6Ly9vY2RuLmV1L3B1bHNjbXMvTURBXy82NzRlZTdjYjk2ODNkNmRkM2RhZWEzMjg4NTA4ODdhOC5wbmeRkwXNA.jpeg\" height=\"849\" width=\"494\" alt=\"Screen z profilu Anny Lewandowskiej\" loading=\"lazy\" fetchpriority=\"auto\" decoding=\"auto\" url=\"https:\/\/ocdn.eu\/pulscms\/MDA_\/674ee7cb9683d6dd3daea328850887a8.png\" description=\"Screen z profilu Anny Lewandowskiej\" author=\"\" source=\"Instagram\/annalewandowska\" link=\"\"\/><\/p>\n<p>Instagram\/annalewandowska<\/p>\n<p>Screen z profilu Anny Lewandowskiej<\/p>\n<p>Na kolejnym slajdzie Anna Lewandowska pochwali\u0142a si\u0119 widokiem z tarasu w hotelu. &#8222;Zawsze kocham wschody i zachody s\u0142o\u0144ca. Tym razem z nieco innej perspektywy&#8221; \u2014 napisa\u0142a.<\/p>\n<p><img class=\"ods-a-photo ods-a-photo--background\" src=\"https:\/\/www.europesays.com\/pl\/wp-content\/uploads\/2026\/09\/8vXk9lBaHR0cHM6Ly9vY2RuLmV1L3B1bHNjbXMvTURBXy9lM2UzNWRhMGIyNzliM2Q4NGY2OWY5NzdlNDRhNTE5Ni5wbmeRkwXNA.jpeg\" height=\"865\" width=\"481\" alt=\"Screen z profilu Anny Lewandowskiej\" loading=\"lazy\" fetchpriority=\"auto\" decoding=\"auto\" url=\"https:\/\/ocdn.eu\/pulscms\/MDA_\/e3e35da0b279b3d84f69f977e44a5196.png\" description=\"Screen z profilu Anny Lewandowskiej\" author=\"\" source=\"Instagram\/annalewandowska\" link=\"\"\/><\/p>\n<p>Instagram\/annalewandowska<\/p>\n<p>Screen z profilu Anny Lewandowskiej<\/p>\n<p>Wcze\u015bniej z kolei opublikowa\u0142a selfie z m\u0119\u017cem. &#8222;Moje uzale\u017cnienie od acai zawsze b\u0119dzie mi przypomina\u0142o Barcelon\u0119&#8221; \u2014 wyzna\u0142a.<\/p>\n<p><img class=\"ods-a-photo ods-a-photo--background\" src=\"https:\/\/www.europesays.com\/pl\/wp-content\/uploads\/2026\/09\/LPYk9lBaHR0cHM6Ly9vY2RuLmV1L3B1bHNjbXMvTURBXy8zYmNkZWVjYWU4N2EyOGE5NzhlZTAwY2MxMzc2NDczMC5qcGeRkwXNA.jpeg\" height=\"858\" width=\"483\" alt=\"Anna i Robert Lewandowscy\" loading=\"lazy\" fetchpriority=\"auto\" decoding=\"auto\" url=\"https:\/\/ocdn.eu\/pulscms\/MDA_\/3bcdeecae87a28a978ee00cc13764730.jpg\" description=\"Anna i Robert Lewandowscy\" author=\"\" source=\"Instagram\/annalewandowska\" link=\"\"\/><\/p>\n<p>Instagram\/annalewandowska<\/p>\n<p>Anna i Robert Lewandowscy<\/p>\n<p>Opracowanie:Karolina Go\u0142da<\/p>\n<p>Data utworzenia:3 wrze\u015bnia 2026, 16:21<\/p>\n","protected":false},"excerpt":{"rendered":"Robert Lewandowski pod koniec czerwca podpisa\u0142 kontrakt z Chicago Fire i w pierwszej po\u0142owie lipca uda\u0142 si\u0119 do&hellip;\n","protected":false},"author":2,"featured_media":665048,"comment_status":"","ping_status":"","sticky":false,"template":"","format":"standard","meta":{"footnotes":"","_share_on_mastodon":"0"},"categories":[22],"tags":[128289,2576,61195,31027,122,48,129,46,948,42,38,40,39,41,11970,300,123,47,11971,130],"class_list":["post-665047","post","type-post","status-publish","format-standard","has-post-thumbnail","category-rozrywka","tag-adshield_tst0","tag-anna_lewandowska","tag-bottomfeed_styl","tag-chicago_fire","tag-entertainment","tag-nat_styl","tag-ofsajd","tag-omp","tag-pilka_nozna","tag-pl","tag-poland","tag-polish","tag-polska","tag-polski","tag-polskie_wags","tag-robert_lewandowski","tag-rozrywka","tag-screening_general","tag-wags","tag-wiadomosci_sportowe"],"share_on_mastodon":{"url":"https:\/\/pubeurope.com\/@pl\/117208195193080085","error":""},"_links":{"self":[{"href":"https:\/\/www.europesays.com\/pl\/wp-json\/wp\/v2\/posts\/665047","targetHints":{"allow":["GET"]}}],"collection":[{"href":"https:\/\/www.europesays.com\/pl\/wp-json\/wp\/v2\/posts"}],"about":[{"href":"https:\/\/www.europesays.com\/pl\/wp-json\/wp\/v2\/types\/post"}],"author":[{"embeddable":true,"href":"https:\/\/www.europesays.com\/pl\/wp-json\/wp\/v2\/users\/2"}],"replies":[{"embeddable":true,"href":"https:\/\/www.europesays.com\/pl\/wp-json\/wp\/v2\/comments?post=665047"}],"version-history":[{"count":0,"href":"https:\/\/www.europesays.com\/pl\/wp-json\/wp\/v2\/posts\/665047\/revisions"}],"wp:featuredmedia":[{"embeddable":true,"href":"https:\/\/www.europesays.com\/pl\/wp-json\/wp\/v2\/media\/665048"}],"wp:attachment":[{"href":"https:\/\/www.europesays.com\/pl\/wp-json\/wp\/v2\/media?parent=665047"}],"wp:term":[{"taxonomy":"category","embeddable":true,"href":"https:\/\/www.europesays.com\/pl\/wp-json\/wp\/v2\/categories?post=665047"},{"taxonomy":"post_tag","embeddable":true,"href":"https:\/\/www.europesays.com\/pl\/wp-json\/wp\/v2\/tags?post=665047"}],"curies":[{"name":"wp","href":"https:\/\/api.w.org\/{rel}","templated":true}]}}