{"id":665063,"date":"2026-09-03T17:11:18","date_gmt":"2026-09-03T17:11:18","guid":{"rendered":"https:\/\/www.europesays.com\/pl\/665063\/"},"modified":"2026-09-03T17:11:18","modified_gmt":"2026-09-03T17:11:18","slug":"wiecej-etatow-wyzsze-pensje-dino-trzecim-pracodawca-w-polsce","status":"publish","type":"post","link":"https:\/\/www.europesays.com\/pl\/665063\/","title":{"rendered":"Wi\u0119cej etat\u00f3w, wy\u017csze pensje. Dino trzecim pracodawc\u0105 w Polsce"},"content":{"rendered":"<p>Sponsor\u00a0DINO POLSKA S.A.<\/p>\n<p>Zesp\u00f3\u0142 Dino liczy ju\u017c 60 tys. os\u00f3b. W ci\u0105gu ostatnich pi\u0119ciu lat Grupa stworzy\u0142a blisko 31 tys. nowych miejsc pracy, rozwijaj\u0105c sie\u0107 market\u00f3w oraz inwestuj\u0105c w zaplecze logistyczne i produkcj\u0119. Dino jest dzi\u015b trzecim najwi\u0119kszym pracodawc\u0105 w Polsce, a dalszy rozw\u00f3j dzia\u0142alno\u015bci oznacza du\u017ce mo\u017cliwo\u015bci tworzenia kolejnych miejsc pracy.<\/p>\n<p>    <img decoding=\"async\" src=\"https:\/\/www.europesays.com\/pl\/wp-content\/uploads\/2026\/09\/MDg0YjllYiUGUi9ZQxdvMEUKewMFTmFmEhJjSENdf3RXSG9dWUMrLQtVKw8cA2MjFUUpCxscYzQLHzgaBUM7dUhUMBkcACw9SFU0.jpeg\" width=\"1200\" height=\"675\" loading=\"eager\" fetchpriority=\"high\" class=\"wp-media-image\" alt=\" \"\/> <\/p>\n<p>\u0179r\u00f3d\u0142o zdj\u0119\u0107: \u00a9 materia\u0142y partnera<\/p>\n<p>   Udost\u0119pnij na Facebooku    Udost\u0119pnij na X   Udost\u0119pnij na WhatsApp   Kopiuj link <\/p>\n","protected":false},"excerpt":{"rendered":"Sponsor\u00a0DINO POLSKA S.A. Zesp\u00f3\u0142 Dino liczy ju\u017c 60 tys. os\u00f3b. W ci\u0105gu ostatnich pi\u0119ciu lat Grupa stworzy\u0142a blisko&hellip;\n","protected":false},"author":2,"featured_media":665064,"comment_status":"","ping_status":"","sticky":false,"template":"","format":"standard","meta":{"footnotes":"","_share_on_mastodon":"0"},"categories":[52249],"tags":[857,41997,42,38,40,39,41],"class_list":["post-665063","post","type-post","status-publish","format-standard","has-post-thumbnail","category-dino-polska","tag-dino","tag-dino-polska","tag-pl","tag-poland","tag-polish","tag-polska","tag-polski"],"share_on_mastodon":{"url":"https:\/\/pubeurope.com\/@pl\/117208226153772030","error":""},"_links":{"self":[{"href":"https:\/\/www.europesays.com\/pl\/wp-json\/wp\/v2\/posts\/665063","targetHints":{"allow":["GET"]}}],"collection":[{"href":"https:\/\/www.europesays.com\/pl\/wp-json\/wp\/v2\/posts"}],"about":[{"href":"https:\/\/www.europesays.com\/pl\/wp-json\/wp\/v2\/types\/post"}],"author":[{"embeddable":true,"href":"https:\/\/www.europesays.com\/pl\/wp-json\/wp\/v2\/users\/2"}],"replies":[{"embeddable":true,"href":"https:\/\/www.europesays.com\/pl\/wp-json\/wp\/v2\/comments?post=665063"}],"version-history":[{"count":0,"href":"https:\/\/www.europesays.com\/pl\/wp-json\/wp\/v2\/posts\/665063\/revisions"}],"wp:featuredmedia":[{"embeddable":true,"href":"https:\/\/www.europesays.com\/pl\/wp-json\/wp\/v2\/media\/665064"}],"wp:attachment":[{"href":"https:\/\/www.europesays.com\/pl\/wp-json\/wp\/v2\/media?parent=665063"}],"wp:term":[{"taxonomy":"category","embeddable":true,"href":"https:\/\/www.europesays.com\/pl\/wp-json\/wp\/v2\/categories?post=665063"},{"taxonomy":"post_tag","embeddable":true,"href":"https:\/\/www.europesays.com\/pl\/wp-json\/wp\/v2\/tags?post=665063"}],"curies":[{"name":"wp","href":"https:\/\/api.w.org\/{rel}","templated":true}]}}