{"id":665083,"date":"2026-09-03T17:23:09","date_gmt":"2026-09-03T17:23:09","guid":{"rendered":"https:\/\/www.europesays.com\/pl\/665083\/"},"modified":"2026-09-03T17:23:09","modified_gmt":"2026-09-03T17:23:09","slug":"fotogaleria-lodz-wystawa-o-matce-elzbiecie-rozy-czackiej","status":"publish","type":"post","link":"https:\/\/www.europesays.com\/pl\/665083\/","title":{"rendered":"Fotogaleria: \u0141\u00f3d\u017a: wystawa o Matce El\u017cbiecie R\u00f3\u017cy Czackiej"},"content":{"rendered":"<p>        <a href=\"https:\/\/www.niedziela.pl\/zdjecia\/8960\/Lodz-wystawa-o-Matce-Elzbiecie-Rozy-Czackiej\/1\" rel=\"nofollow noopener\" target=\"_blank\"><br \/>\n                <img decoding=\"async\" class=\"img-fluid\" style=\"height: auto;\" src=\"https:\/\/www.europesays.com\/pl\/wp-content\/uploads\/2026\/09\/1788453733.jpg\"\/><\/p>\n<p>                    0 zdj\u0119\u0107<br \/>&#13;<br \/>\n            &#13;<br \/>\n                &#13;<br \/>\n                    &#13;<br \/>\n                    &#13;<br \/>\n                &#13;<br \/>\n            &#13;<br \/>\n            &#13;<br \/>\n            &#13;<br \/>\n            &#13;<br \/>\n            &#13;<\/p>\n<p>        <\/a>        <\/p>\n<p class=\"lead\">Ksi\u0105\u017cki zapisane alfabetem Braille\u2019a, dotykowe gry, szachy i domino, maszyna do pisania, pomoce dydaktyczne dla os\u00f3b niewidomych, a tak\u017ce fotografie i publikacje opowiadaj\u0105ce histori\u0119 niezwyk\u0142ej kobiety, kt\u00f3ra po utracie wzroku po\u015bwi\u0119ci\u0142a \u017cycie innym. W Wojew\u00f3dzkiej Bibliotece Publicznej im. Marsza\u0142ka J\u00f3zefa Pi\u0142sudskiego w \u0141odzi mo\u017cna ogl\u0105da\u0107 wystaw\u0119 \u201eDo moich dzieci du\u017cych i ma\u0142ych\u201d, po\u015bwi\u0119con\u0105 b\u0142. Matce El\u017cbiecie R\u00f3\u017cy Czackiej.<\/p>\n","protected":false},"excerpt":{"rendered":"0 zdj\u0119\u0107&#13; &#13; &#13; &#13; &#13; &#13; &#13; &#13; &#13; &#13; &#13; Ksi\u0105\u017cki zapisane alfabetem Braille\u2019a, dotykowe gry,&hellip;\n","protected":false},"author":2,"featured_media":665084,"comment_status":"","ping_status":"","sticky":false,"template":"","format":"standard","meta":{"footnotes":"","_share_on_mastodon":"0"},"categories":[51608],"tags":[210,6562,2664,23684,9117,2368,64015,64023,31942,64016,11310,64020,54012,13925,64021,64028,9446,13928,64027,3652,12866,4929,64014,3637,3750,64026,64025,42,64017,38,40,39,41,2708,64019,64018,64024,5806,64022,9378,4317,26,2665,50699],"class_list":["post-665083","post","type-post","status-publish","format-standard","has-post-thumbnail","category-lodz","tag-aktualnosci","tag-biblia","tag-bog","tag-boze-narodzenie","tag-chrzescijanstwo","tag-czestochowa","tag-dokumenty-papieskie","tag-duchowosc","tag-duszpasterstwo","tag-encykliki","tag-episkopat","tag-eucharystia","tag-ewangelia","tag-jan-pawel-ii","tag-jezus-chrystus","tag-kalendarz-liturgiczny","tag-katolicyzm","tag-kosciol-katolicki","tag-liturgia","tag-lodz","tag-maryja","tag-modlitwa","tag-moje-pismo-tecza","tag-msza","tag-niedziela","tag-ojciec-swiety","tag-patroni","tag-pl","tag-poczet-papiezy","tag-poland","tag-polish","tag-polska","tag-polski","tag-religia","tag-rzymsko-katolicki","tag-rzymskokatolicki","tag-swieci","tag-swieta","tag-teologia","tag-tygodnik-katolicki","tag-watykan","tag-wiadomosci","tag-wiara","tag-wielkanoc"],"share_on_mastodon":{"url":"","error":"Validation failed: Text character limit of 500 exceeded"},"_links":{"self":[{"href":"https:\/\/www.europesays.com\/pl\/wp-json\/wp\/v2\/posts\/665083","targetHints":{"allow":["GET"]}}],"collection":[{"href":"https:\/\/www.europesays.com\/pl\/wp-json\/wp\/v2\/posts"}],"about":[{"href":"https:\/\/www.europesays.com\/pl\/wp-json\/wp\/v2\/types\/post"}],"author":[{"embeddable":true,"href":"https:\/\/www.europesays.com\/pl\/wp-json\/wp\/v2\/users\/2"}],"replies":[{"embeddable":true,"href":"https:\/\/www.europesays.com\/pl\/wp-json\/wp\/v2\/comments?post=665083"}],"version-history":[{"count":0,"href":"https:\/\/www.europesays.com\/pl\/wp-json\/wp\/v2\/posts\/665083\/revisions"}],"wp:featuredmedia":[{"embeddable":true,"href":"https:\/\/www.europesays.com\/pl\/wp-json\/wp\/v2\/media\/665084"}],"wp:attachment":[{"href":"https:\/\/www.europesays.com\/pl\/wp-json\/wp\/v2\/media?parent=665083"}],"wp:term":[{"taxonomy":"category","embeddable":true,"href":"https:\/\/www.europesays.com\/pl\/wp-json\/wp\/v2\/categories?post=665083"},{"taxonomy":"post_tag","embeddable":true,"href":"https:\/\/www.europesays.com\/pl\/wp-json\/wp\/v2\/tags?post=665083"}],"curies":[{"name":"wp","href":"https:\/\/api.w.org\/{rel}","templated":true}]}}