{"id":665125,"date":"2026-09-03T17:59:16","date_gmt":"2026-09-03T17:59:16","guid":{"rendered":"https:\/\/www.europesays.com\/pl\/665125\/"},"modified":"2026-09-03T17:59:16","modified_gmt":"2026-09-03T17:59:16","slug":"czekalismy-na-to-osiem-lat-duzy-krok-w-misji-bepicolombo-do-merkurego","status":"publish","type":"post","link":"https:\/\/www.europesays.com\/pl\/665125\/","title":{"rendered":"Czekali\u015bmy na to osiem lat. Du\u017cy krok w misji BepiColombo do Merkurego"},"content":{"rendered":"<p>Misja BepiColombo, prowadzona wsp\u00f3lnie przez ESA i JAXA, wesz\u0142a w decyduj\u0105c\u0105 faz\u0119. Ju\u017c dzisiaj nast\u0105pi oddzielenie kluczowego modu\u0142u transportowego, co otwiera nowy rozdzia\u0142 w badaniach tej niezwykle trudno dost\u0119pnej planety.<\/p>\n<p>    <img decoding=\"async\" src=\"https:\/\/www.europesays.com\/pl\/wp-content\/uploads\/2026\/09\/OGQzMWMyYCYwGDtkYgJtM3NAbz4kW2NlJFh3dWJIfXdhAntgeFYpLj0fPzI9FmEgIw89NjoJYTc9VSwnJFY5dn4eJCQ9FS4-fh8g.jpeg\" width=\"1200\" height=\"675\" loading=\"eager\" fetchpriority=\"high\" class=\"wp-media-image\" alt=\"Sonda BepiColombo\"\/>Sonda BepiColombo<\/p>\n<p>\u0179r\u00f3d\u0142o zdj\u0119\u0107: \u00a9 ESA<\/p>\n<p>  <img loading=\"lazy\" decoding=\"async\" src=\"https:\/\/www.europesays.com\/pl\/wp-content\/uploads\/2026\/09\/1788458356_779_NThjYTQ1YTUJCC9nfkpsIEpQez04E2J2HUhjdn4FfixcWnYyOF0rJg0aNno2QzskCR0peiFdYTUYA3YiYB4qPRsaNTUoHis5Cg89.jpeg\"  alt=\"Rados\u0142aw Kosarzycki\" height=\"40\" width=\"40\" class=\"rounded-full select-none text-[--color-gray-700] bg-[--bg-content] wp-author-avatar\"\/>Skomentuj  Udost\u0119pnij na Facebooku    Udost\u0119pnij na X   Udost\u0119pnij na WhatsApp   Kopiuj link <\/p>\n","protected":false},"excerpt":{"rendered":"Misja BepiColombo, prowadzona wsp\u00f3lnie przez ESA i JAXA, wesz\u0142a w decyduj\u0105c\u0105 faz\u0119. Ju\u017c dzisiaj nast\u0105pi oddzielenie kluczowego modu\u0142u&hellip;\n","protected":false},"author":2,"featured_media":665126,"comment_status":"","ping_status":"","sticky":false,"template":"","format":"standard","meta":{"footnotes":"","_share_on_mastodon":"0"},"categories":[20],"tags":[120,118,119,42,38,40,39,41,116,114,115,121,117],"class_list":["post-665125","post","type-post","status-publish","format-standard","has-post-thumbnail","category-nauka-i-technika","tag-nauka","tag-nauka-i-technika","tag-naukatechnika","tag-pl","tag-poland","tag-polish","tag-polska","tag-polski","tag-science","tag-science-and-technology","tag-sciencetechnology","tag-technika","tag-technology"],"share_on_mastodon":{"url":"https:\/\/pubeurope.com\/@pl\/117208414240674164","error":""},"_links":{"self":[{"href":"https:\/\/www.europesays.com\/pl\/wp-json\/wp\/v2\/posts\/665125","targetHints":{"allow":["GET"]}}],"collection":[{"href":"https:\/\/www.europesays.com\/pl\/wp-json\/wp\/v2\/posts"}],"about":[{"href":"https:\/\/www.europesays.com\/pl\/wp-json\/wp\/v2\/types\/post"}],"author":[{"embeddable":true,"href":"https:\/\/www.europesays.com\/pl\/wp-json\/wp\/v2\/users\/2"}],"replies":[{"embeddable":true,"href":"https:\/\/www.europesays.com\/pl\/wp-json\/wp\/v2\/comments?post=665125"}],"version-history":[{"count":0,"href":"https:\/\/www.europesays.com\/pl\/wp-json\/wp\/v2\/posts\/665125\/revisions"}],"wp:featuredmedia":[{"embeddable":true,"href":"https:\/\/www.europesays.com\/pl\/wp-json\/wp\/v2\/media\/665126"}],"wp:attachment":[{"href":"https:\/\/www.europesays.com\/pl\/wp-json\/wp\/v2\/media?parent=665125"}],"wp:term":[{"taxonomy":"category","embeddable":true,"href":"https:\/\/www.europesays.com\/pl\/wp-json\/wp\/v2\/categories?post=665125"},{"taxonomy":"post_tag","embeddable":true,"href":"https:\/\/www.europesays.com\/pl\/wp-json\/wp\/v2\/tags?post=665125"}],"curies":[{"name":"wp","href":"https:\/\/api.w.org\/{rel}","templated":true}]}}