{"id":665159,"date":"2026-09-03T18:33:15","date_gmt":"2026-09-03T18:33:15","guid":{"rendered":"https:\/\/www.europesays.com\/pl\/665159\/"},"modified":"2026-09-03T18:33:15","modified_gmt":"2026-09-03T18:33:15","slug":"za-cene-jednej-kawy-na-miescie-kupisz-cala-paczke-promocja-wlasnie-ruszyla","status":"publish","type":"post","link":"https:\/\/www.europesays.com\/pl\/665159\/","title":{"rendered":"Za cen\u0119 jednej kawy na mie\u015bcie kupisz ca\u0142\u0105 paczk\u0119. Promocja w\u0142a\u015bnie ruszy\u0142a"},"content":{"rendered":"<p><img   title=\"W nowej gazetce Dino du\u017co ciekawych promocji\" alt=\"Dino\" decoding=\"async\" fetchpriority=\"high\" height=\"637\" src=\"https:\/\/www.europesays.com\/pl\/wp-content\/uploads\/2026\/09\/1788460393_628_main-l_l.webp\" width=\"850\"\/>W nowej gazetce Dino du\u017co ciekawych promocji, fot. MOZCO Mat Szyma\u0144ski<\/p>\n<p class=\"lead\">Dla wielu os\u00f3b poranek bez kawy po prostu si\u0119 nie zaczyna \u2014 nic wi\u0119c dziwnego, \u017ce okazje na wi\u0119ksze opakowania potrafi\u0105 przyci\u0105gn\u0105\u0107 wzrok w sekund\u0119. Tym razem w gazetce Dino pojawi\u0142a si\u0119 promocja na dobrze znan\u0105 kaw\u0119 mielon\u0105, kt\u00f3ra mo\u017ce zaskoczy\u0107 nawet sta\u0142ych bywalc\u00f3w sklepu. Paczk\u0119 250 g da si\u0119 zgarn\u0105\u0107 za kwot\u0119 ni\u017csz\u0105 ni\u017c jedna latte wypita na mie\u015bcie. Brzmi zbyt dobrze? Sprawd\u017a, na jakich zasadach dzia\u0142a ta oferta i co zrobi\u0107, \u017ceby zap\u0142aci\u0107 mniej.<\/p>\n<p><a href=\"#duze-opakowanie-kawy-w-cenie-latte-na-miescie-ukryty-hit-w-gazetce-dino_fg-1\">Kawa Eduscho w Dino: promocja na mielon\u0105<\/a><a href=\"#duze-opakowanie-kawy-w-cenie-latte-na-miescie-ukryty-hit-w-gazetce-dino_fg-2\">Kawa Eduscho taniej w Dino do 8 wrze\u015bnia<\/a><a href=\"#duze-opakowanie-kawy-w-cenie-latte-na-miescie-ukryty-hit-w-gazetce-dino_fg-3\">Inne hity w gazetce Dino do 8 wrze\u015bnia<\/a>Kawa Eduscho w Dino: promocja na mielon\u0105<\/p>\n<p>Kawa mielona Eduscho Family Classic Coffee to opcja dla tych, kt\u00f3rzy stawiaj\u0105 na wygod\u0119 i chc\u0105 bez zw\u0142oki przygotowa\u0107 pachn\u0105cy nap\u00f3j o poranku. Nie trzeba mie\u0107 m\u0142ynka \u2014 ziarna s\u0105 ju\u017c zmielone, wi\u0119c po otwarciu paczki wystarczy wsypa\u0107 odpowiedni\u0105 ilo\u015b\u0107 i zaparzy\u0107 kaw\u0119 tak, jak lubisz najbardziej. W\u0142a\u015bnie ten produkt jest teraz dost\u0119pny w promocyjnej cenie w Dino.<\/p>\n<p>Paczk\u0119 250 g \u0142atwo dopasowa\u0107 do codziennego rytmu: to porcja dobra dla os\u00f3b pij\u0105cych kaw\u0119 regularnie, a jednocze\u015bnie bez konieczno\u015bci robienia du\u017cych zapas\u00f3w. Taki format sprawdza si\u0119 w popularnych sposobach parzenia \u2014 mo\u017cna u\u017cy\u0107 jej w ekspresie przelewowym, w kawiarce, a tak\u017ce przygotowa\u0107 po prostu w kubku metod\u0105 tradycyjn\u0105. To wygodne rozwi\u0105zanie, gdy zale\u017cy Ci na czasie i nie chcesz codziennie zajmowa\u0107 si\u0119 mieleniem ziaren.<\/p>\n<p>Eduscho Family Classic Coffee mo\u017ce przypa\u015b\u0107 do gustu fanom klasycznych, wyrazistych smak\u00f3w. Ma intensywniejszy charakter, dlatego dobrze sprawdza si\u0119 wtedy, gdy oczekujesz mocniejszego aromatu i \u201ekawowego\u201d profilu. Mo\u017cesz pi\u0107 j\u0105 jako czarn\u0105 kaw\u0119 albo potraktowa\u0107 jako baz\u0119 do wersji z mlekiem \u2014 od delikatnego latte po bardziej kremowe napoje.<\/p>\n<p><img alt=\"Dino - gazetka\"   title=\"Popularne kawy w obni\u017conej cenie\" class=\"hyb-mi\" decoding=\"async\" height=\"637\" loading=\"lazy\" src=\"https:\/\/www.europesays.com\/pl\/wp-content\/uploads\/2026\/09\/tmp_dm5i8r8-l_l.webp\" width=\"850\"\/>Popularne kawy w obni\u017conej cenie, fot. Opracowanie w\u0142asne na podstawie gazetki Dino z dnia 02-08.09Kawa Eduscho taniej w Dino do 8 wrze\u015bnia<\/p>\n<p>Najmocniejszym argumentem, by przyjrze\u0107 si\u0119 tej promocji, jest oczywi\u015bcie cena. Tylko 14,99 z\u0142 za opakowanie kawy Eduscho Family Classic Coffee 250 g to opcja, kt\u00f3ra mo\u017ce szczeg\u00f3lnie zainteresowa\u0107 osoby regularnie si\u0119gaj\u0105ce po kaw\u0119 mielon\u0105. Niewielkim kosztem da si\u0119 uzupe\u0142ni\u0107 domowe zapasy i mie\u0107 pod r\u0119k\u0105 co\u015b, co przydaje si\u0119 ka\u017cdego dnia \u2014 zw\u0142aszcza \u017ce standardowo ten produkt kosztuje 17,99 z\u0142.<\/p>\n<p>To oferta na kr\u00f3tko: promocja w Dino trwa od 2 do 8 wrze\u015bnia.<\/p>\n<p><img alt=\"Dino - gazetka\"   title=\"W promocji m.in. kawa ziarnista i mas\u0142o\" class=\"hyb-mi\" decoding=\"async\" height=\"637\" loading=\"lazy\" src=\"https:\/\/www.europesays.com\/pl\/wp-content\/uploads\/2026\/09\/tmp9b8hbp0t-l_l.webp\" width=\"850\"\/>W promocji m.in. kawa ziarnista i mas\u0142o, fot. Opracowanie w\u0142asne na podstawie gazetki Dino z dnia 02-08.09Inne hity w gazetce Dino do 8 wrze\u015bnia<\/p>\n<p>To nie tylko kawa mielona \u2014 Dino dorzuca te\u017c sporo innych mocnych okazji. Zobacz, jakie promocje czekaj\u0105 w najnowszej gazetce i wybierz co\u015b dla siebie.<\/p>\n<p>Najciekawsze promocje w Dino &#8211; gazetka do 8 wrze\u015bniaProduktCena promocyjnaRogal 7Days Max, 2 warianty3+3 gratisPomidor gruntowy, 1 kg2,99 z\u0142 \/ kg (-25%, wcze\u015bniej 3,99 z\u0142 \/ kg)Czekolada Kinder, 100 g5,99 z\u0142 \/ przy zakupie 3 szt.Mus Edward Warchocki, 2 warianty2+2 gratisNap\u00f3j Monte Drink, 200 ml2+1 gratisCukier bia\u0142y, 1 kg1,58 z\u0142 \/ przy zakupie 2 szt.Wszystkie m\u0105kiPrzy zakupie 4 szt. dwa najta\u0144sze po 1 grOg\u00f3rki kanapkowe 670\/360 g1+1 gratisLody na patynku \u015awiderek Koral, 3 rodzaje2+2Wszystkie produkty marki IdealnaDrugi, ta\u0144szy produkt za 1 gr<\/p>\n","protected":false},"excerpt":{"rendered":"W nowej gazetce Dino du\u017co ciekawych promocji, fot. MOZCO Mat Szyma\u0144ski Dla wielu os\u00f3b poranek bez kawy po&hellip;\n","protected":false},"author":2,"featured_media":665160,"comment_status":"","ping_status":"","sticky":false,"template":"","format":"standard","meta":{"footnotes":"","_share_on_mastodon":"0"},"categories":[52249],"tags":[857,41997,42,38,40,39,41],"class_list":["post-665159","post","type-post","status-publish","format-standard","has-post-thumbnail","category-dino-polska","tag-dino","tag-dino-polska","tag-pl","tag-poland","tag-polish","tag-polska","tag-polski"],"share_on_mastodon":{"url":"https:\/\/pubeurope.com\/@pl\/117208548314761462","error":""},"_links":{"self":[{"href":"https:\/\/www.europesays.com\/pl\/wp-json\/wp\/v2\/posts\/665159","targetHints":{"allow":["GET"]}}],"collection":[{"href":"https:\/\/www.europesays.com\/pl\/wp-json\/wp\/v2\/posts"}],"about":[{"href":"https:\/\/www.europesays.com\/pl\/wp-json\/wp\/v2\/types\/post"}],"author":[{"embeddable":true,"href":"https:\/\/www.europesays.com\/pl\/wp-json\/wp\/v2\/users\/2"}],"replies":[{"embeddable":true,"href":"https:\/\/www.europesays.com\/pl\/wp-json\/wp\/v2\/comments?post=665159"}],"version-history":[{"count":0,"href":"https:\/\/www.europesays.com\/pl\/wp-json\/wp\/v2\/posts\/665159\/revisions"}],"wp:featuredmedia":[{"embeddable":true,"href":"https:\/\/www.europesays.com\/pl\/wp-json\/wp\/v2\/media\/665160"}],"wp:attachment":[{"href":"https:\/\/www.europesays.com\/pl\/wp-json\/wp\/v2\/media?parent=665159"}],"wp:term":[{"taxonomy":"category","embeddable":true,"href":"https:\/\/www.europesays.com\/pl\/wp-json\/wp\/v2\/categories?post=665159"},{"taxonomy":"post_tag","embeddable":true,"href":"https:\/\/www.europesays.com\/pl\/wp-json\/wp\/v2\/tags?post=665159"}],"curies":[{"name":"wp","href":"https:\/\/api.w.org\/{rel}","templated":true}]}}