{"id":665169,"date":"2026-09-03T18:39:42","date_gmt":"2026-09-03T18:39:42","guid":{"rendered":"https:\/\/www.europesays.com\/pl\/665169\/"},"modified":"2026-09-03T18:39:42","modified_gmt":"2026-09-03T18:39:42","slug":"tragiczny-wypadek-na-nowotorunskiej-w-bydgoszczy-nie-zyje-36-letni-motocyklista","status":"publish","type":"post","link":"https:\/\/www.europesays.com\/pl\/665169\/","title":{"rendered":"Tragiczny wypadek na Nowotoru\u0144skiej w Bydgoszczy. Nie \u017cyje 36-letni motocyklista"},"content":{"rendered":"<p><a class=\"atomsArticleGalleryImage__mainImgLink\" href=\"https:\/\/bydgoszcz.naszemiasto.pl\/smiertelny-wypadek-na-nowotorunskiej-w-bydgoszczy-nie-zyje-36-letni-motocyklista\/gh\/c1p2-29320367\" title=\"Do wypadku dosz&#x142;o na ul. Nowotoru&#x144;skiej (na wysoko&#x15B;ci stacji Orlen). W zdarzeniu uczestniczy&#x142; bus i motocykl. \" data-ec=\"atomsArticleGalleryImage\" data-event-position-el=\"mainImage\" aria-label=\"Zobacz galeri&#x119;\" rel=\"nofollow noopener\" target=\"_blank\"><img decoding=\"async\" loading=\"eager\" fetchpriority=\"high\" class=\"atomsArticleGalleryImage__mainImg\" src=\"https:\/\/www.europesays.com\/pl\/wp-content\/uploads\/2026\/09\/260903021f_975342235_medium.jpg\" alt=\"Do wypadku dosz&#x142;o na ul. Nowotoru&#x144;skiej (na wysoko&#x15B;ci stacji Orlen). W zdarzeniu uczestniczy&#x142; bus i motocykl. \" width=\"1024\" height=\"768\"\/><\/a><\/p>\n<p>\n        Do wypadku dosz\u0142o na ul. Nowotoru\u0144skiej (na wysoko\u015bci stacji Orlen). W zdarzeniu uczestniczy\u0142 bus i motocykl. <\/p>\n<p>          fot. KMP w Bydgoszczy\n        <\/p>\n<p>Wypadek na ulicy Nowotoru\u0144skiej w Bydgoszczy. W czwartek (3 wrze\u015bnia) na wysoko\u015bci stacji Orlen dosz\u0142o do zderzenia z udzia\u0142em busa i motocykla. Powa\u017cnych obra\u017ce\u0144 dozna\u0142 motocyklista, kt\u00f3rego trzeba by\u0142o reanimowa\u0107. Niestety jego \u017cycia nie uda\u0142o si\u0119 uratowa\u0107. <\/p>\n","protected":false},"excerpt":{"rendered":"Do wypadku dosz\u0142o na ul. Nowotoru\u0144skiej (na wysoko\u015bci stacji Orlen). W zdarzeniu uczestniczy\u0142 bus i motocykl. fot. KMP&hellip;\n","protected":false},"author":2,"featured_media":665170,"comment_status":"","ping_status":"","sticky":false,"template":"","format":"standard","meta":{"footnotes":"","_share_on_mastodon":"0"},"categories":[51613],"tags":[7132,42,38,40,39,41,2588,129280],"class_list":["post-665169","post","type-post","status-publish","format-standard","has-post-thumbnail","category-bydgoszcz","tag-bydgoszcz","tag-pl","tag-poland","tag-polish","tag-polska","tag-polski","tag-wypadek","tag-wypadek-bydgoszcz"],"share_on_mastodon":{"url":"https:\/\/pubeurope.com\/@pl\/117208572324383875","error":""},"_links":{"self":[{"href":"https:\/\/www.europesays.com\/pl\/wp-json\/wp\/v2\/posts\/665169","targetHints":{"allow":["GET"]}}],"collection":[{"href":"https:\/\/www.europesays.com\/pl\/wp-json\/wp\/v2\/posts"}],"about":[{"href":"https:\/\/www.europesays.com\/pl\/wp-json\/wp\/v2\/types\/post"}],"author":[{"embeddable":true,"href":"https:\/\/www.europesays.com\/pl\/wp-json\/wp\/v2\/users\/2"}],"replies":[{"embeddable":true,"href":"https:\/\/www.europesays.com\/pl\/wp-json\/wp\/v2\/comments?post=665169"}],"version-history":[{"count":0,"href":"https:\/\/www.europesays.com\/pl\/wp-json\/wp\/v2\/posts\/665169\/revisions"}],"wp:featuredmedia":[{"embeddable":true,"href":"https:\/\/www.europesays.com\/pl\/wp-json\/wp\/v2\/media\/665170"}],"wp:attachment":[{"href":"https:\/\/www.europesays.com\/pl\/wp-json\/wp\/v2\/media?parent=665169"}],"wp:term":[{"taxonomy":"category","embeddable":true,"href":"https:\/\/www.europesays.com\/pl\/wp-json\/wp\/v2\/categories?post=665169"},{"taxonomy":"post_tag","embeddable":true,"href":"https:\/\/www.europesays.com\/pl\/wp-json\/wp\/v2\/tags?post=665169"}],"curies":[{"name":"wp","href":"https:\/\/api.w.org\/{rel}","templated":true}]}}