{"id":665171,"date":"2026-09-03T18:40:14","date_gmt":"2026-09-03T18:40:14","guid":{"rendered":"https:\/\/www.europesays.com\/pl\/665171\/"},"modified":"2026-09-03T18:40:14","modified_gmt":"2026-09-03T18:40:14","slug":"lublin-miasto-zakonczylo-duza-inwestycje-pochlonela-35-milionow-zlotych-zdjecia","status":"publish","type":"post","link":"https:\/\/www.europesays.com\/pl\/665171\/","title":{"rendered":"Lublin. Miasto zako\u0144czy\u0142o du\u017c\u0105 inwestycj\u0119. Poch\u0142on\u0119\u0142a 35 milion\u00f3w z\u0142otych (ZDJ\u0118CIA)"},"content":{"rendered":"<p align=\"left\">W Lublinie ostatnio sporo si\u0119 dzieje, trwa m.in. przebudowa al. Unii Lubelskiej czy ul. Janowskiej.\u00a0<\/p>\n<p align=\"left\">Nie brakuje te\u017c inwestycji mieszkaniowych. Przy ul. Kr\u00f3lowej Bony na Felinie powsta\u0142y trzy budynki mieszkalne\u00a0przy numerach 2, 4 i 6. \u0141\u0105cznie znajduje si\u0119 w nich\u00a0121 mieszka\u0144 o powierzchni przesz\u0142o 5,2 tys. m\u00b2. Najmniejsze lokale maj\u0105 oko\u0142o 26 m\u00b2, a najwi\u0119ksze oko\u0142o 63 m\u00b2. W budynku przy ul. Kr\u00f3lowej Bony 2 powsta\u0142o 45 mieszka\u0144, przy ul. Kr\u00f3lowej Bony 4 \u2013 44 mieszkania, a pod adresem ul. Kr\u00f3lowej Bony 6 \u2013 32 mieszkania.\u00a0<\/p>\n<p align=\"left\">Wszystkie lokale zosta\u0142y wyko\u0144czone w standardzie\u00a0umo\u017cliwiaj\u0105cym ich szybkie zamieszkanie. Mieszkania wyposa\u017cono m.in. w kuchenki elektryczne z piekarnikiem, zlewozmywaki, bia\u0142y monta\u017c w \u0142azienkach, drzwi wewn\u0119trzne oraz wyk\u0142adziny. Ka\u017cde mieszkanie posiada przestronny balkon od strony po\u0142udniowej oraz przypisan\u0105 kom\u00f3rk\u0119 lokatorsk\u0105.<\/p>\n<p align=\"left\">Mieszkania przystosowane dla os\u00f3b z niepe\u0142nosprawno\u015bciami<\/p>\n<p align=\"left\">Istotnym elementem inwestycji jest\u00a0dostosowanie jej do potrzeb os\u00f3b z niepe\u0142nosprawno\u015bciami i os\u00f3b o ograniczonej mobilno\u015bci. W ka\u017cdym z trzech budynk\u00f3w znajduj\u0105 si\u0119 mieszkania w pe\u0142ni przystosowane do potrzeb os\u00f3b z niepe\u0142nosprawno\u015bciami.<\/p>\n<p align=\"left\">&#8211; \u0141\u0105cznie przygotowano 10 takich lokali: cztery w budynku przy ul. Kr\u00f3lowej Bony 2, cztery przy ul. Kr\u00f3lowej Bony 4 oraz dwa przy ul. Kr\u00f3lowej Bony 6. Mieszkania te zlokalizowane s\u0105 na parterach. W budynkach zastosowano r\u00f3wnie\u017c m.in. szerokie drzwi i ci\u0105gi komunikacyjne, bezprogowe wej\u015bcia oraz windy. R\u00f3wnie\u017c teren wok\u00f3\u0142 budynk\u00f3w zosta\u0142 zaprojektowany z uwzgl\u0119dnieniem zasad dost\u0119pno\u015bci i bez barier architektonicznych &#8211; informuje miasto.\u00a0<\/p>\n<p align=\"left\">Inwestycja z dofinansowaniem<\/p>\n<p align=\"left\">\u0141\u0105czny koszt inwestycji wyni\u00f3s\u0142 oko\u0142o\u00a035 mln z\u0142, z czego 80 proc. stanowi\u0142o dofinansowanie z Funduszu Dop\u0142at Banku Gospodarstwa Krajowego. Pozyskane \u015brodki zewn\u0119trzne pozwoli\u0142y gminie Lublin na realizacj\u0119 inwestycji odpowiadaj\u0105cej na potrzeby lokalnej spo\u0142eczno\u015bci.<\/p>\n<p align=\"left\">Obecnie\u00a0trwa procedura administracyjna zwi\u0105zana z przydzia\u0142em mieszka\u0144. Prowadzone jest podpisywanie um\u00f3w najmu oraz przygotowania do przekazywania mieszka\u0144com kluczy. Przy zasiedlaniu budynk\u00f3w przy ul. Kr\u00f3lowej Bony przyj\u0119to zasad\u0119, \u017ce 50% mieszka\u0144 przeznaczonych zosta\u0142o na zamiany mieszka\u0144, za\u015b druga pula na realizacj\u0119 wykaz\u00f3w os\u00f3b zakwalifikowanych do otrzymania mieszkania z zasobu miasta oraz na wykwaterowania inwestycyjne i z lokali wy\u0142\u0105czonych z u\u017cytkowania z uwagi na z\u0142y stan techniczny.\u00a0<\/p>\n","protected":false},"excerpt":{"rendered":"W Lublinie ostatnio sporo si\u0119 dzieje, trwa m.in. przebudowa al. Unii Lubelskiej czy ul. Janowskiej.\u00a0 Nie brakuje te\u017c&hellip;\n","protected":false},"author":2,"featured_media":665172,"comment_status":"","ping_status":"","sticky":false,"template":"","format":"standard","meta":{"footnotes":"","_share_on_mastodon":"0"},"categories":[51612],"tags":[69508,52232,1081,42,38,40,39,41],"class_list":["post-665171","post","type-post","status-publish","format-standard","has-post-thumbnail","category-lublin","tag-felin","tag-inwestycje-lublin","tag-lublin","tag-pl","tag-poland","tag-polish","tag-polska","tag-polski"],"share_on_mastodon":{"url":"https:\/\/pubeurope.com\/@pl\/117208575113941292","error":""},"_links":{"self":[{"href":"https:\/\/www.europesays.com\/pl\/wp-json\/wp\/v2\/posts\/665171","targetHints":{"allow":["GET"]}}],"collection":[{"href":"https:\/\/www.europesays.com\/pl\/wp-json\/wp\/v2\/posts"}],"about":[{"href":"https:\/\/www.europesays.com\/pl\/wp-json\/wp\/v2\/types\/post"}],"author":[{"embeddable":true,"href":"https:\/\/www.europesays.com\/pl\/wp-json\/wp\/v2\/users\/2"}],"replies":[{"embeddable":true,"href":"https:\/\/www.europesays.com\/pl\/wp-json\/wp\/v2\/comments?post=665171"}],"version-history":[{"count":0,"href":"https:\/\/www.europesays.com\/pl\/wp-json\/wp\/v2\/posts\/665171\/revisions"}],"wp:featuredmedia":[{"embeddable":true,"href":"https:\/\/www.europesays.com\/pl\/wp-json\/wp\/v2\/media\/665172"}],"wp:attachment":[{"href":"https:\/\/www.europesays.com\/pl\/wp-json\/wp\/v2\/media?parent=665171"}],"wp:term":[{"taxonomy":"category","embeddable":true,"href":"https:\/\/www.europesays.com\/pl\/wp-json\/wp\/v2\/categories?post=665171"},{"taxonomy":"post_tag","embeddable":true,"href":"https:\/\/www.europesays.com\/pl\/wp-json\/wp\/v2\/tags?post=665171"}],"curies":[{"name":"wp","href":"https:\/\/api.w.org\/{rel}","templated":true}]}}