{"id":665175,"date":"2026-09-03T18:42:12","date_gmt":"2026-09-03T18:42:12","guid":{"rendered":"https:\/\/www.europesays.com\/pl\/665175\/"},"modified":"2026-09-03T18:42:12","modified_gmt":"2026-09-03T18:42:12","slug":"kolejny-wypadek-na-torach-tir-wjechal-pod-pociag-pkp-intercity-w-gdansku","status":"publish","type":"post","link":"https:\/\/www.europesays.com\/pl\/665175\/","title":{"rendered":"Kolejny wypadek na torach. TIR wjecha\u0142 pod poci\u0105g PKP Intercity w Gda\u0144sku"},"content":{"rendered":"<p>Kolejny kierowca TIR-a spanikowa\u0142 na przeje\u017adzie kolejowo-drogowym i doprowadzi\u0142 do zderzenia z poci\u0105giem PKP Intercity. W wypadku na szcz\u0119\u015bcie nikt nie zgin\u0105\u0142, ale magistrala z Tr\u00f3jmiasta do Warszawy oraz Bydgoszczy i Poznania jest zablokowana. <\/p>\n<p>Kolejny dzie\u0144 i kolejny wypadek na przeje\u017adzie kolejowym z udzia\u0142em poci\u0105gu pasa\u017cerskiego i TIR-a. Tym razem w Gda\u0144sku, oko\u0142o 13:20 dosz\u0142o do powa\u017cnego wypadku z udzia\u0142em poci\u0105gu PKP Intercity Bachus, jad\u0105cego z Gdyni do Zielonej G\u00f3ry, kiedy to kierowca TIR-a wjecha\u0142 na przejazd kolejowy i zatrzyma\u0142 si\u0119 na nim gdy rogatki zacz\u0119\u0142y si\u0119 zamyka\u0107. Nast\u0119pnie, zamiast po prostu wy\u0142ama\u0107 rogatk\u0119, TIR zacz\u0105\u0142 manewry na przeje\u017adzie, w czasie to kt\u00f3rych spokojnie zd\u0105\u017cy\u0142by zjecha\u0107 z przejazdu, co pozwoli\u0142oby unikn\u0105\u0107 zderzenia z poci\u0105giem. Na filmie do\u0142\u0105czonym do wpisu wiceministra infrastruktury Piotra Malepszaka wyra\u017anie wida\u0107, \u017ce poci\u0105g PKP Intercity hamowa\u0142 awaryjnie i uderzy\u0142 w naczep\u0119 ci\u0119\u017car\u00f3wki z niezbyt du\u017c\u0105 pr\u0119dko\u015bci\u0105 (to istotne, bowiem w tym miejscu poci\u0105gi mog\u0105 kursowa\u0107 160 km\/h a tu\u017c za tym miejscem zaczyna si\u0119 odcinek z pr\u0119dko\u015bci\u0105 200 km\/h\u2026)<\/p>\n<p lang=\"pl\" dir=\"ltr\">Kolejny z prawem jazdy za czapk\u0119 gruszek kierowca TIRa zlekcewa\u017cy\u0142 sygnalizacj\u0119 informuj\u0105c\u0105 o zbli\u017ceniu si\u0119 poci\u0105gu i spanikowa\u0142 zatrzymuj\u0105c si\u0119 przed rogatk\u0105 na przeje\u017adzie kolejowym. Brak s\u0142\u00f3w na skrajn\u0105 bezmy\u015blno\u015b\u0107 w tym przypadku. Na linii kolejowej z Tczewa do Gda\u0144ska\u2026 <a href=\"https:\/\/t.co\/8MsEdt0P3c\" rel=\"nofollow\">pic.twitter.com\/8MsEdt0P3c<\/a><\/p>\n<p>\u2014 Piotr Malepszak (@PiotrMalepszak) <a href=\"https:\/\/x.com\/PiotrMalepszak\/status\/2095501212208517557?ref_src=twsrc%5Etfw\" rel=\"nofollow\">September 3, 2026<\/a><\/p>\n<p>Jak poda\u0142 wiceminister, oby\u0142o si\u0119 bez ofiar, jednak trasa wyjazdowa z Tr\u00f3jmiasta &#8211; w kierunku Warszawy i po\u0142udnia kraju a tak\u017ce Bydgoszczy, Poznania i Wroc\u0142awia b\u0119dzie zablokowana przez najbli\u017csze godziny. PKP PLK szacuje, \u017ce ruch poci\u0105g\u00f3w mi\u0119dzy Pruszczem a Gda\u0144skiem Po\u0142udnie b\u0119dzie wstrzymany co najmniej do godziny 18 &#8211; poci\u0105gi pasa\u017cerskie prowadzone s\u0105 przez lini\u0119 do portu do stacji Gda\u0144sk Olszynka, gdzie nast\u0119puje zmiana czo\u0142a pojazdu i dalej ruch odbywa si\u0119 albo w kierunku Warszawy \/ Bydgoszczy albo Gda\u0144ska.<\/p>\n<p lang=\"pl\" dir=\"ltr\">\ud83d\udce2 Uwaga podr\u00f3\u017cni\u2757 Zmiany w ruchu poci\u0105g\u00f3w na Pomorzu<\/p>\n<p>Oko\u0142o godz. 13:20 na przeje\u017adzie kolejowo-drogowym przy przystanku Gda\u0144sk Lipce samoch\u00f3d dostawczy wjecha\u0142 pod poci\u0105g relacji Gdynia &#8211; Zielona G\u00f3ra.<\/p>\n<p>Ruch poci\u0105g\u00f3w na odcinku Pruszcz Gda\u0144ski &#8211; Gda\u0144sk Po\u0142udniowy zosta\u0142\u2026<\/p>\n<p>\u2014 PLK SA (@PKP_PLK_SA) <a href=\"https:\/\/x.com\/PKP_PLK_SA\/status\/2095496318856687900?ref_src=twsrc%5Etfw\" rel=\"nofollow\">September 3, 2026<\/a><br \/>\n<br \/>\nPoci\u0105g by\u0142 prowadzony z jedn\u0105 z nowszych lokomotyw we flocie PKP Intercity, a wi\u0119c Griffinem 200 o numerze 017 w okleinie Portu Polska. <br \/><script async src=\"https:\/\/platform.twitter.com\/widgets.js\" charset=\"utf-8\"><\/script><\/p>\n","protected":false},"excerpt":{"rendered":"Kolejny kierowca TIR-a spanikowa\u0142 na przeje\u017adzie kolejowo-drogowym i doprowadzi\u0142 do zderzenia z poci\u0105giem PKP Intercity. W wypadku na&hellip;\n","protected":false},"author":2,"featured_media":665176,"comment_status":"","ping_status":"","sticky":false,"template":"","format":"standard","meta":{"footnotes":"","_share_on_mastodon":"0"},"categories":[51610],"tags":[1048,31890,1201,1205,1203,23772,1200,1195,2801,42,38,40,39,41,1202,1204,1206,2588,129281,87018],"class_list":["post-665175","post","type-post","status-publish","format-standard","has-post-thumbnail","category-gdansk","tag-gdansk","tag-griffin-200","tag-intercity","tag-kolej","tag-koleje-mazowieckie","tag-linia-9","tag-pkp","tag-pkp-intercity","tag-pkp-plk","tag-pl","tag-poland","tag-polish","tag-polska","tag-polski","tag-przewozy-regionalne","tag-rozklady-jazdy-pkp","tag-rynek-kolejowy","tag-wypadek","tag-wypadek-na-kolei","tag-wypadek-na-przejezdzie"],"share_on_mastodon":{"url":"https:\/\/pubeurope.com\/@pl\/117208583135697413","error":""},"_links":{"self":[{"href":"https:\/\/www.europesays.com\/pl\/wp-json\/wp\/v2\/posts\/665175","targetHints":{"allow":["GET"]}}],"collection":[{"href":"https:\/\/www.europesays.com\/pl\/wp-json\/wp\/v2\/posts"}],"about":[{"href":"https:\/\/www.europesays.com\/pl\/wp-json\/wp\/v2\/types\/post"}],"author":[{"embeddable":true,"href":"https:\/\/www.europesays.com\/pl\/wp-json\/wp\/v2\/users\/2"}],"replies":[{"embeddable":true,"href":"https:\/\/www.europesays.com\/pl\/wp-json\/wp\/v2\/comments?post=665175"}],"version-history":[{"count":0,"href":"https:\/\/www.europesays.com\/pl\/wp-json\/wp\/v2\/posts\/665175\/revisions"}],"wp:featuredmedia":[{"embeddable":true,"href":"https:\/\/www.europesays.com\/pl\/wp-json\/wp\/v2\/media\/665176"}],"wp:attachment":[{"href":"https:\/\/www.europesays.com\/pl\/wp-json\/wp\/v2\/media?parent=665175"}],"wp:term":[{"taxonomy":"category","embeddable":true,"href":"https:\/\/www.europesays.com\/pl\/wp-json\/wp\/v2\/categories?post=665175"},{"taxonomy":"post_tag","embeddable":true,"href":"https:\/\/www.europesays.com\/pl\/wp-json\/wp\/v2\/tags?post=665175"}],"curies":[{"name":"wp","href":"https:\/\/api.w.org\/{rel}","templated":true}]}}