{"id":665193,"date":"2026-09-03T18:51:11","date_gmt":"2026-09-03T18:51:11","guid":{"rendered":"https:\/\/www.europesays.com\/pl\/665193\/"},"modified":"2026-09-03T18:51:11","modified_gmt":"2026-09-03T18:51:11","slug":"05-alarm-w-rakowie-czestochowa-tego-w-ekstraklasie-jeszcze-nie-bylo","status":"publish","type":"post","link":"https:\/\/www.europesays.com\/pl\/665193\/","title":{"rendered":"0:5. Alarm w Rakowie Cz\u0119stochowa. Tego w Ekstraklasie jeszcze nie by\u0142o"},"content":{"rendered":"<p>Po walce obu dru\u017cyn w eliminacjach europejskich puchar\u00f3w przyszed\u0142 czas nadrobi\u0107 zaleg\u0142o\u015bci. W czwartek rozegrano mecz 5. kolejki Ekstraklasy mi\u0119dzy zespo\u0142ami, kt\u00f3re nie wyst\u0105pi\u0105 w Lidze Konferencji w tym sezonie. Odpad\u0142y jednak w zupe\u0142nie innych okoliczno\u015bciach.<\/p>\n<p>Dalszy ci\u0105g artyku\u0142u pod materia\u0142em wideo<\/p>\n<p>Rak\u00f3w po dogrywce odpad\u0142 z Hajdukiem Split, ale swoj\u0105 postaw\u0105 nie zas\u0142ugiwa\u0142 na awans nawet na tle przeci\u0119tnego rywala. Do tego znajduje si\u0119 na dnie w tabeli Ekstraklasy. Do rywalizacji na swoim stadionie przyst\u0119powa\u0142 z zerowym dorobkiem. Punkt\u00f3w nie uda\u0142o si\u0119 zdoby\u0107 w starciach z Wis\u0142\u0105 P\u0142ock (1:2), \u015al\u0105skiem Wroc\u0142aw (1:2), Cracovi\u0105 (1:2) i Jagielloni\u0105 Bia\u0142ystok (2:5).<\/p>\n<p><a href=\"https:\/\/przegladsportowy.onet.pl\/\" title=\"Strona g\u0142\u00f3wna serwisu\" aria-label=\"Strona g\u0142\u00f3wna serwisu\" data-astro-prefetch=\"tap\" class=\"ods-a-logo-main-desktop\" rel=\"nofollow noopener\" target=\"_blank\"><img src=\"https:\/\/cdn.przegladsportowy.onet.pl\/img\/Logo_desktop_Onet.svg\" class=\"ods-a-logo-main-desktop__image\" alt=\"Logo\" width=\"107\" height=\"60\" fetchpriority=\"high\" decoding=\"sync\" style=\"height:60px\"\/><\/a><\/p>\n<p class=\"ods-m-google-article__text\">Czytaj nas cz\u0119\u015bciej w Google<\/p>\n<p><a href=\"https:\/\/google.com\/preferences\/source?q=przegladsportowy.onet.pl\" target=\"_blank\" rel=\"noopener noreferrer nofollow\" aria-label=\"Dodaj w Google\" title=\"Dodaj w Google\" class=\"ods-a-button ods-a-button__primary ods-a-button__default ods-a-button-l\">Dodaj w Google<\/a>Dramatyczna seria Rakowa Cz\u0119stochowa. G\u00f3rnik Zabrze wiceliderem<\/p>\n<p>W tym samym czasie zesp\u00f3\u0142 Michala Gasparika wywalczy\u0142 9 punkt\u00f3w i przegra\u0142 tylko raz, w ostatniej kolejce z GKS-em Katowice. Fakt, \u017ce Zabrzanie przyje\u017cd\u017caj\u0105 w tygodniu do Cz\u0119stochowy, nie pasowa\u0142 gospodarzom.<\/p>\n<p>W\u0142adze Rakowa zwolni\u0142y Dawida Kroczka, kt\u00f3rego zast\u0105pi\u0142 w czwartek Dawid Szulczek. To jednak rozwi\u0105zanie przej\u015bciowe i m\u00f3wi si\u0119, \u017ce Goncalo Feio jest ju\u017c w Polsce i ma podpisa\u0107 umow\u0119 z Medalikami.<\/p>\n<p>Nawet je\u015bli tak si\u0119 stanie, sytuacja jednokrotnego mistrza Polski jest ju\u017c wyj\u0105tkowo z\u0142a. Na boisku nie by\u0142o wida\u0107 poprawy, G\u00f3rnik udowodni\u0142, \u017ce jest w niez\u0142ej formie i wykorzystuje sytuacje.<\/p>\n<p>Ju\u017c w sz\u00f3stej minucie Rafa\u0142 Janicki zobaczy\u0142, jak ustawiony jest Kacper Trelowski i szybko g\u0142\u00f3wkowa\u0142 do Janisa Antiste. 24-letni snajper musia\u0142 wykorzysta\u0107 t\u0119 sytuacj\u0119 i natychmiast umie\u015bci\u0142 pi\u0142k\u0119 w siatce z bliskiej odleg\u0142o\u015bci.<\/p>\n<p>Medaliki z trudem organizowali ofensywne akcje, kt\u00f3re mia\u0142y odmieni\u0107 sytuacj\u0119 jeszcze w pierwszej po\u0142owie. Wymowne by\u0142o uderzenie Mahira Emreliego z 19. minuty. Napastnik uderzy\u0142 wysoko nad bramk\u0105, a z trybun s\u0142ycha\u0107 by\u0142o tylko j\u0119k zawodu.<\/p>\n<p>Do tego G\u00f3rnik podwy\u017cszy\u0142 prowadzenie na 2:0. To by\u0142 wymarzony dzie\u0144 Janickiego, kt\u00f3rego tym razem obs\u0142u\u017cy\u0142 Erik Jan\u017ca wrzutk\u0105 z rzutu wolnego, a 34-letni defensor tylko tr\u0105ci\u0142 futbol\u00f3wk\u0119. To wystarczy\u0142o, by schodzi\u0142 do szatni z asyst\u0105 i golem.<\/p>\n<p>Szans\u0119 na dublet m\u00f3g\u0142 mie\u0107 Aniste, ale dobrze zachowa\u0142 si\u0119 Trelowski, zabieraj\u0105c pi\u0142k\u0119 spod jego n\u00f3g. Do uderzenia z\u0142o\u017cy\u0142 si\u0119 za to Yvan Ikia Dimi, ale nie trafi\u0142 w bramk\u0119 ze skraju szesnastki.<\/p>\n<p>Zabrzanie przewa\u017cali, a je\u015bli Rak\u00f3w zbiera\u0142 si\u0119 do ataku, ca\u0142a dru\u017cyna \u015bwietnie pracowa\u0142a w defensywie. Do odbioru garn\u0105\u0142 si\u0119 nawet Maksym Ch\u0142a\u0144, zaliczaj\u0105c kilka skutecznych wej\u015b\u0107. W ofensywie swoj\u0105 sytuacj\u0119 mia\u0142 za to Kacper Urba\u0144ski. M\u0142ody pomocnik po strzale z dystansu trafi\u0142 w s\u0142upek, a po b\u0142yskawicznej dobitce Antiste z bliska pi\u0142ka przelecia\u0142a obok bramki.<\/p>\n<p>Dla Rakowa to by\u0142 sygna\u0142 i ostatnie minuty nadziei na odwr\u00f3cenie wyniku. Na 1:2 trafi\u0142 Mahir Emreli. Snajper dobrze zareagowa\u0142 w polu karnym na strza\u0142 g\u0142ow\u0105 Patryka Makucha, po kt\u00f3rym futbol\u00f3wka trafi\u0142a w poprzeczk\u0119. Dobitka okaza\u0142a si\u0119 ju\u017c skuteczna.<\/p>\n<p>Emocje w ko\u0144c\u00f3wce by\u0142y ogromne, ale ostatecznie komplet punkt\u00f3w jedzie do Zabrza. Medaliki przebudzi\u0142y si\u0119 zdecydowanie za p\u00f3\u017ano i wci\u0105\u017c nie maj\u0105 na koncie ani jednego punktu. Do tego w doliczonym czasie gry za faul na Urba\u0144skim czerwon\u0105 kartk\u0119 otrzyma\u0142 Lamine Diaby-Fadiga. Zawodnik Rakowa pocz\u0105tkowo zobaczy\u0142 \u017c\u00f3\u0142ty kartonik, ale decyzja VAR by\u0142a dla niego powa\u017cniejsza. W ostatniej akcji w polu karnym by\u0142 ju\u017c nawet bramkarz gospodarzy, a po strzale Makucha dobrze interweniowa\u0142 Philipp Schulze.<\/p>\n<p>Zesp\u00f3\u0142 z Cz\u0119stochowy traci do przedostatniej Wieczystej Krak\u00f3w trzy punkty, cztery do 16. Wis\u0142y P\u0142ock i 5 &#8222;oczek&#8221; do pierwszego bezpiecznego miejsca, na kt\u00f3rym znajduje si\u0119 Motor Lublin. G\u00f3rnik to od dzi\u015b nowy wicelider Ekstraklasy z 12 punktami na koncie. Tyle samo ma pierwsza Legia Warszawa, kt\u00f3ra rozegra\u0142a komplet sze\u015bciu spotka\u0144.<\/p>\n","protected":false},"excerpt":{"rendered":"Po walce obu dru\u017cyn w eliminacjach europejskich puchar\u00f3w przyszed\u0142 czas nadrobi\u0107 zaleg\u0142o\u015bci. W czwartek rozegrano mecz 5. kolejki&hellip;\n","protected":false},"author":2,"featured_media":665194,"comment_status":"","ping_status":"","sticky":false,"template":"","format":"standard","meta":{"footnotes":"","_share_on_mastodon":"0"},"categories":[24],"tags":[128289,61195,274,3470,48,46,948,42,38,40,39,41,2562,47,127,126,130],"class_list":["post-665193","post","type-post","status-publish","format-standard","has-post-thumbnail","category-sport","tag-adshield_tst0","tag-bottomfeed_styl","tag-ekstraklasa","tag-gornik_zabrze","tag-nat_styl","tag-omp","tag-pilka_nozna","tag-pl","tag-poland","tag-polish","tag-polska","tag-polski","tag-rakow_czestochowa","tag-screening_general","tag-sport","tag-sports","tag-wiadomosci_sportowe"],"share_on_mastodon":{"url":"https:\/\/pubeurope.com\/@pl\/117208619634242423","error":""},"_links":{"self":[{"href":"https:\/\/www.europesays.com\/pl\/wp-json\/wp\/v2\/posts\/665193","targetHints":{"allow":["GET"]}}],"collection":[{"href":"https:\/\/www.europesays.com\/pl\/wp-json\/wp\/v2\/posts"}],"about":[{"href":"https:\/\/www.europesays.com\/pl\/wp-json\/wp\/v2\/types\/post"}],"author":[{"embeddable":true,"href":"https:\/\/www.europesays.com\/pl\/wp-json\/wp\/v2\/users\/2"}],"replies":[{"embeddable":true,"href":"https:\/\/www.europesays.com\/pl\/wp-json\/wp\/v2\/comments?post=665193"}],"version-history":[{"count":0,"href":"https:\/\/www.europesays.com\/pl\/wp-json\/wp\/v2\/posts\/665193\/revisions"}],"wp:featuredmedia":[{"embeddable":true,"href":"https:\/\/www.europesays.com\/pl\/wp-json\/wp\/v2\/media\/665194"}],"wp:attachment":[{"href":"https:\/\/www.europesays.com\/pl\/wp-json\/wp\/v2\/media?parent=665193"}],"wp:term":[{"taxonomy":"category","embeddable":true,"href":"https:\/\/www.europesays.com\/pl\/wp-json\/wp\/v2\/categories?post=665193"},{"taxonomy":"post_tag","embeddable":true,"href":"https:\/\/www.europesays.com\/pl\/wp-json\/wp\/v2\/tags?post=665193"}],"curies":[{"name":"wp","href":"https:\/\/api.w.org\/{rel}","templated":true}]}}