{"id":665229,"date":"2026-09-03T19:14:19","date_gmt":"2026-09-03T19:14:19","guid":{"rendered":"https:\/\/www.europesays.com\/pl\/665229\/"},"modified":"2026-09-03T19:14:19","modified_gmt":"2026-09-03T19:14:19","slug":"wojciechowska-wielicki-i-bielecki-w-ladku-festiwal-gorski-przyciaga-tlumy","status":"publish","type":"post","link":"https:\/\/www.europesays.com\/pl\/665229\/","title":{"rendered":"Wojciechowska, Wielicki i Bielecki w L\u0105dku. Festiwal G\u00f3rski przyci\u0105ga t\u0142umy"},"content":{"rendered":"<p>Festiwal G\u00f3rski im. Andrzeja Zawady w L\u0105dku-Zdroju.<\/p>\n<p>Fot: RW<\/p>\n<p>L\u0105dek-Zdr\u00f3j ponownie sta\u0142 si\u0119 g\u00f3rsk\u0105 stolic\u0105 Polski. Rozpocz\u0105\u0142 si\u0119 31. Festiwal G\u00f3rski im. Andrzeja Zawady, kt\u00f3ry przyci\u0105gnie oko\u0142o 12 tysi\u0119cy uczestnik\u00f3w. W programie znalaz\u0142o si\u0119 a\u017c 510 wydarze\u0144, a w\u015br\u00f3d go\u015bci s\u0105 najwi\u0119ksze nazwiska polskiego i \u015bwiatowego \u015brodowiska g\u00f3rskiego.<\/p>\n<p style=\"text-align: justify;\">L\u0105dek-Zdr\u00f3j ponownie sta\u0142 si\u0119 g\u00f3rsk\u0105 stolic\u0105 Polski. Festiwal G\u00f3rski im. Andrzeja Zawady, to jedno z najwi\u0119kszych i najwa\u017cniejszych wydarze\u0144 tego typu w Europie. W\u015br\u00f3d go\u015bci 31. edycji, kt\u00f3ra potrwa do niedzieli, znalaz\u0142y si\u0119 jedne z najwa\u017cniejszych postaci polskiego i \u015bwiatowego \u015brodowiska g\u00f3rskiego. W festiwalu wezm\u0105 udzia\u0142 m.in. Krzysztof Wielicki, Martyna Wojciechowska, Adam Bielecki, John Porter, Maja W\u0142oszczowska czy Justyna Kowalczyk-Tekieli.<\/p>\n<p style=\"text-align: justify;\">Wci\u0105\u017c jednym z filar\u00f3w wydarzenia jest Festiwal Film\u00f3w G\u00f3rskich z premierami i pokazami konkursowymi. W\u015br\u00f3d setek wydarze\u0144, ka\u017cdy mo\u017ce znale\u017a\u0107 co\u015b dla siebie. Do L\u0105dka wed\u0142ug organizator\u00f3w przyjedzie oko\u0142o 12 tys. uczestnik\u00f3w. Dlaczego wybieraj\u0105 ten festiwal?<\/p>\n<p style=\"text-align: justify;\">\u2013 Najbardziej sobie cenimy wszystkie te prelekcje i tych ludzi, kt\u00f3rzy przyje\u017cd\u017caj\u0105, kt\u00f3rych mo\u017cna zobaczy\u0107, praktycznie dotkn\u0105\u0107 na \u017cywo. Bardzo du\u017co zawsze inspiruj\u0105cych historii mo\u017cna tutaj us\u0142ysze\u0107. <br \/>&#8211; Lubi\u0119 prelekcje, lubi\u0119 poznawa\u0107 g\u00f3ry i wszystko, co z nimi zwi\u0105zane.<\/p>\n<p style=\"text-align: justify;\">\n<p>&#13;<br \/>\n\t\t\t\t\t\t\t\t\t\tAby ods\u0142ucha\u0107 za\u0142\u0105czonego d\u017awi\u0119ku zaktualizuj przegl\u0105dark\u0119 lub\/i wtyczk\u0119 Adobe Flash Player.&#13;\n\t\t\t\t\t\t\t\t\t<\/p>\n<\/p>\n<p style=\"text-align: justify;\">\u00a0<\/p>\n<p>Charytatywny charakter tegorocznej edycji<\/p>\n<p style=\"text-align: justify;\">Uczestnicy mog\u0105 wzi\u0105\u0107 udzia\u0142 w wycieczkach, warsztatach wspinaczkowych, wydarzeniach biegowych, rowerowych i licznych warsztatach pod go\u0142ym niebem. Jak powiedzia\u0142 Radiu Wroc\u0142aw Maciej Soko\u0142owski, dyrektor festiwalu, w programie zaplanowano 510 punkt\u00f3w:<\/p>\n<p style=\"text-align: justify;\">\u2013 Najwi\u0119cej os\u00f3b interesuje si\u0119 spotkaniem z Martyn\u0105 Wojciechowsk\u0105 w pi\u0105tkowy wiecz\u00f3r, gdzie podsumuje 20 lat po Evere\u015bcie. Spotkanie z Ol\u0105 Miros\u0142aw, kt\u00f3ra tutaj ko\u0144czy swoja karier\u0119 sportow\u0105, z Maj\u0105 W\u0142oszczowsk\u0105, ale jednym na przyk\u0142ad z takich spotka\u0144 warsztatowych, jest prelekcja pod tytu\u0142em &#8222;Organizm kobiety w g\u00f3rach&#8221;.<\/p>\n<p style=\"text-align: justify;\">\n<p>&#13;<br \/>\n\t\t\t\t\t\t\t\t\t\tAby ods\u0142ucha\u0107 za\u0142\u0105czonego d\u017awi\u0119ku zaktualizuj przegl\u0105dark\u0119 lub\/i wtyczk\u0119 Adobe Flash Player.&#13;\n\t\t\t\t\t\t\t\t\t<\/p>\n<\/p>\n<p style=\"text-align: justify;\">W L\u0105dku po raz pierwszy odbywa si\u0119 te\u017c towarzysz\u0105cy Bike Festival Glacensis z rowerowymi aktywno\u015bciami, szkoleniami i zawodami. Relacje z festiwalu w Ostrym Kole Radia Wroc\u0142aw w sobot\u0119 od godziny 11:00. Tegoroczna edycja ma r\u00f3wnie\u017c wyj\u0105tkowy wymiar charytatywny. W ramach akcji #IdziemyDlaL\u0105dka do 6 wrze\u015bnia do godz. 18:00 prowadzona jest 96-godzinna transmisja na \u017cywo, podczas kt\u00f3rej zbierane s\u0105 pieni\u0105dze na odbudow\u0119 po powodzi, pomoc mieszka\u0144com i instytucjom.<\/p>\n","protected":false},"excerpt":{"rendered":"Festiwal G\u00f3rski im. Andrzeja Zawady w L\u0105dku-Zdroju. Fot: RW L\u0105dek-Zdr\u00f3j ponownie sta\u0142 si\u0119 g\u00f3rsk\u0105 stolic\u0105 Polski. Rozpocz\u0105\u0142 si\u0119&hellip;\n","protected":false},"author":2,"featured_media":665230,"comment_status":"","ping_status":"","sticky":false,"template":"","format":"standard","meta":{"footnotes":"","_share_on_mastodon":"0"},"categories":[51607],"tags":[129305,6588,115160,51726,129306,42,38,40,39,41,129307,13719,31600,129304,129303,1853],"class_list":["post-665229","post","type-post","status-publish","format-standard","has-post-thumbnail","category-wroclaw","tag-bielecki","tag-festiwal","tag-gorski","tag-i","tag-ladku","tag-pl","tag-poland","tag-polish","tag-polska","tag-polski","tag-przyciaga","tag-tlumy","tag-w","tag-wielicki","tag-wojciechowska","tag-wroclaw"],"share_on_mastodon":{"url":"https:\/\/pubeurope.com\/@pl\/117208709135803300","error":""},"_links":{"self":[{"href":"https:\/\/www.europesays.com\/pl\/wp-json\/wp\/v2\/posts\/665229","targetHints":{"allow":["GET"]}}],"collection":[{"href":"https:\/\/www.europesays.com\/pl\/wp-json\/wp\/v2\/posts"}],"about":[{"href":"https:\/\/www.europesays.com\/pl\/wp-json\/wp\/v2\/types\/post"}],"author":[{"embeddable":true,"href":"https:\/\/www.europesays.com\/pl\/wp-json\/wp\/v2\/users\/2"}],"replies":[{"embeddable":true,"href":"https:\/\/www.europesays.com\/pl\/wp-json\/wp\/v2\/comments?post=665229"}],"version-history":[{"count":0,"href":"https:\/\/www.europesays.com\/pl\/wp-json\/wp\/v2\/posts\/665229\/revisions"}],"wp:featuredmedia":[{"embeddable":true,"href":"https:\/\/www.europesays.com\/pl\/wp-json\/wp\/v2\/media\/665230"}],"wp:attachment":[{"href":"https:\/\/www.europesays.com\/pl\/wp-json\/wp\/v2\/media?parent=665229"}],"wp:term":[{"taxonomy":"category","embeddable":true,"href":"https:\/\/www.europesays.com\/pl\/wp-json\/wp\/v2\/categories?post=665229"},{"taxonomy":"post_tag","embeddable":true,"href":"https:\/\/www.europesays.com\/pl\/wp-json\/wp\/v2\/tags?post=665229"}],"curies":[{"name":"wp","href":"https:\/\/api.w.org\/{rel}","templated":true}]}}