{"id":665263,"date":"2026-09-03T19:34:12","date_gmt":"2026-09-03T19:34:12","guid":{"rendered":"https:\/\/www.europesays.com\/pl\/665263\/"},"modified":"2026-09-03T19:34:12","modified_gmt":"2026-09-03T19:34:12","slug":"lech-poznan-jagiellonia-bialystok-relacja-na-zywo","status":"publish","type":"post","link":"https:\/\/www.europesays.com\/pl\/665263\/","title":{"rendered":"Lech Pozna\u0144 &#8211; Jagiellonia Bia\u0142ystok [RELACJA NA \u017bYWO]"},"content":{"rendered":"<p>Zar\u00f3wno Lech Pozna\u0144, jak i Jagiellonia Bia\u0142ystok wygra\u0142y swoje dwumecze w ostatniej rundzie eliminacji i b\u0119d\u0105 walczy\u0107 w fazie ligowej Ligi Europy. W Ekstraklasie r\u00f3wnie\u017c idzie im bardzo dobrze. Kolejorz w czterech meczach odni\u00f3s\u0142 trzy zwyci\u0119stwa i zanotowa\u0142 jeden remis. Tym samym z 10 pkt na koncie zajmuje trzecie miejsce.<\/p>\n<p>Ekipa Adriana Siemie\u0144ca za\u015b r\u00f3wnie\u017c wygra\u0142a trzy spotkania i ponios\u0142a tylko jedn\u0105 pora\u017ck\u0119. Ma zatem o jeden punkt mniej od czwartkowego rywala, jednak staje przed szans\u0105 na odrobienie tych strat i wskoczenie na ligowej podium. Je\u015bli zwyci\u0119stwo odniesie Lech, to zostanie w\u00f3wczas nowym liderem Ekstraklasy.<\/p>\n<p><a href=\"https:\/\/przegladsportowy.onet.pl\/\" title=\"Strona g\u0142\u00f3wna serwisu\" aria-label=\"Strona g\u0142\u00f3wna serwisu\" data-astro-prefetch=\"tap\" class=\"ods-a-logo-main-desktop\" rel=\"nofollow noopener\" target=\"_blank\"><img src=\"https:\/\/cdn.przegladsportowy.onet.pl\/img\/Logo_desktop_Onet.svg\" class=\"ods-a-logo-main-desktop__image\" alt=\"Logo\" width=\"107\" height=\"60\" fetchpriority=\"high\" decoding=\"sync\" style=\"height:60px\"\/><\/a><\/p>\n<p class=\"ods-m-google-article__text\">Czytaj nas cz\u0119\u015bciej w Google<\/p>\n<p><a href=\"https:\/\/google.com\/preferences\/source?q=przegladsportowy.onet.pl\" target=\"_blank\" rel=\"noopener noreferrer nofollow\" aria-label=\"Dodaj w Google\" title=\"Dodaj w Google\" class=\"ods-a-button ods-a-button__primary ods-a-button__default ods-a-button-l\">Dodaj w Google<\/a><\/p>\n<p>Jak potoczy si\u0119 to spotkanie? Zapraszamy na relacj\u0119 na \u017cywo. Pocz\u0105tek 3 wrze\u015bnia o godzinie 20.30.<\/p>\n","protected":false},"excerpt":{"rendered":"Zar\u00f3wno Lech Pozna\u0144, jak i Jagiellonia Bia\u0142ystok wygra\u0142y swoje dwumecze w ostatniej rundzie eliminacji i b\u0119d\u0105 walczy\u0107 w&hellip;\n","protected":false},"author":2,"featured_media":665264,"comment_status":"","ping_status":"","sticky":false,"template":"","format":"standard","meta":{"footnotes":"","_share_on_mastodon":"0"},"categories":[51614],"tags":[128177,2151,61195,2477,2806,48,46,948,2475,42,38,40,39,41,47,128178],"class_list":["post-665263","post","type-post","status-publish","format-standard","has-post-thumbnail","category-bialystok","tag-adshield_tst2","tag-bialystok","tag-bottomfeed_styl","tag-jagiellonia_bialystok","tag-lech_poznan","tag-nat_styl","tag-omp","tag-pilka_nozna","tag-pko_ekstraklasa","tag-pl","tag-poland","tag-polish","tag-polska","tag-polski","tag-screening_general","tag-wthl_off"],"share_on_mastodon":{"url":"https:\/\/pubeurope.com\/@pl\/117208787713550615","error":""},"_links":{"self":[{"href":"https:\/\/www.europesays.com\/pl\/wp-json\/wp\/v2\/posts\/665263","targetHints":{"allow":["GET"]}}],"collection":[{"href":"https:\/\/www.europesays.com\/pl\/wp-json\/wp\/v2\/posts"}],"about":[{"href":"https:\/\/www.europesays.com\/pl\/wp-json\/wp\/v2\/types\/post"}],"author":[{"embeddable":true,"href":"https:\/\/www.europesays.com\/pl\/wp-json\/wp\/v2\/users\/2"}],"replies":[{"embeddable":true,"href":"https:\/\/www.europesays.com\/pl\/wp-json\/wp\/v2\/comments?post=665263"}],"version-history":[{"count":0,"href":"https:\/\/www.europesays.com\/pl\/wp-json\/wp\/v2\/posts\/665263\/revisions"}],"wp:featuredmedia":[{"embeddable":true,"href":"https:\/\/www.europesays.com\/pl\/wp-json\/wp\/v2\/media\/665264"}],"wp:attachment":[{"href":"https:\/\/www.europesays.com\/pl\/wp-json\/wp\/v2\/media?parent=665263"}],"wp:term":[{"taxonomy":"category","embeddable":true,"href":"https:\/\/www.europesays.com\/pl\/wp-json\/wp\/v2\/categories?post=665263"},{"taxonomy":"post_tag","embeddable":true,"href":"https:\/\/www.europesays.com\/pl\/wp-json\/wp\/v2\/tags?post=665263"}],"curies":[{"name":"wp","href":"https:\/\/api.w.org\/{rel}","templated":true}]}}