{"id":665267,"date":"2026-09-03T19:36:10","date_gmt":"2026-09-03T19:36:10","guid":{"rendered":"https:\/\/www.europesays.com\/pl\/665267\/"},"modified":"2026-09-03T19:36:10","modified_gmt":"2026-09-03T19:36:10","slug":"skandal-na-meczu-legii-w-pucharze-polski-motor-lublin-zada-wyjasnien","status":"publish","type":"post","link":"https:\/\/www.europesays.com\/pl\/665267\/","title":{"rendered":"Skandal na meczu Legii w Pucharze Polski. Motor Lublin \u017c\u0105da wyja\u015bnie\u0144"},"content":{"rendered":"<p class=\"art_paragraph\">We wtorkowym <a href=\"https:\/\/www.sport.pl\/mecz#anchorLink\" rel=\"nofollow noopener\" target=\"_blank\">meczu<\/a> Pucharu Polski <a href=\"https:\/\/www.sport.pl\/motor-lublin#anchorLink\" rel=\"nofollow noopener\" target=\"_blank\">Motor Lublin<\/a> &#8211; Legia Warszawa dosz\u0142o do gigantycznej kontrowersji. W 54. minucie gospodarze zdobyli gola na 3:0, ale\u00a0s\u0119dzia Piotr Lasyk uzna\u0142, \u017ce by\u0142 on nieprawid\u0142owy. Dopatrzy\u0142 si\u0119 przewinienia Karola Czubaka, kt\u00f3ry jego zdaniem faulowa\u0142 bramkarza Legii Otto Hindricha. Powt\u00f3rki pokaza\u0142y jednak, \u017ce arbiter pope\u0142ni\u0142 b\u0142\u0105d w tej sytuacji i bramka powinna zosta\u0107 uznana. &#8211;\u00a0&#8222;S\u0119dzia, kt\u00f3ry to gwizdn\u0105\u0142 do zawieszenia, ale s\u0119dziowie VAR do do\u017cywotniej dyskwalifikacji&#8221; &#8211;<a href=\"https:\/\/www.sport.pl\/pilka\/7,65045,32999855,stanowski-zobaczyl-co-sie-stalo-w-meczu-legii-dozywotnia.html\" class=\"art_link\" rel=\"dofollow noopener\" target=\"_blank\"> stwierdzi\u0142 Krzysztof Stanowski w serwisie X. <\/a>Ostatecznie Motor Lublin i tak wygra\u0142 3:0 i awansowa\u0142 do II rundy Pucharu Polski.\u00a0<\/p>\n<p>\n    Zobacz wideo Giganci chcieli u siebie Marka Citko: Pyta\u0142y o mnie Liverpool, Arsenal, Inter i Milan\n  <\/p>\n<p class=\"art_paragraph\">Dzia\u0142acze Motoru Lublin s\u0105 bardzo niezadowoleni z pracy Piotra Lasyka i zdecydowali si\u0119 napisa\u0107 wezwanie do z\u0142o\u017cenia wyja\u015bnie\u0144 przez Kolegium S\u0119dzi\u00f3w <a href=\"https:\/\/www.sport.pl\/pilka\/7,64946,32992981,kolejny-sponsor-rozstaje-sie-z-pzpn-jest-jedno-ale.html#anchorLink\" rel=\"nofollow noopener\" target=\"_blank\">PZPN<\/a>. Klub przypomnia\u0142 te\u017c, \u017ce w meczu ligowym z Pogoni\u0105 Szczecin rywale zdobyli gola z ewidentnego spalonego.<\/p>\n<p class=\"art_paragraph\">&#8211; Prawid\u0142owo zdobyta bramka nie zosta\u0142a uznana. S\u0119dzia g\u0142\u00f3wny Piotr Lasyk dopatrzy\u0142 si\u0119 faulu na bramkarzu Legii, kt\u00f3rego w rzeczywisto\u015bci nie by\u0142o. Decyzja zosta\u0142a utrzymana, a s\u0119dziowie VAR, Kornel Paszkiewicz i Marcin Boniek, nie zarekomendowali weryfikacji przy monitorze. Sytuacji tej po\u015bwi\u0119camy odr\u0119bn\u0105 cz\u0119\u015b\u0107 naszego pisma, poniewa\u017c dotyczy ona nie tylko oceny zdarzenia boiskowego, ale r\u00f3wnie\u017c sposobu zastosowania procedury weryfikacji wideo. Nie budujemy listy pretensji i \u015bwiadomie pomijamy sytuacje dyskusyjne, w kt\u00f3rych uznajemy, \u017ce ocena s\u0119dziego mie\u015bci\u0142a si\u0119 w <a href=\"https:\/\/wiadomosci.gazeta.pl\/granica#anchorLink\" rel=\"nofollow noopener\" target=\"_blank\">granicach<\/a> interpretacji. Wskazujemy dwa zdarzenia, w kt\u00f3rych w naszym przekonaniu dosz\u0142o do b\u0142\u0119du, maj\u0105cego wp\u0142yw na wynik. W pierwszym z nich potwierdzi\u0142o to samo Kolegium. W drugim czekamy na stanowisko.\u00a0Nie kwestionujemy prawa s\u0119dziego do pope\u0142nienia b\u0142\u0119du w ocenie zdarzenia rozgrywaj\u0105cego si\u0119 w u\u0142amku sekundy. Kwestionujemy sytuacj\u0119, w kt\u00f3rej ca\u0142y system zbudowany po to, aby taki b\u0142\u0105d naprawi\u0107, nie zadzia\u0142a\u0142 w \u017cadnym ze swoich element\u00f3w, a klub nie otrzymuje \u017cadnego wyja\u015bnienia, dlaczego &#8211; czytamy w nim.\u00a0<\/p>\n<p class=\"art_paragraph\">Motor Lublin nie chce, by jego mecze s\u0119dziowa\u0142 Kornel Paszkiewicz.\u00a0<\/p>\n<p class=\"art_paragraph\">&#8211; Wnosimy o wy\u0142\u0105czenie s\u0119dziego Kornela Paszkiewicza z obsad mecz\u00f3w pierwszego zespo\u0142u Motoru Lublin we wszystkich rozgrywkach i we wszystkich rolach, w tym s\u0119dziego g\u0142\u00f3wnego, asystenta, s\u0119dziego technicznego, VAR oraz AVAR &#8211; dodaje klub z Lublina.\u00a0<\/p>\n<p class=\"art_paragraph\">Zobacz tak\u017ce:\u00a0<a href=\"https:\/\/www.sport.pl\/pilka\/7,65045,33003462,kompromitacja-wieczystej-krakow-w-pucharze-polski.html\" class=\"art_link\" rel=\"dofollow noopener\" target=\"_blank\">Kompromitacja Wieczystej Krak\u00f3w w Pucharze Polski! <\/a><\/p>\n<p class=\"art_paragraph\">Ca\u0142e o\u015bwiadczenie w linku poni\u017cej.\u00a0<\/p>\n<p class=\"art_paragraph\">Motor Lublin w sobot\u0119, 5 wrze\u015bnia zagra w PKO BP <a href=\"https:\/\/www.sport.pl\/pilka\/7,65039,32993573,piec-goli-trzy-uznane-kapitalne-otwarcie-soboty-w-ekstraklasie.html#anchorLink\" rel=\"nofollow noopener\" target=\"_blank\">Ekstraklasie<\/a> u siebie z Legi\u0105 Warszawa. Pocz\u0105tek spotkania o godz. 20.15.\u00a0<\/p>\n","protected":false},"excerpt":{"rendered":"We wtorkowym meczu Pucharu Polski Motor Lublin &#8211; Legia Warszawa dosz\u0142o do gigantycznej kontrowersji. W 54. minucie gospodarze&hellip;\n","protected":false},"author":2,"featured_media":665268,"comment_status":"","ping_status":"","sticky":false,"template":"","format":"standard","meta":{"footnotes":"","_share_on_mastodon":"0"},"categories":[51612],"tags":[1081,42,38,40,39,41],"class_list":["post-665267","post","type-post","status-publish","format-standard","has-post-thumbnail","category-lublin","tag-lublin","tag-pl","tag-poland","tag-polish","tag-polska","tag-polski"],"share_on_mastodon":{"url":"https:\/\/pubeurope.com\/@pl\/117208795265347139","error":""},"_links":{"self":[{"href":"https:\/\/www.europesays.com\/pl\/wp-json\/wp\/v2\/posts\/665267","targetHints":{"allow":["GET"]}}],"collection":[{"href":"https:\/\/www.europesays.com\/pl\/wp-json\/wp\/v2\/posts"}],"about":[{"href":"https:\/\/www.europesays.com\/pl\/wp-json\/wp\/v2\/types\/post"}],"author":[{"embeddable":true,"href":"https:\/\/www.europesays.com\/pl\/wp-json\/wp\/v2\/users\/2"}],"replies":[{"embeddable":true,"href":"https:\/\/www.europesays.com\/pl\/wp-json\/wp\/v2\/comments?post=665267"}],"version-history":[{"count":0,"href":"https:\/\/www.europesays.com\/pl\/wp-json\/wp\/v2\/posts\/665267\/revisions"}],"wp:featuredmedia":[{"embeddable":true,"href":"https:\/\/www.europesays.com\/pl\/wp-json\/wp\/v2\/media\/665268"}],"wp:attachment":[{"href":"https:\/\/www.europesays.com\/pl\/wp-json\/wp\/v2\/media?parent=665267"}],"wp:term":[{"taxonomy":"category","embeddable":true,"href":"https:\/\/www.europesays.com\/pl\/wp-json\/wp\/v2\/categories?post=665267"},{"taxonomy":"post_tag","embeddable":true,"href":"https:\/\/www.europesays.com\/pl\/wp-json\/wp\/v2\/tags?post=665267"}],"curies":[{"name":"wp","href":"https:\/\/api.w.org\/{rel}","templated":true}]}}