{"id":665269,"date":"2026-09-03T19:37:08","date_gmt":"2026-09-03T19:37:08","guid":{"rendered":"https:\/\/www.europesays.com\/pl\/665269\/"},"modified":"2026-09-03T19:37:08","modified_gmt":"2026-09-03T19:37:08","slug":"szczecinianin-stanie-przed-zyciowa-szansa-znamy-szczegoly-33-edycji-invest-in-szczecin-open","status":"publish","type":"post","link":"https:\/\/www.europesays.com\/pl\/665269\/","title":{"rendered":"Szczecinianin stanie przed \u017cyciow\u0105 szans\u0105. Znamy szczeg\u00f3\u0142y 33. edycji Invest in Szczecin Open"},"content":{"rendered":"<p>\n                        Organizatorzy przedstawili szczeg\u00f3\u0142y 33. edycji tenisowego turnieju ATP Challenger 125 Invest in Szczecin Open. Tegoroczne zmagania na kortach przy alei Wojska Polskiego potrwaj\u0105 od 14 do 20 wrze\u015bnia. Og\u0142oszono m.in. nazwiska pierwszych zawodnik\u00f3w, kt\u00f3rzy otrzymali dzikie karty, a tak\u017ce zapowiedziano bezp\u0142atny wieczorny festiwal dla mieszka\u0144c\u00f3w.\n                    <\/p>\n<p>Jedna z dzikich kart do turnieju g\u0142\u00f3wnego trafi\u0142a do 19-letniego Kacpra Knittera. Reprezentant SKT Szczecin tenisowo wychowa\u0142 si\u0119 na miejscowych kortach, a od ponad o\u015bmiu lat pracuje z trenerem \u0141ukaszem Markowskim. W tym roku zosta\u0142 wicemistrzem Polski senior\u00f3w i zdobywa pierwsze punkty ATP. W ubieg\u0142ym roku gra\u0142 w szczeci\u0144skich kwalifikacjach, a w zbli\u017caj\u0105cej si\u0119 edycji wyst\u0105pi od razu w drabince g\u0142\u00f3wnej.<\/p>\n<p>Drug\u0105 przepustk\u0119 otrzyma\u0142 Alan Wa\u017cny. Zawodnik, kt\u00f3ry przed rokiem debiutowa\u0142 w Szczecinie, od tego czasu wygra\u0142 juniorski Roland Garros i Wimbledon w deblu w parze z Oskarim Paldaniusem. Dotar\u0142 r\u00f3wnie\u017c do \u0107wier\u0107fina\u0142u singla na trawie w Londynie, zagra\u0142 pierwszy zawodowy fina\u0142 i wykona\u0142 ogromny skok w rankingu ATP.<\/p>\n<p>Jak m\u00f3wi Krzysztof Bobala, dyrektor Invest in Szczecin Open, dzikie karty maj\u0105 znaczenie nie tylko sportowe, a organizatorom zale\u017cy na dawaniu szansy zawodnikom, kt\u00f3rzy swoj\u0105 postaw\u0105 pokazuj\u0105, \u017ce mog\u0105 zrobi\u0107 kolejny krok.<\/p>\n<p>\u00a0<\/p>\n<p>\u2013 Chcemy dawa\u0107 szans\u0119 zawodnikom, kt\u00f3rzy swoj\u0105 postaw\u0105 pokazuj\u0105, \u017ce mog\u0105 zrobi\u0107 kolejny krok. Alan ma za sob\u0105 fantastyczne osi\u0105gni\u0119cia juniorskie i coraz mocniej wchodzi w tenis seniorski. Kacper jest natomiast ch\u0142opakiem wychowanym na tych kortach, wi\u0119c jego wyst\u0119p w turnieju g\u0142\u00f3wnym ma dla nas dodatkowy, bardzo szczeci\u0144ski wymiar. Teraz wszystko b\u0119dzie ju\u017c zale\u017ca\u0142o od nich na korcie. Trzeci\u0105 \u201ddzik\u0105 kart\u0119\u201d pozostawiam sobie do dyspozycji dla np. dla zawodnika, kt\u00f3ry odpadnie z US Open. Wed\u0142ug Bobali, Alan ma za sob\u0105 fantastyczne osi\u0105gni\u0119cia juniorskie i coraz mocniej wchodzi w tenis seniorski, z kolei Kacper jest wychowany na tutejszych kortach, co nadaje jego wyst\u0119powi dodatkowy, szczeci\u0144ski wymiar. Trzeci\u0105 dzik\u0105 kart\u0119 dyrektor turnieju pozostawi\u0142 do swojej dyspozycji, na przyk\u0142ad dla zawodnika, kt\u00f3ry odpadnie z US Open.<\/p>\n<p>Zbli\u017caj\u0105ca si\u0119 33. edycja zbiega si\u0119 z jubileuszem 30-lecia obecno\u015bci szczeci\u0144skiego challengera w strukturach ATP. Zawodnicy b\u0119d\u0105 rywalizowa\u0107 o pul\u0119 nagr\u00f3d wynosz\u0105c\u0105 225 tysi\u0119cy dolar\u00f3w, a zwyci\u0119zca turnieju singlowego otrzyma 125 punkt\u00f3w do rankingu ATP. Krzysztof Bobala przypomnia\u0142, \u017ce trzydzie\u015bci lat w ATP to setki zawodnik\u00f3w i tysi\u0105ce rozegranych mecz\u00f3w, ale turniej stale si\u0119 rozwija &#8211; zgodnie z wymogami ATP zwi\u0119kszono pul\u0119 nagr\u00f3d oraz rozbudowano imprezy towarzysz\u0105ce.<\/p>\n<p>Nowo\u015bci\u0105 tegorocznej edycji b\u0119dzie mocniejsze otwarcie obiektu w godzinach wieczornych w ramach LINIE Tennis Festival. Od 14 do 19 wrze\u015bnia, po zako\u0144czeniu Meczu Dnia oko\u0142o godziny 21:00, scena na kortach zaoferuje darmowe atrakcje. W programie znalaz\u0142y si\u0119 projekcje film\u00f3w &#8222;Challengers&#8221; i &#8222;Wimbledon&#8221;, wyst\u0119p Sceny Impro Szczecin, wiecz\u00f3r z Tomaszem Jachimkiem, koncert Mezo i Libera, a na zako\u0144czenie festiwalu sety DJ-skie: Milkwisha, Mazze oraz Cherry aka BreakNTune.<\/p>\n<p>33. edycja Invest in Szczecin Open odb\u0119dzie si\u0119 w dniach 14-20 wrze\u015bnia 2026 roku na kortach przy al. Wojska Polskiego 127 w Szczecinie. Sprzeda\u017c bilet\u00f3w odbywa si\u0119 za po\u015brednictwem platformy Abilet.<\/p>\n","protected":false},"excerpt":{"rendered":"Organizatorzy przedstawili szczeg\u00f3\u0142y 33. edycji tenisowego turnieju ATP Challenger 125 Invest in Szczecin Open. Tegoroczne zmagania na kortach&hellip;\n","protected":false},"author":2,"featured_media":665270,"comment_status":"","ping_status":"","sticky":false,"template":"","format":"standard","meta":{"footnotes":"","_share_on_mastodon":"0"},"categories":[51611],"tags":[291,1089,3839,3511,261,3840,42,38,40,907,39,41,123,2307,26,1092],"class_list":["post-665269","post","type-post","status-publish","format-standard","has-post-thumbnail","category-szczecin","tag-historia","tag-imprezy","tag-interwencje","tag-inwestycje","tag-kultura","tag-lokale","tag-pl","tag-poland","tag-polish","tag-polityka","tag-polska","tag-polski","tag-rozrywka","tag-szczecin","tag-wiadomosci","tag-wydarzenia"],"share_on_mastodon":{"url":"https:\/\/pubeurope.com\/@pl\/117208800119323093","error":""},"_links":{"self":[{"href":"https:\/\/www.europesays.com\/pl\/wp-json\/wp\/v2\/posts\/665269","targetHints":{"allow":["GET"]}}],"collection":[{"href":"https:\/\/www.europesays.com\/pl\/wp-json\/wp\/v2\/posts"}],"about":[{"href":"https:\/\/www.europesays.com\/pl\/wp-json\/wp\/v2\/types\/post"}],"author":[{"embeddable":true,"href":"https:\/\/www.europesays.com\/pl\/wp-json\/wp\/v2\/users\/2"}],"replies":[{"embeddable":true,"href":"https:\/\/www.europesays.com\/pl\/wp-json\/wp\/v2\/comments?post=665269"}],"version-history":[{"count":0,"href":"https:\/\/www.europesays.com\/pl\/wp-json\/wp\/v2\/posts\/665269\/revisions"}],"wp:featuredmedia":[{"embeddable":true,"href":"https:\/\/www.europesays.com\/pl\/wp-json\/wp\/v2\/media\/665270"}],"wp:attachment":[{"href":"https:\/\/www.europesays.com\/pl\/wp-json\/wp\/v2\/media?parent=665269"}],"wp:term":[{"taxonomy":"category","embeddable":true,"href":"https:\/\/www.europesays.com\/pl\/wp-json\/wp\/v2\/categories?post=665269"},{"taxonomy":"post_tag","embeddable":true,"href":"https:\/\/www.europesays.com\/pl\/wp-json\/wp\/v2\/tags?post=665269"}],"curies":[{"name":"wp","href":"https:\/\/api.w.org\/{rel}","templated":true}]}}