{"id":665293,"date":"2026-09-03T19:49:21","date_gmt":"2026-09-03T19:49:21","guid":{"rendered":"https:\/\/www.europesays.com\/pl\/665293\/"},"modified":"2026-09-03T19:49:21","modified_gmt":"2026-09-03T19:49:21","slug":"nowe-ogloszenie-sony-zwiazane-z-gta-6-podzialalo-na-graczy-jak-czerwona-plachta-na-byka-czy-to-bedzie-nasza-wlasnosc","status":"publish","type":"post","link":"https:\/\/www.europesays.com\/pl\/665293\/","title":{"rendered":"Nowe og\u0142oszenie Sony zwi\u0105zane z GTA 6 podzia\u0142a\u0142o na graczy jak czerwona p\u0142achta na byka. \u201eCzy to b\u0119dzie nasza w\u0142asno\u015b\u0107?\u201d"},"content":{"rendered":"<p>Dzisiejszy pokaz <a href=\"https:\/\/www.gry-online.pl\/newsroom\/state-of-play-ogladaj-z-nami-pokaz-playstation-wszystkie-najwazni\/z931a3a\" rel=\"nofollow noopener\" target=\"_blank\">State of Play<\/a> przyni\u00f3s\u0142 nie tylko kolejne prezentacje gier, ale r\u00f3wnie\u017c zapowied\u017a dw\u00f3ch limitowanych kontroler\u00f3w DualSense inspirowanych <a href=\"https:\/\/www.gry-online.pl\/gry\/grand-theft-auto-vi\/zd4e0d\" rel=\"nofollow noopener\" target=\"_blank\">Grand Theft Auto VI<\/a>. I cho\u0107 same pady wygl\u0105daj\u0105 naprawd\u0119 efektownie, kr\u00f3tki materia\u0142 promuj\u0105cy nowy sprz\u0119t nie spotka\u0142 si\u0119 z reakcjami, na kt\u00f3re z pewno\u015bci\u0105 liczy\u0142o Sony.<\/p>\n<p>Pod opublikowanym wideo natychmiast uaktywnili si\u0119 bowiem gracze niezadowoleni z polityki firmy \u2013 w szczeg\u00f3lno\u015bci z plan\u00f3w rezygnacji z fizycznych no\u015bnik\u00f3w gier od pocz\u0105tku 2028 roku. W\u015br\u00f3d wpis\u00f3w nie zabrak\u0142o wi\u0119c mniej lub bardziej subtelnych szpileczek wymierzonych w japo\u0144skiego giganta. Oto kilka przyk\u0142adowych komentarzy:<\/p>\n<p>Nie mog\u0119 si\u0119 doczeka\u0107, a\u017c wypo\u017cycz\u0119 je w formie cyfrowej.<\/p>\n<p>Czy to b\u0119dzie nasza w\u0142asno\u015b\u0107?<\/p>\n<p>Dlaczego kontroler nie jest wy\u0142\u0105cznie cyfrowy?<\/p>\n<p>Nie mog\u0119 si\u0119 doczeka\u0107, \u017ceby FIZYCZNIE to kupi\u0107 i POSIADA\u0106 NA ZAWSZE.<\/p>\n<p>Nie zabrak\u0142o te\u017c uszczypliwo\u015bci odno\u015bnie do tego, czy w pude\u0142ku rzeczywi\u015bcie znajdzie si\u0119 pad, czy mo\u017ce jedynie kod pozwalaj\u0105cy \u201etymczasowo go wypo\u017cyczy\u0107\u201d.<\/p>\n<p>Podobnych komentarzy pojawi\u0142o si\u0119 znacznie wi\u0119cej i wyra\u017anie przy\u0107mi\u0142y one nieliczne wpisy fan\u00f3w GTA 6 zainteresowanych samymi padami. Sony najwyra\u017aniej musi wi\u0119c liczy\u0107 si\u0119 z tym, \u017ce ka\u017cda zapowied\u017a sprz\u0119tu lub gry b\u0119dzie dla cz\u0119\u015bci spo\u0142eczno\u015bci okazj\u0105 do przypomnienia firmie o niezadowoleniu z jej polityki dotycz\u0105cej fizycznych wyda\u0144.<\/p>\n<p>S\u0142o\u0144ce, neony i palmy pod kciukiem<\/p>\n<p>Same kontrolery trafi\u0105 do sprzeda\u017cy 19 listopada, czyli w dniu premiery \u201esz\u00f3stki\u201d. Przedsprzeda\u017c wystartuje 10 wrze\u015bnia o godzinie 10:00 czasu polskiego. Fani b\u0119d\u0105 mogli wybiera\u0107 spo\u015br\u00f3d dw\u00f3ch wersji \u2013 bia\u0142ej oraz czarnej.<\/p>\n<p class=\"f2-related-link fit\">Powi\u0105zane:<a href=\"https:\/\/www.gry-online.pl\/newsroom\/state-of-play-ogladaj-z-nami-pokaz-playstation-wszystkie-najwazni\/z931a3a\" rel=\"nofollow noopener\" target=\"_blank\">State of Play: podsumowanie pokazu gier PlayStation. Sporo dat premiery, nie zabrak\u0142o nawet GTA 6<\/a><\/p>\n<p>Oba warianty otrzyma\u0142y po\u0142yskuj\u0105ce, zmieniaj\u0105ce kolor wyko\u0144czenie, inspirowane zachodami s\u0142o\u0144ca oraz neonowym nocnym \u017cyciem Vice City. Na obudowie znalaz\u0142y si\u0119 r\u00f3wnie\u017c wyt\u0142oczone palmy oraz oficjalne oznaczenia Grand Theft Auto VI.<\/p>\n<p>Cena sugerowana ka\u017cdego z pad\u00f3w wynosi 84,99 dolara, czyli oko\u0142o 316 z\u0142. Co ciekawe, czarna wersja b\u0119dzie dost\u0119pna w ograniczonej liczbie i \u2013 zale\u017cnie od regionu \u2013 jej dystrybucja ma by\u0107 prowadzona na w\u0119\u017csz\u0105 skal\u0119 ni\u017c w przypadku bia\u0142ego wariantu.<\/p>\n<p><a data-id=\"bpic_href_1\" class=\"glbzm\" href=\"https:\/\/cdn.gracza.pl\/galeria\/galeria_duze3\/1184027687.jpg\" rel=\"nofollow noopener\" target=\"_blank\"><img data-id=\"bpic_img_1\" src=\"https:\/\/www.europesays.com\/pl\/wp-content\/uploads\/2026\/09\/1184027687.jpg\" width=\"720\" height=\"405\" class=\"bp-ah\" loading=\"lazy\" alt=\"\" decoding=\"async\"\/><\/a><\/p>\n<p>Sony Interactive Entertainment<\/p>\n<p><a data-id=\"bpic_href_2\" class=\"glbzm\" href=\"https:\/\/cdn.gracza.pl\/galeria\/galeria_duze3\/1184028671.jpg\" rel=\"nofollow noopener\" target=\"_blank\"><img data-id=\"bpic_img_2\" src=\"https:\/\/www.europesays.com\/pl\/wp-content\/uploads\/2026\/09\/1184028671.jpg\" width=\"720\" height=\"405\" class=\"bp-ah\" loading=\"lazy\" alt=\"\" decoding=\"async\"\/><\/a><\/p>\n<p>Sony Interactive Entertainment<\/p>\n<p><a data-id=\"bpic_href_3\" class=\"glbzm\" href=\"https:\/\/cdn.gracza.pl\/galeria\/galeria_duze3\/1184029656.jpg\" rel=\"nofollow noopener\" target=\"_blank\"><img data-id=\"bpic_img_3\" src=\"https:\/\/www.europesays.com\/pl\/wp-content\/uploads\/2026\/09\/1184029656.jpg\" width=\"720\" height=\"405\" class=\"bp-ah\" loading=\"lazy\" alt=\"\" decoding=\"async\"\/><\/a><\/p>\n<p>Sony Interactive Entertainment<\/p>\n<p><a data-id=\"bpic_href_4\" class=\"glbzm\" href=\"https:\/\/cdn.gracza.pl\/galeria\/galeria_duze3\/1184030656.jpg\" rel=\"nofollow noopener\" target=\"_blank\"><img data-id=\"bpic_img_4\" src=\"https:\/\/www.europesays.com\/pl\/wp-content\/uploads\/2026\/09\/1184030656.jpg\" width=\"720\" height=\"405\" class=\"bp-ah\" loading=\"lazy\" alt=\"\" decoding=\"async\"\/><\/a><\/p>\n<p>Sony Interactive Entertainment<\/p>\n<p class=\"f2-czytaj-wiecej-link fit\">Wi\u0119cej:<a href=\"https:\/\/www.gry-online.pl\/newsroom\/ps-plus-otrzyma-uwielbiana-klasyke-naughty-dog-i-capcomu-z-ery-ps\/zd31a5c\" rel=\"nofollow noopener\" target=\"_blank\">PS Plus otrzyma uwielbian\u0105 klasyk\u0119 Insomniac Games i Capcomu z ery PSX i PS2, a tak\u017ce FPS Mycopunk na premier\u0119<\/a><\/p>\n<p>&#13;<\/p>\n<p><img loading=\"lazy\" src=\"https:\/\/www.europesays.com\/pl\/wp-content\/uploads\/2026\/09\/1788464961_545_-1584080921.jpg\" alt=\"Grand Theft Auto VI\" width=\"200\" height=\"200\" decoding=\"async\"\/><\/p>\n<p>\uf591<\/p>\n","protected":false},"excerpt":{"rendered":"Dzisiejszy pokaz State of Play przyni\u00f3s\u0142 nie tylko kolejne prezentacje gier, ale r\u00f3wnie\u017c zapowied\u017a dw\u00f3ch limitowanych kontroler\u00f3w DualSense&hellip;\n","protected":false},"author":2,"featured_media":665294,"comment_status":"","ping_status":"","sticky":false,"template":"","format":"standard","meta":{"footnotes":"","_share_on_mastodon":"0"},"categories":[20],"tags":[120,118,119,42,38,40,39,41,116,114,115,121,117],"class_list":["post-665293","post","type-post","status-publish","format-standard","has-post-thumbnail","category-nauka-i-technika","tag-nauka","tag-nauka-i-technika","tag-naukatechnika","tag-pl","tag-poland","tag-polish","tag-polska","tag-polski","tag-science","tag-science-and-technology","tag-sciencetechnology","tag-technika","tag-technology"],"share_on_mastodon":{"url":"https:\/\/pubeurope.com\/@pl\/117208847779923474","error":""},"_links":{"self":[{"href":"https:\/\/www.europesays.com\/pl\/wp-json\/wp\/v2\/posts\/665293","targetHints":{"allow":["GET"]}}],"collection":[{"href":"https:\/\/www.europesays.com\/pl\/wp-json\/wp\/v2\/posts"}],"about":[{"href":"https:\/\/www.europesays.com\/pl\/wp-json\/wp\/v2\/types\/post"}],"author":[{"embeddable":true,"href":"https:\/\/www.europesays.com\/pl\/wp-json\/wp\/v2\/users\/2"}],"replies":[{"embeddable":true,"href":"https:\/\/www.europesays.com\/pl\/wp-json\/wp\/v2\/comments?post=665293"}],"version-history":[{"count":0,"href":"https:\/\/www.europesays.com\/pl\/wp-json\/wp\/v2\/posts\/665293\/revisions"}],"wp:featuredmedia":[{"embeddable":true,"href":"https:\/\/www.europesays.com\/pl\/wp-json\/wp\/v2\/media\/665294"}],"wp:attachment":[{"href":"https:\/\/www.europesays.com\/pl\/wp-json\/wp\/v2\/media?parent=665293"}],"wp:term":[{"taxonomy":"category","embeddable":true,"href":"https:\/\/www.europesays.com\/pl\/wp-json\/wp\/v2\/categories?post=665293"},{"taxonomy":"post_tag","embeddable":true,"href":"https:\/\/www.europesays.com\/pl\/wp-json\/wp\/v2\/tags?post=665293"}],"curies":[{"name":"wp","href":"https:\/\/api.w.org\/{rel}","templated":true}]}}