{"id":665305,"date":"2026-09-03T19:55:12","date_gmt":"2026-09-03T19:55:12","guid":{"rendered":"https:\/\/www.europesays.com\/pl\/665305\/"},"modified":"2026-09-03T19:55:12","modified_gmt":"2026-09-03T19:55:12","slug":"waldemar-zurek-odpowiada-karolowi-nawrockiemu-rafal-leskiewicz-ruszyl-z-odsiecza-wprost","status":"publish","type":"post","link":"https:\/\/www.europesays.com\/pl\/665305\/","title":{"rendered":"Waldemar \u017burek odpowiada Karolowi Nawrockiemu. Rafa\u0142 Le\u015bkiewicz ruszy\u0142 z odsiecz\u0105 \u2013 Wprost"},"content":{"rendered":"\n<p>&#13;<br \/>\nProkuratura Krajowa prowadzi \u015bledztwo ws. niedopuszczenia do\u00a0orzekania czterech legalnie wybranych s\u0119dzi\u00f3w <a href=\"https:\/\/www.wprost.pl\/kraj\/12431625\/karol-nawrocki-zostanie-przesluchany-chodzi-o-sedziow-trybunalu-konstytucyjnego.html\" title=\"Karol Nawrocki na\u00a0\u015bwiadka. Prokuratura chce przes\u0142ucha\u0107 prezydenta\" rel=\"nofollow noopener\" target=\"_blank\">Trybuna\u0142u Konstytucyjnego<\/a>. Przes\u0142uchano ju\u017c ponad 40 \u015bwiadk\u00f3w, w\u00a0tym pracownik\u00f3w KPRP i\u00a0TK oraz\u00a0zabezpieczono kluczowe dokumenty. Kolejnym niezb\u0119dnym krokiem maj\u0105 by\u0107 wyja\u015bnienia Karola Nawrockiego, w\u00a0zwi\u0105zku z\u00a0czym do\u00a0prezydenta trafi\u0142a pro\u015bba o\u00a0wskazanie dogodnego terminu i\u00a0miejsca. &#13;\n<\/p>\n<p>&#13;<br \/>\nG\u0142owa pa\u0144stwa pytana przez dziennikarzy o\u00a0spraw\u0119 zapewni\u0142a, \u017ce\u00a0z\u0142o\u017cy wyja\u015bnienia, a\u00a0nast\u0119pnie uderzy\u0142a w\u00a0Waldemara \u017burka. \u2013\u00a0My\u015bl\u0119, \u017ce\u00a0prezydent ma\u00a0du\u017co wi\u0119cej bardzo wa\u017cnych zagadnie\u0144 w\u00a0Polsce i\u00a0na arenie mi\u0119dzynarodowej ni\u017c\u00a0odpowiadanie na\u00a0pewne urojenia ministra sprawiedliwo\u015bci \u2013\u00a0powiedzia\u0142 Nawrocki. Nast\u0119pnie g\u0142owa pa\u0144stwa podkre\u015bli\u0142a, \u017ce\u00a0\u201ejest zbyt wcze\u015bnie\u201d na\u00a0dyskusj\u0119 o\u00a0spotkaniu z\u00a0uwagi na\u00a0jej liczne obowi\u0105zki i\u00a0przepe\u0142niony kalendarz. Do\u00a0sprawy odni\u00f3s\u0142 si\u0119 \u017burek. &#13;\n<\/p>\n<p>Waldemar \u017burek odpowiada Karolowi Nawrockiemu. Rafa\u0142 Le\u015bkiewicz ruszy\u0142 z\u00a0odsiecz\u0105<\/p>\n<p>&#13;<br \/>\n\u201ePrezydent najpierw deklaruje, \u017ce\u00a0z\u0142o\u017cy zeznania, a\u00a0chwil\u0119 p\u00f3\u017aniej twierdzi, \u017ce\u00a0ma inne priorytety. Tekst o\u00a0\u2018urojonych wizjach ministra\u2019 mo\u017ce wskazywa\u0107, \u017ce\u00a0w\u00a0Pa\u0142acu kto\u015b nie\u00a0dostarczy\u0142 na\u00a0czas saszetek&#8230; nikotynowych? Pana prezydenta obowi\u0105zuje dok\u0142adnie takie samo prawo jak ka\u017cdego obywatela. Jedynie przez szacunek dla\u00a0urz\u0119du prezydent mo\u017ce sam zaproponowa\u0107 termin przes\u0142uchania, kt\u00f3re mo\u017ce odby\u0107 si\u0119 nawet w\u00a0Pa\u0142acu Prezydenckim\u201d \u2013\u00a0zacz\u0105\u0142 prokurator generalny. &#13;\n<\/p>\n<p>&#13;<br \/>\n\u201eKa\u017cdy obywatel ma\u00a0obowi\u0105zek wsp\u00f3\u0142pracowa\u0107 z\u00a0organami \u015bcigania, a\u00a0rola Pierwszego Obywatela zobowi\u0105zuje do\u00a0dawania przyk\u0142adu. Spodziewa\u0142em si\u0119 po\u00a0panu, \u017ce\u00a0przy tak uprzejmym zaproszeniu z\u00a0prokuratury poka\u017ce pan, na\u00a0czym polega postawa obywatelska. Sorry, nie\u00a0spodziewa\u0142em si\u0119, ale\u00a0mia\u0142em nadziej\u0119\u201d \u2013\u00a0podsumowa\u0142 sw\u00f3j wpis w\u00a0mediach spo\u0142eczno\u015bciowych \u017burek. \u201ePrzes\u0142uchomat w\u00a0akcji. Wet za\u00a0weto? Czy\u00a0mo\u017ce jakie\u015b inne urojenia?\u201d \u2013\u00a0zareagowa\u0142 Rafa\u0142 Le\u015bkiewicz. &#13;\n<\/p>\n<p>&#13;<br \/>\n   Czytaj te\u017c:<br \/><a href=\"https:\/\/www.wprost.pl\/kraj\/12431838\/prokuratura-chce-przesluchac-nawrockiego-prezydent-odpowiedzial-urojenia-ministra.html\" rel=\"follow nofollow noopener\" data-schema=\"WPROST\" data-image=\"https:\/\/img.wprost.pl\/_thumb\/b2\/09\/5dc304744e8e5311b91715e99243.jpeg\" target=\"_blank\">Prokuratura chce przes\u0142ucha\u0107 Nawrockiego. Prezydent odpowiedzia\u0142: Urojenia ministra<\/a>   Czytaj te\u017c:<br \/><a href=\"https:\/\/www.wprost.pl\/kraj\/12431742\/karol-nawrocki-wezwany-na-przesluchanie-bogdan-swieczkowski-komentuje.html\" rel=\"follow nofollow noopener\" data-schema=\"WPROST\" data-image=\"https:\/\/img.wprost.pl\/_thumb\/64\/b5\/35f10115d3fa429fe2d3b756c78a.jpeg\" target=\"_blank\">Karol Nawrocki wezwany na\u00a0przes\u0142uchanie. Prezes TK m\u00f3wi o\u00a0\u201eskandalu\u201d<\/a>&#13;<\/p>\n","protected":false},"excerpt":{"rendered":"&#13; Prokuratura Krajowa prowadzi \u015bledztwo ws. niedopuszczenia do\u00a0orzekania czterech legalnie wybranych s\u0119dzi\u00f3w Trybuna\u0142u Konstytucyjnego. Przes\u0142uchano ju\u017c ponad 40&hellip;\n","protected":false},"author":2,"featured_media":665306,"comment_status":"","ping_status":"","sticky":false,"template":"","format":"standard","meta":{"footnotes":"","_share_on_mastodon":"0"},"categories":[62712],"tags":[690,49,52592,59734,907,1627,3992,40571,8232,2558,43315],"class_list":["post-665305","post","type-post","status-publish","format-standard","has-post-thumbnail","category-karol-nawrocki","tag-karol-nawrocki","tag-kraj","tag-krystian-winogrodzki","tag-opinie-i-komentarze","tag-polityka","tag-prokuratura","tag-przesluchanie","tag-rafal-leskiewicz","tag-trybunal-konstytucyjny","tag-waldemar-zurek","tag-wprost"],"share_on_mastodon":{"url":"https:\/\/pubeurope.com\/@pl\/117208870164106257","error":""},"_links":{"self":[{"href":"https:\/\/www.europesays.com\/pl\/wp-json\/wp\/v2\/posts\/665305","targetHints":{"allow":["GET"]}}],"collection":[{"href":"https:\/\/www.europesays.com\/pl\/wp-json\/wp\/v2\/posts"}],"about":[{"href":"https:\/\/www.europesays.com\/pl\/wp-json\/wp\/v2\/types\/post"}],"author":[{"embeddable":true,"href":"https:\/\/www.europesays.com\/pl\/wp-json\/wp\/v2\/users\/2"}],"replies":[{"embeddable":true,"href":"https:\/\/www.europesays.com\/pl\/wp-json\/wp\/v2\/comments?post=665305"}],"version-history":[{"count":0,"href":"https:\/\/www.europesays.com\/pl\/wp-json\/wp\/v2\/posts\/665305\/revisions"}],"wp:featuredmedia":[{"embeddable":true,"href":"https:\/\/www.europesays.com\/pl\/wp-json\/wp\/v2\/media\/665306"}],"wp:attachment":[{"href":"https:\/\/www.europesays.com\/pl\/wp-json\/wp\/v2\/media?parent=665305"}],"wp:term":[{"taxonomy":"category","embeddable":true,"href":"https:\/\/www.europesays.com\/pl\/wp-json\/wp\/v2\/categories?post=665305"},{"taxonomy":"post_tag","embeddable":true,"href":"https:\/\/www.europesays.com\/pl\/wp-json\/wp\/v2\/tags?post=665305"}],"curies":[{"name":"wp","href":"https:\/\/api.w.org\/{rel}","templated":true}]}}