{"id":665315,"date":"2026-09-03T20:02:13","date_gmt":"2026-09-03T20:02:13","guid":{"rendered":"https:\/\/www.europesays.com\/pl\/665315\/"},"modified":"2026-09-03T20:02:13","modified_gmt":"2026-09-03T20:02:13","slug":"bydgoska-krwawa-niedziela-prof-tomasz-chincinski-dla-historia-toczy-sie-dzis","status":"publish","type":"post","link":"https:\/\/www.europesays.com\/pl\/665315\/","title":{"rendered":"Bydgoska krwawa niedziela. Prof. Tomasz Chinci\u0144ski dla \u201eHistoria toczy si\u0119 dzi\u015b\u201d"},"content":{"rendered":"<p>&#13;<br \/>\n        Bydgoska krwawa niedziela. Prof. Tomasz Chinci\u0144ski dla \u201eHistoria toczy si\u0119 dzi\u015b\u201d        \u201eHistoria toczy si\u0119 dzi\u015b\u201d \u2013 4 wrze\u015bnia 2026 r. o godzinie 9.15 na kanale YouTube IPNtv.      <\/p>\n<p>&#13;<br \/>\n&#13;<br \/>\n                <img decoding=\"async\" src=\"https:\/\/www.europesays.com\/pl\/wp-content\/uploads\/2026\/09\/219.png\" alt=\"Video\"\/>                <\/p>\n<p>Bydgoszcz, wrzesie\u0144 1939 roku. W cieniu wybuchu II wojny \u015bwiatowej miasto staje si\u0119 miejscem dramatycznych wydarze\u0144, kt\u00f3rych konsekwencje na d\u0142ugo zapisz\u0105 si\u0119 w jego historii. W tym materiale si\u0119gamy do odnalezionych zapisk\u00f3w Juliana Suskiego, starosty bydgoskiego, i przygl\u0105damy si\u0119 wydarzeniom, kt\u00f3re rozegra\u0142y si\u0119 w Bydgoszczy w pierwszych dniach wojny. Relacja Suskiego pozwala spojrze\u0107 na ten prze\u0142omowy moment z perspektywy bezpo\u015bredniego \u015bwiadka i urz\u0119dnika, kt\u00f3ry znalaz\u0142 si\u0119 w samym centrum dramatycznych wydarze\u0144.<\/p>\n<p>Go\u015bciem programu jest prof. Tomasz Chinci\u0144ski z Instytutu Pileckiego. Rozmow\u0119 prowadzi red. Krzysztof \u015awi\u0105tek.<\/p>\n<p>Emisja na kanale IPNtv<\/p>\n<p style=\"text-align:center\">* * *<\/p>\n<p>\u201eHistoria toczy si\u0119 dzi\u015b\u201d to cykl rozm\u00f3w, w kt\u00f3rym poruszane s\u0105 kluczowe tematy zwi\u0105zane z histori\u0105, tera\u017aniejszo\u015bci\u0105 oraz przysz\u0142o\u015bci\u0105. Prowadz\u0105cy Krzysztof \u015awi\u0105tek w ka\u017cdej audycji rozmawia z zaproszonymi go\u015b\u0107mi \u2013 ekspertami, historykami oraz liderami opinii publicznej.<\/p>\n<p>Kolejne odcinki cyklu \u201eHistoria toczy si\u0119 dzi\u015b\u201d w ka\u017cdy pi\u0105tek o godz. 9.15 na kanale IPNtv w serwisie YouTube.<\/p>\n<p>        &#13;<br \/>\n        \t        &#13;<br \/>\n        \t        &#13;<br \/>\n        &#13;<\/p>\n","protected":false},"excerpt":{"rendered":"&#13; Bydgoska krwawa niedziela. Prof. Tomasz Chinci\u0144ski dla \u201eHistoria toczy si\u0119 dzi\u015b\u201d \u201eHistoria toczy si\u0119 dzi\u015b\u201d \u2013 4&hellip;\n","protected":false},"author":2,"featured_media":665316,"comment_status":"","ping_status":"","sticky":false,"template":"","format":"standard","meta":{"footnotes":"","_share_on_mastodon":"0"},"categories":[51613],"tags":[53498,10656,53499,53500,53501,3199,53502,43003,40677,53503,10683,53489,53504,53505,53493,53494,53495,53490,7132,53496,53497,53506,53507,53508,53509,14268,46408,53510,53511,53512,53488,7988,53491,53492,42,38,40,39,41],"class_list":["post-665315","post","type-post","status-publish","format-standard","has-post-thumbnail","category-bydgoszcz","tag-17-wrzesnia-1939","tag-agent","tag-ak","tag-akcja-wisla","tag-ako","tag-antysemityzm","tag-aparat-bezpieczenstwa","tag-archiwa","tag-armia-krajowa","tag-armia-krajowa-obywatelska","tag-auschwitz","tag-bep","tag-biuletyn","tag-biuro-edukacji-publicznej","tag-biuro-lustracyjne","tag-biuro-polityczne","tag-biuro-udostepniana-i-archiwizacji-dokumentow","tag-buiad","tag-bydgoszcz","tag-cyganie","tag-czerwiec-1956","tag-czerwiec-1976","tag-czerwiec56","tag-czerwiec76","tag-delegatura-rzadu-na-kraj","tag-dokumenty","tag-dyskusja","tag-gkszpnp","tag-glowna-komisja-badania-zbrodni-hitlerowskich","tag-glowna-komisja-badania-zbrodni-niemieckich","tag-instytut-pamieci-narodowej","tag-ipn","tag-kszpnp","tag-lustracja","tag-pl","tag-poland","tag-polish","tag-polska","tag-polski"],"share_on_mastodon":{"url":"","error":"Validation failed: Text character limit of 500 exceeded"},"_links":{"self":[{"href":"https:\/\/www.europesays.com\/pl\/wp-json\/wp\/v2\/posts\/665315","targetHints":{"allow":["GET"]}}],"collection":[{"href":"https:\/\/www.europesays.com\/pl\/wp-json\/wp\/v2\/posts"}],"about":[{"href":"https:\/\/www.europesays.com\/pl\/wp-json\/wp\/v2\/types\/post"}],"author":[{"embeddable":true,"href":"https:\/\/www.europesays.com\/pl\/wp-json\/wp\/v2\/users\/2"}],"replies":[{"embeddable":true,"href":"https:\/\/www.europesays.com\/pl\/wp-json\/wp\/v2\/comments?post=665315"}],"version-history":[{"count":0,"href":"https:\/\/www.europesays.com\/pl\/wp-json\/wp\/v2\/posts\/665315\/revisions"}],"wp:featuredmedia":[{"embeddable":true,"href":"https:\/\/www.europesays.com\/pl\/wp-json\/wp\/v2\/media\/665316"}],"wp:attachment":[{"href":"https:\/\/www.europesays.com\/pl\/wp-json\/wp\/v2\/media?parent=665315"}],"wp:term":[{"taxonomy":"category","embeddable":true,"href":"https:\/\/www.europesays.com\/pl\/wp-json\/wp\/v2\/categories?post=665315"},{"taxonomy":"post_tag","embeddable":true,"href":"https:\/\/www.europesays.com\/pl\/wp-json\/wp\/v2\/tags?post=665315"}],"curies":[{"name":"wp","href":"https:\/\/api.w.org\/{rel}","templated":true}]}}