{"id":665317,"date":"2026-09-03T20:03:15","date_gmt":"2026-09-03T20:03:15","guid":{"rendered":"https:\/\/www.europesays.com\/pl\/665317\/"},"modified":"2026-09-03T20:03:15","modified_gmt":"2026-09-03T20:03:15","slug":"umowy-na-remonty-trzech-drog-wojewodzkich-i-rozbudowe-czwartej-podpisane-wszystko-za-117-mln-zl","status":"publish","type":"post","link":"https:\/\/www.europesays.com\/pl\/665317\/","title":{"rendered":"Umowy na remonty trzech dr\u00f3g wojew\u00f3dzkich i rozbudow\u0119 czwartej podpisane. Wszystko za 11,7 mln z\u0142"},"content":{"rendered":"<p>Pierwsza z podpisanych um\u00f3w dotyczy remontu 2,3-kilometrowego odcinka drogi wojew\u00f3dzkiej nr 698 w Terespolu w powiecie bialskim. Warto\u015b\u0107 zadania wynosi 2,3 mln z\u0142. Zakres prac obejmie m.in. frezowanie istniej\u0105cej nawierzchni oraz wykonanie nowych warstw \u2013 wyr\u00f3wnawczej i \u015bcieralnej. Zaplanowano r\u00f3wnie\u017c wymian\u0119 \u015bcieku przykraw\u0119\u017cnikowego z kostki brukowej, napraw\u0119 i regulacj\u0119 zjazd\u00f3w, wzmocnienie poboczy destruktem oraz wykonanie nowego oznakowania.<\/p>\n<p>Jedn\u0105 z najwa\u017cniejszych inwestycji jest budowa skrzy\u017cowania typu rondo w miejscowo\u015bci Roskosz w powiecie bialskim, w ci\u0105gu DW 811. Zostanie ono zlokalizowane w miejscu skrzy\u017cowania z drog\u0105 powiatow\u0105 prowadz\u0105c\u0105 w stron\u0119 Janowa Podlaskiego. Warto\u015b\u0107 zadania to blisko 4,7 mln z\u0142, a za jego realizacj\u0119 odpowiada\u0107 b\u0119dzie Przedsi\u0119biorstwo Budownictwa Drogowego \u201eTre-DROM\u201d.<\/p>\n<p>Inwestycja obejmie nie tylko budow\u0119 ronda. Powstanie r\u00f3wnie\u017c kanalizacja deszczowa w postaci krytych row\u00f3w, zatoki autobusowe, chodniki oraz nowe o\u015bwietlenie. W ramach zadania wykonany zostanie tak\u017ce kana\u0142 technologiczny oraz zamontowane zostan\u0105 urz\u0105dzenia bezpiecze\u0144stwa ruchu drogowego.<\/p>\n<p>Budowa ronda jest realizowana we wsp\u00f3\u0142pracy z samorz\u0105dami. Powiat Bialski przeznaczy na inwestycj\u0119 800 tys. z\u0142, Gmina Bia\u0142a Podlaska 550 tys. z\u0142, a Gmina Jan\u00f3w Podlaski 250 tys. z\u0142. \u0141\u0105czne wsp\u00f3\u0142finansowanie samorz\u0105d\u00f3w wyniesie 1,6 mln z\u0142.<\/p>\n<p>Kolejne prace drogowe zaplanowano na 3,7-kilometrowym odcinku DW 813 pomi\u0119dzy Drelowem a Koloni\u0105 Drel\u00f3w, r\u00f3wnie\u017c w powiecie bialskim. Warto\u015b\u0107 inwestycji wynosi 4,2 mln z\u0142, a wykonawc\u0105 b\u0119dzie Duna Polska. Roboty rozpoczn\u0105 si\u0119 od frezowania istniej\u0105cej nawierzchni. Nast\u0119pnie wykonane zostan\u0105 warstwy: wyr\u00f3wnawcza, przeciwsp\u0119kaniowa, wi\u0105\u017c\u0105ca oraz \u015bcieralna. Przewidziano r\u00f3wnie\u017c regulacj\u0119 zjazd\u00f3w, wzmocnienie poboczy destruktem oraz wykonanie nowego oznakowania poziomego i pionowego.<\/p>\n<p>To najd\u0142u\u017cszy spo\u015br\u00f3d remontowanych w ramach podpisanych um\u00f3w odcink\u00f3w, dlatego inwestycja b\u0119dzie mia\u0142a istotne znaczenie dla poprawy komfortu i bezpiecze\u0144stwa podr\u00f3\u017cowania w tej cz\u0119\u015bci powiatu bialskiego.<\/p>\n<p>Czwarta umowa dotyczy remontu 1,1-kilometrowego odcinka DW 863 pomi\u0119dzy Naklikiem a Szyszkowem w powiecie bi\u0142gorajskim. Koszt zadania okre\u015blono na 532 tys. z\u0142, a wykonawc\u0105 b\u0119dzie Przedsi\u0119biorstwo Rob\u00f3t Drogowo\u2013Mostowych w D\u0119bicy. Zakres prac obejmie frezowanie korekcyjne oraz wykonanie nowej warstwy \u015bcieralnej. Utwardzone zostan\u0105 tak\u017ce pobocza, zamontowane nowe s\u0142upki, a na drodze pojawi si\u0119 nowe oznakowanie poziome grubowarstwowe.<\/p>\n<p>Podpisane umowy obejmuj\u0105 zar\u00f3wno kompleksowe remonty istniej\u0105cych nawierzchni, jak i inwestycj\u0119 poprawiaj\u0105c\u0105 organizacj\u0119 ruchu oraz bezpiecze\u0144stwo u\u017cytkownik\u00f3w drogi. Szczeg\u00f3lnie istotna b\u0119dzie budowa ronda w Roskoszy, gdzie opr\u00f3cz samego skrzy\u017cowania powstan\u0105 r\u00f3wnie\u017c elementy infrastruktury dla pieszych, pasa\u017cer\u00f3w komunikacji oraz urz\u0105dzenia poprawiaj\u0105ce bezpiecze\u0144stwo ruchu.<\/p>\n<p>\u0141\u0105cznie cztery zadania poch\u0142on\u0105 blisko 11,7 mln z\u0142. Inwestycje obejmuj\u0105 ponad 7 km remontowanych dr\u00f3g wojew\u00f3dzkich, a ich realizacja ma przyczyni\u0107 si\u0119 do poprawy stanu infrastruktury drogowej w powiatach bialskim i bi\u0142gorajskim.<\/p>\n<p>\n                                    <a href=\"https:\/\/www.google.com\/preferences\/source?q=lublin112.pl\" target=\"_blank\" rel=\"noopener noreferrer nofollow\" onclick=\"if (!window.__cfRLUnblockHandlers) return false; gtag(&#039;event&#039;, &#039;google_preferred_source_click&#039;, {&#010;                                           &#039;link_url&#039;: this.href,&#010;                                           &#039;link_text&#039;: &#039;Ustaw lublin112.pl jako preferowane \u017ar\u00f3d\u0142o&#039;&#010;                                       });\" style=\"text-align:center;display:block;\" data-cf-modified-9152a4caa10a735494bbb005-=\"\"><br \/>\n                                        <img decoding=\"async\" src=\"https:\/\/www.europesays.com\/pl\/wp-content\/uploads\/2026\/09\/1788465795_994_lublin112-google-source.webp\" alt=\"Ustaw lublin112.pl jako preferowane \u017ar\u00f3d\u0142o w Google\" style=\"max-width: 70%;\"\/><br \/>\n                                    <\/a><br \/>\n                                    <\/p>\n","protected":false},"excerpt":{"rendered":"Pierwsza z podpisanych um\u00f3w dotyczy remontu 2,3-kilometrowego odcinka drogi wojew\u00f3dzkiej nr 698 w Terespolu w powiecie bialskim. Warto\u015b\u0107&hellip;\n","protected":false},"author":2,"featured_media":665318,"comment_status":"","ping_status":"","sticky":false,"template":"","format":"standard","meta":{"footnotes":"","_share_on_mastodon":"0"},"categories":[51612],"tags":[7642,47130,11317,1081,42,124663,38,40,39,41,69469,45968,95,43586,12988,129314],"class_list":["post-665317","post","type-post","status-publish","format-standard","has-post-thumbnail","category-lublin","tag-drogi-wojewodzkie","tag-inwestycje-drogowe","tag-lubelskie","tag-lublin","tag-pl","tag-podpisanie-umowy","tag-poland","tag-polish","tag-polska","tag-polski","tag-przebudowa-drogi","tag-remont-drogi","tag-umowa","tag-umwl","tag-urzad-marszalkowski-wojewodztwa-lubelskiego","tag-zarzad-drog-wojewodzkich"],"share_on_mastodon":{"url":"https:\/\/pubeurope.com\/@pl\/117208903071674194","error":""},"_links":{"self":[{"href":"https:\/\/www.europesays.com\/pl\/wp-json\/wp\/v2\/posts\/665317","targetHints":{"allow":["GET"]}}],"collection":[{"href":"https:\/\/www.europesays.com\/pl\/wp-json\/wp\/v2\/posts"}],"about":[{"href":"https:\/\/www.europesays.com\/pl\/wp-json\/wp\/v2\/types\/post"}],"author":[{"embeddable":true,"href":"https:\/\/www.europesays.com\/pl\/wp-json\/wp\/v2\/users\/2"}],"replies":[{"embeddable":true,"href":"https:\/\/www.europesays.com\/pl\/wp-json\/wp\/v2\/comments?post=665317"}],"version-history":[{"count":0,"href":"https:\/\/www.europesays.com\/pl\/wp-json\/wp\/v2\/posts\/665317\/revisions"}],"wp:featuredmedia":[{"embeddable":true,"href":"https:\/\/www.europesays.com\/pl\/wp-json\/wp\/v2\/media\/665318"}],"wp:attachment":[{"href":"https:\/\/www.europesays.com\/pl\/wp-json\/wp\/v2\/media?parent=665317"}],"wp:term":[{"taxonomy":"category","embeddable":true,"href":"https:\/\/www.europesays.com\/pl\/wp-json\/wp\/v2\/categories?post=665317"},{"taxonomy":"post_tag","embeddable":true,"href":"https:\/\/www.europesays.com\/pl\/wp-json\/wp\/v2\/tags?post=665317"}],"curies":[{"name":"wp","href":"https:\/\/api.w.org\/{rel}","templated":true}]}}