{"id":665339,"date":"2026-09-03T20:14:09","date_gmt":"2026-09-03T20:14:09","guid":{"rendered":"https:\/\/www.europesays.com\/pl\/665339\/"},"modified":"2026-09-03T20:14:09","modified_gmt":"2026-09-03T20:14:09","slug":"wielka-czworka-mistrzostw-europy-w-komplecie-faworytki-nie-uniknely-potkniecia","status":"publish","type":"post","link":"https:\/\/www.europesays.com\/pl\/665339\/","title":{"rendered":"Wielka czw\u00f3rka mistrzostw Europy w komplecie. Faworytki nie unikn\u0119\u0142y potkni\u0119cia"},"content":{"rendered":"\n<p class=\"contentpart contentpart--default contentpart--text\" data-position=\"0\">Po wygranym przez <a href=\"https:\/\/sportowefakty.wp.pl\/siatkowka\/reprezentacja-kobiet\" rel=\"nofollow noopener\" target=\"_blank\">Polki<\/a>\u00a0\u0107wier\u0107finale z <a href=\"https:\/\/sportowefakty.wp.pl\/siatkowka\/reprezentacja-holandii-kobiet\" rel=\"nofollow noopener\" target=\"_blank\">Holenderkami<\/a>\u00a0na boisko w <a href=\"https:\/\/sportowefakty.wp.pl\/turcja\/stambul\" rel=\"nofollow noopener\" target=\"_blank\">Stambule<\/a>\u00a0wysz\u0142y siatkarki z <a href=\"https:\/\/sportowefakty.wp.pl\/siatkowka\/reprezentacja-niemiec-kobiet\" rel=\"nofollow noopener\" target=\"_blank\">Niemiec<\/a>\u00a0oraz <a href=\"https:\/\/sportowefakty.wp.pl\/siatkowka\/reprezentacja-turcji-kobiet\" rel=\"nofollow noopener\" target=\"_blank\">Turcji<\/a>. Obecno\u015b\u0107 a\u017c trzech zespo\u0142\u00f3w z grupy Polek w najlepszej \u00f3semce turnieju wystawia\u0142a jej dobre \u015bwiadectwo. Na pocz\u0105tku fazy pucharowej Niemki wygra\u0142y d\u0142ugie i emocjonuj\u0105ce starcie z <a href=\"https:\/\/sportowefakty.wp.pl\/siatkowka\/reprezentacja-belgii-kobiet\" rel=\"nofollow noopener\" target=\"_blank\">Belgi\u0105<\/a>\u00a03:2, a Turcja zdemolowa\u0142a 3:0 <a href=\"https:\/\/sportowefakty.wp.pl\/siatkowka\/reprezentacja-azerbejdzanu-kobiet\" rel=\"nofollow noopener\" target=\"_blank\">Azerbejd\u017can<\/a>. Jeszcze w niedawnym meczu o punkty dru\u017cyna znad Bosforu pokona\u0142a 3:1 Niemki.<\/p>\n<p class=\"contentpart contentpart--default contentpart--text\" data-position=\"1\">W klasyfikacji historycznej mistrzostw Europy wy\u017cej stoj\u0105 akcje Niemek, kt\u00f3re stawa\u0142y na podium jako NRD i p\u00f3\u017aniej po zjednoczeniu. Ostatnie lata to jednak dynamiczny progres siatk\u00f3wki kobiet nad Bosforem zar\u00f3wno w wydaniu klubowym, jak i reprezentacyjnym. Od 2017 roku kadra nie schodzi z podium na kontynencie, a w poprzednim turnieju zosta\u0142a po raz pierwszy mistrzem Europy. Niemek w analogicznym okresie na podium nie by\u0142o.<\/p>\n<p>  <img decoding=\"async\" src=\"https:\/\/v.wpimg.pl\/X3dwLnN2d1IFFTpdYUl6R0ZNbgcnEHQREVV2TGEGbUtRT2MdOlZ2RBQUKABgQjQcDRotCStBd1IAAWMeIlM7VgwYIAorQAdEFFk_GCkQJQ\" alt=\"\" width=\"45\" height=\"58\" loading=\"lazy\"\/>  <\/p>\n<p class=\"contentpart contentpart--default contentpart--text\" data-position=\"2\">ZOBACZ WIDEO: #dziejesiewsporcie. Co za bramka. Poezja na boisku!<\/p>\n<p class=\"contentpart contentpart--default contentpart--text\" data-position=\"4\">Tak samo jak w meczu grupowym Turcja nie unikn\u0119\u0142a potkni\u0119cia, a to nast\u0105pi\u0142o w przegranym 22:25 drugim secie. Wpadka nast\u0105pi\u0142a po partii zako\u0144czonej wynikiem 25:18 dla faworyzowanych gospody\u0144. Od trzeciego seta dru\u017cyna znad Bosforu odzyska\u0142a kontrol\u0119 nad wydarzeniami i ponownie punktowa\u0142a ambitne przeciwniczki. Kolejne sety ko\u0144czy\u0142y si\u0119 rezultatami 25:18 i 25:22.<\/p>\n<p class=\"contentpart contentpart--default contentpart--text\" data-position=\"5\">W p\u00f3\u0142finale przeciwnikiem Turcji b\u0119dzie Serbia. W drugiej parze s\u0105 siatkarki z Polski oraz W\u0142och. Kluczowe mecze turnieju zostan\u0105 rozegrane ju\u017c w najbli\u017cszy weekend.<\/p>\n<p class=\"contentpart contentpart--default contentpart--text\" data-position=\"6\"><a href=\"https:\/\/sportowefakty.wp.pl\/siatkowka\/reprezentacja-niemiec-kobiet\" rel=\"nofollow noopener\" target=\"_blank\">Niemcy<\/a>\u00a0&#8211; <a href=\"https:\/\/sportowefakty.wp.pl\/siatkowka\/reprezentacja-turcji-kobiet\" rel=\"nofollow noopener\" target=\"_blank\">Turcja<\/a>\u00a01:3 (18:25, 25:22, 18:25, 22:25)<\/p>\n","protected":false},"excerpt":{"rendered":"Po wygranym przez Polki\u00a0\u0107wier\u0107finale z Holenderkami\u00a0na boisko w Stambule\u00a0wysz\u0142y siatkarki z Niemiec\u00a0oraz Turcji. Obecno\u015b\u0107 a\u017c trzech zespo\u0142\u00f3w z&hellip;\n","protected":false},"author":2,"featured_media":665340,"comment_status":"","ping_status":"","sticky":false,"template":"","format":"standard","meta":{"footnotes":"","_share_on_mastodon":"0"},"categories":[24],"tags":[124983,295,42,38,40,39,41,539,4608,131,913,127,126,8472,192],"class_list":["post-665339","post","type-post","status-publish","format-standard","has-post-thumbnail","category-sport","tag-mistrzostwa-europy-2026-kobiet","tag-niemcy","tag-pl","tag-poland","tag-polish","tag-polska","tag-polski","tag-reprezentacje","tag-rozgrywki-miedzynarodowe","tag-siatkowka","tag-siatkowka-w-europie","tag-sport","tag-sports","tag-stambul","tag-turcja"],"share_on_mastodon":{"url":"https:\/\/pubeurope.com\/@pl\/117208945928080375","error":""},"_links":{"self":[{"href":"https:\/\/www.europesays.com\/pl\/wp-json\/wp\/v2\/posts\/665339","targetHints":{"allow":["GET"]}}],"collection":[{"href":"https:\/\/www.europesays.com\/pl\/wp-json\/wp\/v2\/posts"}],"about":[{"href":"https:\/\/www.europesays.com\/pl\/wp-json\/wp\/v2\/types\/post"}],"author":[{"embeddable":true,"href":"https:\/\/www.europesays.com\/pl\/wp-json\/wp\/v2\/users\/2"}],"replies":[{"embeddable":true,"href":"https:\/\/www.europesays.com\/pl\/wp-json\/wp\/v2\/comments?post=665339"}],"version-history":[{"count":0,"href":"https:\/\/www.europesays.com\/pl\/wp-json\/wp\/v2\/posts\/665339\/revisions"}],"wp:featuredmedia":[{"embeddable":true,"href":"https:\/\/www.europesays.com\/pl\/wp-json\/wp\/v2\/media\/665340"}],"wp:attachment":[{"href":"https:\/\/www.europesays.com\/pl\/wp-json\/wp\/v2\/media?parent=665339"}],"wp:term":[{"taxonomy":"category","embeddable":true,"href":"https:\/\/www.europesays.com\/pl\/wp-json\/wp\/v2\/categories?post=665339"},{"taxonomy":"post_tag","embeddable":true,"href":"https:\/\/www.europesays.com\/pl\/wp-json\/wp\/v2\/tags?post=665339"}],"curies":[{"name":"wp","href":"https:\/\/api.w.org\/{rel}","templated":true}]}}