{"id":665353,"date":"2026-09-03T20:21:15","date_gmt":"2026-09-03T20:21:15","guid":{"rendered":"https:\/\/www.europesays.com\/pl\/665353\/"},"modified":"2026-09-03T20:21:15","modified_gmt":"2026-09-03T20:21:15","slug":"rutkowski-zaprzecza-rewelacjom-tuska-na-100-procent","status":"publish","type":"post","link":"https:\/\/www.europesays.com\/pl\/665353\/","title":{"rendered":"Rutkowski zaprzecza rewelacjom Tuska. &#8222;Na 100 procent&#8221;"},"content":{"rendered":"<p data-v-01d4021f=\"\">Krzysztof Rutkowski twierdzi, \u017ce Marcin Romanowski na pewno nie przebywa\u0142 w Naddniestrzu. To informacja w pe\u0142ni sprzeczna z tym, o czym zapewnia\u0142 niedawno Donald Tusk. Znany detektyw, kt\u00f3ry wraz ze swoj\u0105 ekip\u0105 prowadzi poszukiwania by\u0142ego wiceministra sprawiedliwo\u015bci, wskaza\u0142 jednocze\u015bnie nowy trop. Jego zdaniem Romanowski mo\u017ce ukrywa\u0107 si\u0119 w innym europejskim pa\u0144stwie. Nie wykluczy\u0142, \u017ce chodzi o jednego z naszych &#8222;s\u0105siad\u00f3w&#8221;.<\/p>\n<p>\u201eNa 100 proc. nie by\u0142 w Naddniestrzu\u201d<\/p>\n<p data-v-01d4021f=\"\">Rutkowski zosta\u0142 zapytany o wcze\u015bniejsze s\u0142owa Donalda Tuska. Premier twierdzi\u0142, \u017ce z 99-procentowym prawdopodobie\u0144stwem Romanowski przebywa w Naddniestrzu.<\/p>\n<p data-v-01d4021f=\"\">Detektyw stanowczo zakwestionowa\u0142 t\u0119 wersj\u0119.<\/p>\n<p data-v-01d4021f=\"\">Na 100 proc. Marcin Romanowski nie by\u0142 ani w Tyraspolu, ani je\u017celi chodzi o Naddniestrze<\/p>\n<p data-v-01d4021f=\"\">\u2013 stwierdzi\u0142.<\/p>\n<p data-v-01d4021f=\"\">Rutkowski przekonuje, \u017ce jego ekipa nie zako\u0144czy\u0142a jednak poszukiwa\u0144. Wr\u0119cz przeciwnie \u2013 ma ju\u017c kolejny trop.<\/p>\n<p>Jest nowy kraj. Rutkowski nie chce go ujawni\u0107<\/p>\n<p data-v-01d4021f=\"\">Mamy wytypowany w tej chwili kraj europejski. Kraj, w kt\u00f3rym mo\u017ce ukrywa\u0107 si\u0119 Marcin Romanowski<\/p>\n<p data-v-01d4021f=\"\">\u2013 powiedzia\u0142.<\/p>\n<p data-v-01d4021f=\"\">Nie chcia\u0142 wskaza\u0107 pa\u0144stwa wprost. Z jego s\u0142\u00f3w wynika jednak, \u017ce chodzi o kraj utrzymuj\u0105cy bliskie relacje z by\u0142ym premierem W\u0119gier Viktorem Orbanem.<\/p>\n<p data-v-01d4021f=\"\">My\u015bl\u0119, \u017ce jest to kraj bardzo mocno zwi\u0105zany, pa\u0144stwo bardzo mocno zwi\u0105zane z poprzednim mocodawc\u0105, mo\u017cna powiedzie\u0107, Marcina Romanowskiego \u2013 Orbanem<\/p>\n<p data-v-01d4021f=\"\">\u2013 m\u00f3wi\u0142 Rutkowski.<\/p>\n<p data-v-01d4021f=\"\">Gdy dziennikarz zapyta\u0142 wprost, czy chodzi o S\u0142owacj\u0119, detektyw nie potwierdzi\u0142, ale r\u00f3wnie\u017c nie zaprzeczy\u0142.<\/p>\n<p data-v-01d4021f=\"\">Nie powiem 'tak&#8217;, nie powiem zaczepnie 'nie&#8217;, ale my\u015bl\u0119, \u017ce puszcz\u0119 oko do premiera S\u0142owacji\u00a0<\/p>\n<p data-v-01d4021f=\"\">\u2013 odpowiedzia\u0142.<\/p>\n<p>Przed wyjazdem powiadomi\u0142 polskie s\u0142u\u017cby<\/p>\n<p data-v-01d4021f=\"\">Detektyw opowiedzia\u0142 r\u00f3wnie\u017c o kulisach swojej wyprawy do Naddniestrza. Jak twierdzi, przed wyjazdem poinformowa\u0142 o planach polskie s\u0142u\u017cby.<\/p>\n<p data-v-01d4021f=\"\">Przekaza\u0142em informacje do szefa Agencji Bezpiecze\u0144stwa. To praktycznie zosta\u0142y przekazane trzy notatki. Dwie przed wyjazdem i jedna po powrocie<\/p>\n<p data-v-01d4021f=\"\">\u2013 relacjonowa\u0142.<\/p>\n<p data-v-01d4021f=\"\">Wed\u0142ug Rutkowskiego jego ekipa po przyje\u017adzie by\u0142a dok\u0142adnie sprawdzana przez przedstawicieli Ministerstwa Bezpiecze\u0144stwa Pa\u0144stwowego. Pierwsza cz\u0119\u015b\u0107 spotkania mia\u0142a polega\u0107 przede wszystkim na zadawaniu pyta\u0144.<\/p>\n<p>Pad\u0142o pytanie o wydanie Romanowskiego<\/p>\n<p data-v-01d4021f=\"\">Rutkowski twierdzi r\u00f3wnie\u017c, \u017ce pod koniec rozmowy funkcjonariusze mieli zapyta\u0107 go, czy w przypadku odnalezienia Romanowskiego mog\u0105 przewie\u017a\u0107 go do granicy z Mo\u0142dawi\u0105 i czy za jego przekazanie zosta\u0142aby wyp\u0142acona nagroda.<\/p>\n<p data-v-01d4021f=\"\">Oczywi\u015bcie powiedzia\u0142em: jak najbardziej tak<\/p>\n<p data-v-01d4021f=\"\">\u2013 relacjonowa\u0142.<\/p>\n<p data-v-01d4021f=\"\">Wcze\u015bniej Rutkowski informowa\u0142, \u017ce podczas pobytu w Naddniestrzu jego ekipa odwiedzi\u0142a plac\u00f3wk\u0119 pocztow\u0105 w Benderach. To w\u0142a\u015bnie z niej mia\u0142 zosta\u0107 nadany list podpisany przez Marcina Romanowskiego.<\/p>\n<p data-v-01d4021f=\"\">Wed\u0142ug jego relacji pracownice poczty nie rozpozna\u0142y jednak poszukiwanego polityka.<\/p>\n<p data-v-01d4021f=\"\">\u017ar. wPolityce.pl za Polsatnews<\/p>\n","protected":false},"excerpt":{"rendered":"Krzysztof Rutkowski twierdzi, \u017ce Marcin Romanowski na pewno nie przebywa\u0142 w Naddniestrzu. To informacja w pe\u0142ni sprzeczna z&hellip;\n","protected":false},"author":2,"featured_media":665354,"comment_status":"","ping_status":"","sticky":false,"template":"","format":"standard","meta":{"footnotes":"","_share_on_mastodon":"0"},"categories":[62713],"tags":[121116,1345,88380,127822,13347,72917,907,99789,4362,2462,1005,380,423,231,127821,123474,3654],"class_list":["post-665353","post","type-post","status-publish","format-standard","has-post-thumbnail","category-donald-tusk","tag-analizy-polityczne","tag-donald-tusk","tag-komentarze-polityczne","tag-kulisy-polityki","tag-opozycja","tag-partie-polityczne","tag-polityka","tag-polityka-krajowa","tag-polityka-zagraniczna","tag-polska-polityka","tag-prezydent","tag-rzad","tag-sejm","tag-sondaze","tag-wiadomosci-polityczne","tag-wpolityce-pl","tag-wybory"],"share_on_mastodon":{"url":"https:\/\/pubeurope.com\/@pl\/117208972454831308","error":""},"_links":{"self":[{"href":"https:\/\/www.europesays.com\/pl\/wp-json\/wp\/v2\/posts\/665353","targetHints":{"allow":["GET"]}}],"collection":[{"href":"https:\/\/www.europesays.com\/pl\/wp-json\/wp\/v2\/posts"}],"about":[{"href":"https:\/\/www.europesays.com\/pl\/wp-json\/wp\/v2\/types\/post"}],"author":[{"embeddable":true,"href":"https:\/\/www.europesays.com\/pl\/wp-json\/wp\/v2\/users\/2"}],"replies":[{"embeddable":true,"href":"https:\/\/www.europesays.com\/pl\/wp-json\/wp\/v2\/comments?post=665353"}],"version-history":[{"count":0,"href":"https:\/\/www.europesays.com\/pl\/wp-json\/wp\/v2\/posts\/665353\/revisions"}],"wp:featuredmedia":[{"embeddable":true,"href":"https:\/\/www.europesays.com\/pl\/wp-json\/wp\/v2\/media\/665354"}],"wp:attachment":[{"href":"https:\/\/www.europesays.com\/pl\/wp-json\/wp\/v2\/media?parent=665353"}],"wp:term":[{"taxonomy":"category","embeddable":true,"href":"https:\/\/www.europesays.com\/pl\/wp-json\/wp\/v2\/categories?post=665353"},{"taxonomy":"post_tag","embeddable":true,"href":"https:\/\/www.europesays.com\/pl\/wp-json\/wp\/v2\/tags?post=665353"}],"curies":[{"name":"wp","href":"https:\/\/api.w.org\/{rel}","templated":true}]}}