{"id":665357,"date":"2026-09-03T20:23:20","date_gmt":"2026-09-03T20:23:20","guid":{"rendered":"https:\/\/www.europesays.com\/pl\/665357\/"},"modified":"2026-09-03T20:23:20","modified_gmt":"2026-09-03T20:23:20","slug":"zarzad-dino-znowu-olal-protest-pracownikow-i-mediacje-moze-dojsc-do-strajku-generalnego","status":"publish","type":"post","link":"https:\/\/www.europesays.com\/pl\/665357\/","title":{"rendered":"Zarz\u0105d Dino znowu ola\u0142 protest pracownik\u00f3w i mediacje, mo\u017ce doj\u015b\u0107 do strajku generalnego"},"content":{"rendered":"<p><img decoding=\"async\" class=\"image--details\" alt=\"\" src=\"https:\/\/www.europesays.com\/pl\/wp-content\/uploads\/2026\/09\/zajawki_donald_17.jpg__1200x0_q85_crop_subsampling-2_width-1200.jpg\" align=\"\" title=\"fot. East News \/ Facebook @OPZZ Konfederacja Pracy w Handlu\" width=\"\" filer_id=\"83774\" data-uuid=\"xhNpmfZx\" thumb_option=\"1\"\/><\/p>\n<p>fot. East News \/ Facebook @OPZZ Konfederacja Pracy w Handlu<\/p>\n<p>Wczoraj\u00a0odby\u0142y si\u0119 mediacje zarz\u0105du Dino Polska z przedstawicielami zwi\u0105zk\u00f3w zawodowych dzia\u0142aj\u0105cych w tej sieci handlowej. Jak poinformowa\u0142a OPZZ Konfederacja Pracy w Handlu, <\/p>\n<p>do porozumienia nie dosz\u0142o<\/p>\n<p>.<\/p>\n<p>&#8222;Pierwsza tura mediacji w sporze zbiorowym zako\u0144czy\u0142a si\u0119 ca\u0142kowitym brakiem porozumienia&#8221; &#8211;\u00a0przekazali we wpisie na Facebooku.<\/p>\n<p>Przypomnijmy, \u017ce konflikt pomi\u0119dzy zarz\u0105dem sieci sklep\u00f3w Dino a pracownikami trwa od wielu miesi\u0119cy. Niew\u0142a\u015bciwe praktyki sieci zacz\u0119\u0142y by\u0107 szerzej nag\u0142a\u015bniane po powstaniu <\/p>\n<p>zwi\u0105zku zawodowego<\/p>\n<p>, kt\u00f3rego przedstawiciele zacz\u0119li zwraca\u0107 uwag\u0119 na z\u0142e warunki pracy w sklepach i magazynach. Pracownicy skar\u017cyli si\u0119 m.in. na <\/p>\n<p>przeci\u0105\u017cenie obowi\u0105zkami, braki kadrowe <\/p>\n<p>oraz <\/p>\n<p>brak \u015bwiadcze\u0144 socjalnych<\/p>\n<p>. Zwracali r\u00f3wnie\u017c uwag\u0119 na zbyt nisk\u0105 temperatur\u0119 w miejscu pracy, co potwierdzi\u0142y kontrole Pa\u0144stwowej Inspekcji Pracy.<\/p>\n<p>W czerwcu informowali\u015bmy r\u00f3wnie\u017c, \u017ce zwi\u0105zkowcy z OPZZ Konfederacji Pracy w Handlu przekazali <\/p>\n<p>Prokuraturze Krajowej<\/p>\n<p> obszern\u0105 dokumentacj\u0119, kt\u00f3ra ma zawiera\u0107 dowody na nieprawid\u0142owo\u015bci w firmie Dino.<\/p>\n<p>Tymczasem, jak informuj\u0105 zwi\u0105zkowcy, wczoraj odby\u0142a si\u0119 pierwsza tura mediacji w sporze zbiorowym, kt\u00f3ra zako\u0144czy\u0142a si\u0119 ca\u0142kowitym brakiem porozumienia. Spotkanie odby\u0142o si\u0119 <\/p>\n<p>2 wrze\u015bnia <\/p>\n<p>o godz. 14 w Centrum Partnerstwa Spo\u0142ecznego &#8222;Dialog&#8221; w Warszawie. W mediacjach uczestniczyli przedstawiciele OPZZ Konfederacja Pracy oraz zarz\u0105du Dino Polska S.A.<\/p>\n<p>Jak jednak podkre\u015bla OPZZ Konfederacja Pracy, na spotkaniu nie pojawi\u0142 si\u0119 \u017caden przedstawiciel w\u0142adz sp\u00f3\u0142ki. Zamiast tego na mediacje dotarli <\/p>\n<p>pe\u0142nomocnicy z kancelarii PCS Paruch<\/p>\n<p>.<\/p>\n<p>&#8222;<\/p>\n<p>Zamiast nich wys\u0142ano prawnicz\u0105 obstaw\u0119<\/p>\n<p>, w tym dw\u00f3ch pe\u0142nomocnik\u00f3w z kancelarii PCS Paruch, znanej ze stosowania brudnych metod i taktyk typu SLAPP w Dino i Kauflandzie, kt\u00f3rzy mieli zaszczu\u0107 przedstawicieli pracownik\u00f3w. Ha\u0144ba! Sk\u0142ad dope\u0142nili radca prawny Dino oraz dyrektor BHP&#8221; &#8211;\u00a0wskazano.<\/p>\n<p>W zwi\u0105zku z niepowodzeniem mediacji, zwi\u0105zkowcy poinformowali, \u017ce zyskali prawo do<\/p>\n<p> strajku ostrzegawczego<\/p>\n<p> w drugim sporze zbiorowym. Jednocze\u015bnie zapowiedzieli, \u017ce \u017c\u0105daj\u0105 zmiany sk\u0142adu reprezentacji sp\u00f3\u0142ki i otwarto\u015bci na rozmowy.<\/p>\n<p>&#8222;B\u0119dziemy kategorycznie domaga\u0107 si\u0119 zmiany reprezentacji ze strony sp\u00f3\u0142ki. Wys\u0142ani prawnicy z PCS Paruch zamiast d\u0105\u017cy\u0107 do rozwi\u0105zania sporu, jedynie zaostrzaj\u0105 konflikt. <\/p>\n<p>Domagamy si\u0119 realnego porozumienia z lud\u017ami, kt\u00f3rzy maj\u0105 decyzyjno\u015b\u0107<\/p>\n<p>&#8221; &#8211; dodaj\u0105 zwi\u0105zkowcy.<\/p>\n<p>Poinformowali r\u00f3wnie\u017c, \u017ce kolejne rozmowy w sporze zbiorowym odb\u0119d\u0105 si\u0119 <\/p>\n<p>24 wrze\u015bnia 2026 roku<\/p>\n<p>, a przedstawiciele OPZZ b\u0119d\u0105 domaga\u0107 si\u0119 obecno\u015bci os\u00f3b decyzyjnych z zarz\u0105du i pilnej poprawy warunk\u00f3w pracy.<\/p>\n<p>W tym samym wpisie zwi\u0105zkowcy odnie\u015bli si\u0119 r\u00f3wnie\u017c do pojawiaj\u0105cych si\u0119 doniesie\u0144 medialnych sp\u00f3\u0142ki dotycz\u0105cych &#8222;setkach milion\u00f3w na podwy\u017cki&#8221;:<\/p>\n<p>&#8222;Kwota ta obejmuje ju\u017c przyznan\u0105 w maju podwy\u017ck\u0119 300 z\u0142, kt\u00f3ra zosta\u0142a wywalczona i przyznana w okresie strajku ostrzegawczego. <\/p>\n<p>To nie s\u0105 \u017cadne nowe, dodatkowe \u015brodki<\/p>\n<p>&#8221; &#8211;\u00a0skomentowano.<\/p>\n<p>Zaakceptuj pliki cookies Meta (Facebook), aby zobaczy\u0107 ten post.<\/p>\n","protected":false},"excerpt":{"rendered":"fot. East News \/ Facebook @OPZZ Konfederacja Pracy w Handlu Wczoraj\u00a0odby\u0142y si\u0119 mediacje zarz\u0105du Dino Polska z przedstawicielami&hellip;\n","protected":false},"author":2,"featured_media":665358,"comment_status":"","ping_status":"","sticky":false,"template":"","format":"standard","meta":{"footnotes":"","_share_on_mastodon":"0"},"categories":[52249],"tags":[857,41997,42,38,40,39,41],"class_list":["post-665357","post","type-post","status-publish","format-standard","has-post-thumbnail","category-dino-polska","tag-dino","tag-dino-polska","tag-pl","tag-poland","tag-polish","tag-polska","tag-polski"],"share_on_mastodon":{"url":"https:\/\/pubeurope.com\/@pl\/117208981258541524","error":""},"_links":{"self":[{"href":"https:\/\/www.europesays.com\/pl\/wp-json\/wp\/v2\/posts\/665357","targetHints":{"allow":["GET"]}}],"collection":[{"href":"https:\/\/www.europesays.com\/pl\/wp-json\/wp\/v2\/posts"}],"about":[{"href":"https:\/\/www.europesays.com\/pl\/wp-json\/wp\/v2\/types\/post"}],"author":[{"embeddable":true,"href":"https:\/\/www.europesays.com\/pl\/wp-json\/wp\/v2\/users\/2"}],"replies":[{"embeddable":true,"href":"https:\/\/www.europesays.com\/pl\/wp-json\/wp\/v2\/comments?post=665357"}],"version-history":[{"count":0,"href":"https:\/\/www.europesays.com\/pl\/wp-json\/wp\/v2\/posts\/665357\/revisions"}],"wp:featuredmedia":[{"embeddable":true,"href":"https:\/\/www.europesays.com\/pl\/wp-json\/wp\/v2\/media\/665358"}],"wp:attachment":[{"href":"https:\/\/www.europesays.com\/pl\/wp-json\/wp\/v2\/media?parent=665357"}],"wp:term":[{"taxonomy":"category","embeddable":true,"href":"https:\/\/www.europesays.com\/pl\/wp-json\/wp\/v2\/categories?post=665357"},{"taxonomy":"post_tag","embeddable":true,"href":"https:\/\/www.europesays.com\/pl\/wp-json\/wp\/v2\/tags?post=665357"}],"curies":[{"name":"wp","href":"https:\/\/api.w.org\/{rel}","templated":true}]}}