{"id":665363,"date":"2026-09-03T20:28:22","date_gmt":"2026-09-03T20:28:22","guid":{"rendered":"https:\/\/www.europesays.com\/pl\/665363\/"},"modified":"2026-09-03T20:28:22","modified_gmt":"2026-09-03T20:28:22","slug":"granda-banda-opanuje-jasionowke-oraz-bialystok","status":"publish","type":"post","link":"https:\/\/www.europesays.com\/pl\/665363\/","title":{"rendered":"GRANDA BANDA opanuje Jasion\u00f3wk\u0119 oraz Bia\u0142ystok"},"content":{"rendered":"<p class=\"news__lead\">Podlasie po raz kolejny stanie si\u0119 europejsk\u0105 stolic\u0105 muzyki d\u0119tej. W niedziel\u0119, 6 wrze\u015bnia, w ramach V edycji mi\u0119dzynarodowego projektu GRANDA BANDA na jednej scenie wyst\u0105pi ponad 80-osobowa polsko-esto\u0144ska orkiestra. Wyj\u0105tkowemu widowisku towarzyszy\u0107 b\u0119d\u0105 obchody 50-lecia M\u0142odzie\u017cowej Orkiestry D\u0119tej z Jasion\u00f3wki. Wst\u0119p na plenerowe koncerty jest wolny.<\/p>\n<p>                                                                                                                                                                                                                                                                                    <a name=\"topic_0\">Mi\u0119dzynarodowa fuzja muzyk\u00f3w z Polski i Estonii<\/a>  <\/p>\n<p>Muzyczna fuzja po\u0142\u0105czy M\u0142odzie\u017cow\u0105 Orkiestr\u0119 D\u0119t\u0105 z Jasion\u00f3wki oraz utytu\u0142owany esto\u0144ski zesp\u00f3\u0142 Akademickiej Orkiestry D\u0119t\u0105 Uniwersytetu w Tartu \u201ePOPSID\u201d. Arty\u015bci od miesi\u0119cy \u0107wiczyli wsp\u00f3lny repertuar zdalnie, a tu\u017c przed wielkim fina\u0142em spotkaj\u0105 si\u0119 na intensywnych warsztatach. Efektem tej mi\u0119dzynarodowej wsp\u00f3\u0142pracy b\u0119dzie pot\u0119\u017cne brzmienie po\u0142\u0105czonych si\u0142 obu orkiestr.<\/p>\n<p><img loading=\"lazy\" decoding=\"async\" height=\"985\" src=\"https:\/\/www.europesays.com\/pl\/wp-content\/uploads\/2026\/09\/inline__1854724_8540.jpg\" width=\"700\"\/><\/p>\n<p>  <a name=\"topic_1\">Z\u0142oty Jubileusz i pami\u0105tkowy mural w Jasion\u00f3wce<\/a>  <\/p>\n<p>Tegoroczna edycja ma wymiar szczeg\u00f3lny ze wzgl\u0119du na Z\u0142oty Jubileusz orkiestry z Jasion\u00f3wki. Zesp\u00f3\u0142 prowadzony przez Adama Stasiewicza i Huberta Buharewicza od p\u00f3\u0142 wieku stanowi serce kulturalne gminy. Z tej okazji na budynku Zespo\u0142u Szkolno-Przedszkolnego zostanie uroczy\u015bcie ods\u0142oni\u0119ty pami\u0105tkowy mural, kt\u00f3ry upami\u0119tni pokolenia lokalnych muzyk\u00f3w.<\/p>\n<p>  <a name=\"topic_2\">Wielkie show z ta\u0144cem, wokalem i widowiskowym show<\/a>  <\/p>\n<p>Wydarzenie to kompletne widowisko estradowe. Publiczno\u015b\u0107 us\u0142yszy \u015bwiatowe i polskie hity, takie jak \u201eLibertango\u201d, \u201eHot Stuff\u201d, \u201eBia\u0142a Armia\u201d czy \u201eZacznij od Bacha\u201d. Na scenie orkiestrze towarzyszy\u0107 b\u0119d\u0105 wokali\u015bci Julianna Ola\u0144ska i Micha\u0142 Kapelko, tancerze Klubu Kadryl Bia\u0142ystok oraz ma\u017coretki z zespo\u0142u \u201eTAKT\u201d z Jasion\u00f3wki. Ca\u0142o\u015b\u0107 poprowadzi dziennikarz Andrzej Bajguz.<\/p>\n<p>  <a name=\"topic_3\">Dwa koncerty plenerowe w Jasion\u00f3wce i Bia\u0142ymstoku<\/a>  <\/p>\n<p>Niedzielne \u015bwi\u0119to muzyki podzielono na dwa etapy. O godz. 13:00 rozpocznie si\u0119 koncert plenerowy w Jasion\u00f3wce po\u0142\u0105czony z ods\u0142oni\u0119ciem muralu. Z kolei o godz. 17:30 muzycy przenios\u0105 si\u0119 na Rynek Ko\u015bciuszki w Bia\u0142ymstoku, gdzie odb\u0119dzie si\u0119 wielki koncert fina\u0142owy. Organizatorami imprezy s\u0105 Gmina Jasion\u00f3wka, lokalny GOKST oraz M\u0142odzie\u017cowa Orkiestra D\u0119ta.<\/p>\n<p>Wybieracie si\u0119 na koncert do Jasion\u00f3wki czy na Rynek Ko\u015bciuszki w Bia\u0142ymstoku? Dajcie zna\u0107 w komentarzach i podzielcie si\u0119 swoimi wra\u017ceniami!<\/p>\n<p>PS<\/p>\n<p>                                                                                                                                                                                                        ]]><\/p>\n","protected":false},"excerpt":{"rendered":"Podlasie po raz kolejny stanie si\u0119 europejsk\u0105 stolic\u0105 muzyki d\u0119tej. W niedziel\u0119, 6 wrze\u015bnia, w ramach V edycji&hellip;\n","protected":false},"author":2,"featured_media":665364,"comment_status":"","ping_status":"","sticky":false,"template":"","format":"standard","meta":{"footnotes":"","_share_on_mastodon":"0"},"categories":[51614],"tags":[55708,2151,52540,129319,55363,118928,261,129326,129325,129318,129323,58839,42,38,40,39,41,129321,113273,124592,12898,52536,18429,129320,129317,129324,129322],"class_list":["post-665363","post","type-post","status-publish","format-standard","has-post-thumbnail","category-bialystok","tag-akademia-przyszlosci","tag-bialystok","tag-dom-kultury","tag-jasionowka","tag-klub-nocny","tag-koncert-plenerowy","tag-kultura","tag-mazoretki-takt","tag-mazoretki-taktbialystok","tag-miedzynarodowa-orkiestra-deta","tag-mural-w-jasionowce","tag-murale","tag-pl","tag-poland","tag-polish","tag-polska","tag-polski","tag-popsid","tag-rynek-kosciuszki-bialystok","tag-rynek-kosciuszki-w-bialymstoku","tag-taniec","tag-tor-wschodzacy-bialystok","tag-uber","tag-uniwersytet-w-tartu","tag-uroczystosci-koscielne","tag-warsztaty-muzyczne","tag-zloty-jubileusz-orkiestry"],"share_on_mastodon":{"url":"https:\/\/pubeurope.com\/@pl\/117209001229427791","error":""},"_links":{"self":[{"href":"https:\/\/www.europesays.com\/pl\/wp-json\/wp\/v2\/posts\/665363","targetHints":{"allow":["GET"]}}],"collection":[{"href":"https:\/\/www.europesays.com\/pl\/wp-json\/wp\/v2\/posts"}],"about":[{"href":"https:\/\/www.europesays.com\/pl\/wp-json\/wp\/v2\/types\/post"}],"author":[{"embeddable":true,"href":"https:\/\/www.europesays.com\/pl\/wp-json\/wp\/v2\/users\/2"}],"replies":[{"embeddable":true,"href":"https:\/\/www.europesays.com\/pl\/wp-json\/wp\/v2\/comments?post=665363"}],"version-history":[{"count":0,"href":"https:\/\/www.europesays.com\/pl\/wp-json\/wp\/v2\/posts\/665363\/revisions"}],"wp:featuredmedia":[{"embeddable":true,"href":"https:\/\/www.europesays.com\/pl\/wp-json\/wp\/v2\/media\/665364"}],"wp:attachment":[{"href":"https:\/\/www.europesays.com\/pl\/wp-json\/wp\/v2\/media?parent=665363"}],"wp:term":[{"taxonomy":"category","embeddable":true,"href":"https:\/\/www.europesays.com\/pl\/wp-json\/wp\/v2\/categories?post=665363"},{"taxonomy":"post_tag","embeddable":true,"href":"https:\/\/www.europesays.com\/pl\/wp-json\/wp\/v2\/tags?post=665363"}],"curies":[{"name":"wp","href":"https:\/\/api.w.org\/{rel}","templated":true}]}}