{"id":665367,"date":"2026-09-03T20:31:20","date_gmt":"2026-09-03T20:31:20","guid":{"rendered":"https:\/\/www.europesays.com\/pl\/665367\/"},"modified":"2026-09-03T20:31:20","modified_gmt":"2026-09-03T20:31:20","slug":"tragedia-podczas-podlaczania-akumulatora-traktorzysta-zginal-przygnieciony-przez-maszyne","status":"publish","type":"post","link":"https:\/\/www.europesays.com\/pl\/665367\/","title":{"rendered":"Tragedia podczas pod\u0142\u0105czania akumulatora. Traktorzysta zgin\u0105\u0142 przygnieciony przez maszyn\u0119"},"content":{"rendered":"<p>Do wypadku dosz\u0142o w czwartek, 3 wrze\u015bnia, w miejscowo\u015bci Sobieska Wola Druga w powiecie lubelskim. S\u0142u\u017cby ratunkowe zosta\u0142y zaalarmowane o potr\u0105ceniu m\u0119\u017cczyzny na terenie gospodarstwa rolnego.<\/p>\n<p>Na miejscu interweniowa\u0142a stra\u017c po\u017carna z JRG w Bychawie oraz z jednostek OSP Krzczon\u00f3w i \u017buk\u00f3w, zesp\u00f3\u0142 ratownictwa medycznego, policja, a tak\u017ce lotnicze pogotowie ratunkowe.<\/p>\n<p>Ze wst\u0119pnych ustale\u0144 wynika, i\u017c m\u0119\u017cczyzna podpina\u0142 co ci\u0105gnika rolniczego akumulator. Maszyna nagle odpali\u0142a i ruszy\u0142a do przodu przeje\u017cd\u017caj\u0105c po 60-latku.<\/p>\n<p>Niestety pomimo stara\u0144 ratownik\u00f3w, a tak\u017ce przeprowadzonej resuscytacji kr\u0105\u017ceniowo-oddechowej \u017cycia traktorzysty nie uda\u0142o si\u0119 uratowa\u0107. Teraz policjanci pod nadzorem prokuratora prowadz\u0105 czynno\u015bci wyja\u015bniaj\u0105ce.<\/p>\n<p><img aria-describedby=\"caption-attachment-525959\" loading=\"lazy\" decoding=\"async\" class=\"size-medium wp-image-525959\" src=\"https:\/\/www.europesays.com\/pl\/wp-content\/uploads\/2026\/09\/144d41-640x425.jpg\" alt=\"Tragedia podczas pod\u0142\u0105czania akumulatora. Traktorzysta zgin\u0105\u0142 przygnieciony przez maszyn\u0119\" width=\"500\" height=\"332\"  \/><\/p>\n<p id=\"caption-attachment-525959\" class=\"wp-caption-text\">fot. nades\u0142ane<\/p>\n<p><img aria-describedby=\"caption-attachment-525960\" loading=\"lazy\" decoding=\"async\" class=\"size-medium wp-image-525960\" src=\"https:\/\/www.europesays.com\/pl\/wp-content\/uploads\/2026\/09\/144d40-640x480.jpg\" alt=\"Tragedia podczas pod\u0142\u0105czania akumulatora. Traktorzysta zgin\u0105\u0142 przygnieciony przez maszyn\u0119\" width=\"500\" height=\"375\"  \/><\/p>\n<p id=\"caption-attachment-525960\" class=\"wp-caption-text\">fot. nades\u0142ane<\/p>\n<p>\n                                    <a href=\"https:\/\/www.google.com\/preferences\/source?q=lublin112.pl\" target=\"_blank\" rel=\"noopener noreferrer nofollow\" onclick=\"if (!window.__cfRLUnblockHandlers) return false; gtag(&#039;event&#039;, &#039;google_preferred_source_click&#039;, {&#010;                                           &#039;link_url&#039;: this.href,&#010;                                           &#039;link_text&#039;: &#039;Ustaw lublin112.pl jako preferowane \u017ar\u00f3d\u0142o&#039;&#010;                                       });\" style=\"text-align:center;display:block;\" data-cf-modified-b18a8ea52574ff3fed71f375-=\"\"><br \/>\n                                        <img decoding=\"async\" src=\"https:\/\/www.europesays.com\/pl\/wp-content\/uploads\/2026\/09\/1788467480_14_lublin112-google-source.webp\" alt=\"Ustaw lublin112.pl jako preferowane \u017ar\u00f3d\u0142o w Google\" style=\"max-width: 70%;\"\/><br \/>\n                                    <\/a><br \/>\n                                    <\/p>\n","protected":false},"excerpt":{"rendered":"Do wypadku dosz\u0142o w czwartek, 3 wrze\u015bnia, w miejscowo\u015bci Sobieska Wola Druga w powiecie lubelskim. S\u0142u\u017cby ratunkowe zosta\u0142y&hellip;\n","protected":false},"author":2,"featured_media":665368,"comment_status":"","ping_status":"","sticky":false,"template":"","format":"standard","meta":{"footnotes":"","_share_on_mastodon":"0"},"categories":[51612],"tags":[28914,1081,42,38,40,39,41,129327,129328,19170,12867,2588,129329,127144],"class_list":["post-665367","post","type-post","status-publish","format-standard","has-post-thumbnail","category-lublin","tag-ciagnik","tag-lublin","tag-pl","tag-poland","tag-polish","tag-polska","tag-polski","tag-sobieska-wola","tag-sobieska-wola-druga","tag-tragiczny-wypadek","tag-traktor","tag-wypadek","tag-wypadek-w-gospodarstwie","tag-wypadek-w-rolnictwie"],"share_on_mastodon":{"url":"https:\/\/pubeurope.com\/@pl\/117209012832967293","error":""},"_links":{"self":[{"href":"https:\/\/www.europesays.com\/pl\/wp-json\/wp\/v2\/posts\/665367","targetHints":{"allow":["GET"]}}],"collection":[{"href":"https:\/\/www.europesays.com\/pl\/wp-json\/wp\/v2\/posts"}],"about":[{"href":"https:\/\/www.europesays.com\/pl\/wp-json\/wp\/v2\/types\/post"}],"author":[{"embeddable":true,"href":"https:\/\/www.europesays.com\/pl\/wp-json\/wp\/v2\/users\/2"}],"replies":[{"embeddable":true,"href":"https:\/\/www.europesays.com\/pl\/wp-json\/wp\/v2\/comments?post=665367"}],"version-history":[{"count":0,"href":"https:\/\/www.europesays.com\/pl\/wp-json\/wp\/v2\/posts\/665367\/revisions"}],"wp:featuredmedia":[{"embeddable":true,"href":"https:\/\/www.europesays.com\/pl\/wp-json\/wp\/v2\/media\/665368"}],"wp:attachment":[{"href":"https:\/\/www.europesays.com\/pl\/wp-json\/wp\/v2\/media?parent=665367"}],"wp:term":[{"taxonomy":"category","embeddable":true,"href":"https:\/\/www.europesays.com\/pl\/wp-json\/wp\/v2\/categories?post=665367"},{"taxonomy":"post_tag","embeddable":true,"href":"https:\/\/www.europesays.com\/pl\/wp-json\/wp\/v2\/tags?post=665367"}],"curies":[{"name":"wp","href":"https:\/\/api.w.org\/{rel}","templated":true}]}}