{"id":665383,"date":"2026-09-03T20:39:13","date_gmt":"2026-09-03T20:39:13","guid":{"rendered":"https:\/\/www.europesays.com\/pl\/665383\/"},"modified":"2026-09-03T20:39:13","modified_gmt":"2026-09-03T20:39:13","slug":"w-holandii-glosno-po-przegranej-z-polska-na-me-padlo-jedno-nazwisko","status":"publish","type":"post","link":"https:\/\/www.europesays.com\/pl\/665383\/","title":{"rendered":"W Holandii g\u0142o\u015bno po przegranej z Polsk\u0105 na ME. Pad\u0142o jedno nazwisko"},"content":{"rendered":"<p>Bia\u0142o-Czerwone maj\u0105 za sob\u0105 siedem spotka\u0144 na ME. W fazie grupowej pokona\u0142y W\u0119gry 3:0, \u0141otw\u0119 3:1, S\u0142oweni\u0119 i Niemcy po 3:0 oraz Turcj\u0119 3:2. W 1\/8 fina\u0142u bez wi\u0119kszych problem\u00f3w ogra\u0142y Portugali\u0119 3:0, ale to w \u0107wier\u0107finale czeka\u0142 je znacznie trudniejszy test.<\/p>\n<p>Dalszy ci\u0105g artyku\u0142u pod materia\u0142em wideo<\/p>\n<p>Z Holandi\u0105 podopieczne Stefano Lavariniego prowadzi\u0142y 1:0, straci\u0142y drugiego seta, ale p\u00f3\u017aniej ponownie przej\u0119\u0142y inicjatyw\u0119 i wygra\u0142y ostatecznie po dramatycznej i bardzo ciekawej ko\u0144c\u00f3wce 3:1 (25:16, 20:25, 25:20, 25:23), zapewniaj\u0105c sobie awans do najlepszej &#8222;4&#8221;.<\/p>\n<p><a href=\"https:\/\/przegladsportowy.onet.pl\/\" title=\"Strona g\u0142\u00f3wna serwisu\" aria-label=\"Strona g\u0142\u00f3wna serwisu\" data-astro-prefetch=\"tap\" class=\"ods-a-logo-main-desktop\" rel=\"nofollow noopener\" target=\"_blank\"><img src=\"https:\/\/cdn.przegladsportowy.onet.pl\/img\/Logo_desktop_Onet.svg\" class=\"ods-a-logo-main-desktop__image\" alt=\"Logo\" width=\"107\" height=\"60\" fetchpriority=\"high\" decoding=\"sync\" style=\"height:60px\"\/><\/a><\/p>\n<p class=\"ods-m-google-article__text\">Czytaj nas cz\u0119\u015bciej w Google<\/p>\n<p><a href=\"https:\/\/google.com\/preferences\/source?q=przegladsportowy.onet.pl\" target=\"_blank\" rel=\"noopener noreferrer nofollow\" aria-label=\"Dodaj w Google\" title=\"Dodaj w Google\" class=\"ods-a-button ods-a-button__primary ods-a-button__default ods-a-button-l\">Dodaj w Google<\/a><\/p>\n<p>&#8222;Ka\u017cda z holenderskich zawodniczek zapewne przyzna, \u017ce z meczu przeciwko Polsce mo\u017cna by\u0142o wyci\u0105gn\u0105\u0107 wi\u0119cej ni\u017c cztery sety. O r\u00f3\u017cnicy zadecydowa\u0142y b\u0142\u0119dy i niedok\u0142adno\u015bci, kt\u00f3rych po stronie Holandii by\u0142o nieco wi\u0119cej ni\u017c u Polek&#8221; \u2014 donosi volleybal.nl.<\/p>\n<p>Holendrzy ocenili mecz z Polsk\u0105. &#8222;Zbyt dotkliwy&#8221;<\/p>\n<p>Serwis opisuj\u0105c ko\u0144cowe fragmenty rywalizacji podkre\u015bla \u015bwietn\u0105 dyspozycj\u0119 Martyny Czyrnia\u0144skiej. &#8222;Rezerwowa wprowadzi\u0142a sporo zamieszania swoj\u0105 zagrywk\u0105 i pozwoli\u0142a Polsce ca\u0142kowicie wr\u00f3ci\u0107 do gry \u2014 zrobi\u0142o si\u0119 21:22. Po b\u0142\u0119dzie przy siatce zamiast 23:22 dla Holandii by\u0142o 22:23. Ten cios okaza\u0142 si\u0119 zbyt dotkliwy. Polska wygra\u0142a seta 25:23&#8221; \u2014 czytamy.<\/p>\n<p>&#8222;Tym samym odpadni\u0119cie Holandii sta\u0142o si\u0119 faktem. Oranje mog\u0142y jednak opu\u015bci\u0107 turniej z podniesion\u0105 g\u0142ow\u0105&#8221; \u2014 podsumowano.<\/p>\n<p><img class=\"ods-a-photo ods-a-photo--background\" src=\"https:\/\/www.europesays.com\/pl\/wp-content\/uploads\/2026\/09\/ugqk9lBaHR0cHM6Ly9vY2RuLmV1L3B1bHNjbXMvTURBXy81NjMxMTg0MjBjYTkzNGU5MTExMThkZDJlNTI4ZTIwZC5wbmeRkwXNB.jpeg\" height=\"329\" width=\"940\" alt=\"volleybal.nl\" loading=\"lazy\" fetchpriority=\"auto\" decoding=\"auto\" url=\"https:\/\/ocdn.eu\/pulscms\/MDA_\/563118420ca934e911118dd2e528e20d.png\" description=\"volleybal.nl\" author=\"volleybal.nl \/ screen \/ Bez podania \u017ar\u00f3d\u0142a\" source=\"\" link=\"\"\/><\/p>\n<p>volleybal.nl \/ screen \/ Bez podania \u017ar\u00f3d\u0142a<\/p>\n<p>volleybal.nl<\/p>\n<p>&#8222;Holenderki minimalnie s\u0142absze od faworyzowanych Polek&#8221; \u2014 to natomiast tytu\u0142 zamieszczony w relacji pomeczowej na \u0142amach nos.nl. &#8222;Br\u0105zowe medalistki poprzedniej edycji z 2023 r., mimo bardzo dobrego meczu w Stambule, musia\u0142y uzna\u0107 wy\u017cszo\u015b\u0107 Polski, czwartej dru\u017cyny \u015bwiata&#8221; \u2014 zauwa\u017cono.<\/p>\n<p>Dziennikarze serwisu zwracaj\u0105 uwag\u0119 przede wszystkim na to, \u017ce Holenderki potrafi\u0142y wr\u00f3ci\u0107 do meczu po s\u0142abym pierwszym secie i d\u0142ugo utrzymywa\u0142y presj\u0119 na Polkach, ale w kluczowych fragmentach \u2014 szczeg\u00f3lnie w ko\u0144c\u00f3wce czwartej partii \u2014 faworytki podnios\u0142y poziom i przej\u0119\u0142y inicjatyw\u0119.<\/p>\n<p><img class=\"ods-a-photo ods-a-photo--background\" src=\"https:\/\/www.europesays.com\/pl\/wp-content\/uploads\/2026\/09\/boIk9lBaHR0cHM6Ly9vY2RuLmV1L3B1bHNjbXMvTURBXy8yODFmMjhjYThiYmJjMjc2MmU4MjJjYTFiY2Q2NTdiNS5wbmeRkwXNB.jpeg\" height=\"747\" width=\"940\" alt=\"nos.nl\" loading=\"lazy\" fetchpriority=\"auto\" decoding=\"auto\" url=\"https:\/\/ocdn.eu\/pulscms\/MDA_\/281f28ca8bbbc2762e822ca1bcd657b5.png\" description=\"nos.nl\" author=\"nos.nl \/ screen \/ Bez podania \u017ar\u00f3d\u0142a\" source=\"\" link=\"\"\/><\/p>\n<p>nos.nl \/ screen \/ Bez podania \u017ar\u00f3d\u0142a<\/p>\n<p>nos.nl<\/p>\n<p>&#8222;Pierwsz\u0105 pi\u0142k\u0119 meczow\u0105 Oranje zdo\u0142a\u0142y obroni\u0107, ale przy drugiej Polska postawi\u0142a kropk\u0119 nad i&#8221; \u2014 zaznaczono.<\/p>\n<p>Polska \u2014 W\u0142ochy. Mecz o wielki fina\u0142 siatkarskich ME<\/p>\n<p>&#8222;Holandia i Polska d\u0142ugo toczy\u0142y wyr\u00f3wnane, emocjonuj\u0105ce starcie, kt\u00f3re przez chwil\u0119 wydawa\u0142o si\u0119 zmierza\u0107 do decyduj\u0105cej partii. W czwartym secie Holenderki odskoczy\u0142y na trzy punkty, ale Polki odrobi\u0142y straty, a nast\u0119pnie wykorzysta\u0142y drug\u0105 pi\u0142k\u0119 meczow\u0105&#8221; \u2014 donosi serwis nu.nl.<\/p>\n<p>W p\u00f3\u0142finale Polki zmierz\u0105 si\u0119 z W\u0142oszkami, aktualnymi mistrzyniami \u015bwiata i mistrzyniami olimpijskimi. Wiadomo ju\u017c, \u017ce mecz rozegrany zostanie w sobot\u0119 5 wrze\u015bnia o godz. 18.00. Spotkania w strefie medalowej odb\u0119d\u0105 si\u0119 na hali w Stambule. <\/p>\n","protected":false},"excerpt":{"rendered":"Bia\u0142o-Czerwone maj\u0105 za sob\u0105 siedem spotka\u0144 na ME. W fazie grupowej pokona\u0142y W\u0119gry 3:0, \u0141otw\u0119 3:1, S\u0142oweni\u0119 i&hellip;\n","protected":false},"author":2,"featured_media":665384,"comment_status":"","ping_status":"","sticky":false,"template":"","format":"standard","meta":{"footnotes":"","_share_on_mastodon":"0"},"categories":[12],"tags":[128177,61195,123862,48,46,42,38,40,39,41,47,131,130,128178],"class_list":["post-665383","post","type-post","status-publish","format-standard","has-post-thumbnail","category-polska","tag-adshield_tst2","tag-bottomfeed_styl","tag-mistrzostwa_europy_siatkarek","tag-nat_styl","tag-omp","tag-pl","tag-poland","tag-polish","tag-polska","tag-polski","tag-screening_general","tag-siatkowka","tag-wiadomosci_sportowe","tag-wthl_off"],"share_on_mastodon":{"url":"https:\/\/pubeurope.com\/@pl\/117209044406165749","error":""},"_links":{"self":[{"href":"https:\/\/www.europesays.com\/pl\/wp-json\/wp\/v2\/posts\/665383","targetHints":{"allow":["GET"]}}],"collection":[{"href":"https:\/\/www.europesays.com\/pl\/wp-json\/wp\/v2\/posts"}],"about":[{"href":"https:\/\/www.europesays.com\/pl\/wp-json\/wp\/v2\/types\/post"}],"author":[{"embeddable":true,"href":"https:\/\/www.europesays.com\/pl\/wp-json\/wp\/v2\/users\/2"}],"replies":[{"embeddable":true,"href":"https:\/\/www.europesays.com\/pl\/wp-json\/wp\/v2\/comments?post=665383"}],"version-history":[{"count":0,"href":"https:\/\/www.europesays.com\/pl\/wp-json\/wp\/v2\/posts\/665383\/revisions"}],"wp:featuredmedia":[{"embeddable":true,"href":"https:\/\/www.europesays.com\/pl\/wp-json\/wp\/v2\/media\/665384"}],"wp:attachment":[{"href":"https:\/\/www.europesays.com\/pl\/wp-json\/wp\/v2\/media?parent=665383"}],"wp:term":[{"taxonomy":"category","embeddable":true,"href":"https:\/\/www.europesays.com\/pl\/wp-json\/wp\/v2\/categories?post=665383"},{"taxonomy":"post_tag","embeddable":true,"href":"https:\/\/www.europesays.com\/pl\/wp-json\/wp\/v2\/tags?post=665383"}],"curies":[{"name":"wp","href":"https:\/\/api.w.org\/{rel}","templated":true}]}}