{"id":665389,"date":"2026-09-03T20:42:13","date_gmt":"2026-09-03T20:42:13","guid":{"rendered":"https:\/\/www.europesays.com\/pl\/665389\/"},"modified":"2026-09-03T20:42:13","modified_gmt":"2026-09-03T20:42:13","slug":"arsenal-bije-rekord-tak-drogo-nie-sprzedal-jeszcze-nikogo","status":"publish","type":"post","link":"https:\/\/www.europesays.com\/pl\/665389\/","title":{"rendered":"Arsenal bije rekord. Tak drogo nie sprzeda\u0142 jeszcze nikogo"},"content":{"rendered":"<p>Kanonierzy nie\u00a0s\u0142yn\u0105 z\u00a0wielkich transfer\u00f3w wychodz\u0105cych. Ekipa z\u00a0Londynu cz\u0119\u015bciej kupuje zawodnik\u00f3w za\u00a0grube miliony, a\u00a0je\u015bli ju\u017c kogo\u015b sprzedaje, to\u00a0zwykle za\u00a0frytki. Tym razem jest jednak inaczej, bowiem Arsenal bije transferowy rekord, sprzedaj\u0105c swojego zawodnika do\u00a0ligi saudyjskiej.<\/p>\n<p>Gabriel Martinelli sp\u0119dzi\u0142 na\u00a0Emirates kilka dobrych lat \u2013 do\u00a0Arsenalu do\u0142\u0105czy\u0142 w\u00a0roku 2019 i\u00a0od\u00a0tego czasu rozegra\u0142 dla Kanonier\u00f3w 278 mecz\u00f3w. \u2013 Wszyscy w\u00a0Arsenalu chcieliby podzi\u0119kowa\u0107 Gabiemu za\u00a0jego wk\u0142ad w\u00a0klub i\u00a0\u017cyczy\u0107 mu\u00a0i\u00a0jego rodzinie powodzenia na\u00a0przysz\u0142o\u015b\u0107 \u2013 czytamy w\u00a0komunikacie klubu.<\/p>\n<blockquote class=\"twitter-tweet\">\n<p dir=\"ltr\" lang=\"en\">Forever a\u00a0Gunner \u2764\ufe0f<\/p>\n<p>The club can confirm that Gabriel Martinelli has joined Al-Hilal on\u00a0a\u00a0permanent deal.<\/p>\n<p>Thank you for everything and best of luck, Gabi \ud83e\udd1d<\/p>\n<p>\u2014\u00a0Arsenal (@Arsenal) <a href=\"https:\/\/x.com\/Arsenal\/status\/2095549885617668445?ref_src=twsrc%5Etfw\" target=\"_blank\" rel=\"noopener noreferrer nofollow\">September 3, 2026<\/a><\/p>\n<\/blockquote>\n<p>Arsenal nigdy tak\u00a0drogo nie\u00a0sprzedawa\u0142. Martinelli jedzie na\u00a0P\u00f3\u0142wysep Arabski<\/p>\n<p>Martinelli na\u00a0mocy transferu przenosi si\u0119 do\u00a0Al-Hilal za\u00a0solidn\u0105 kwot\u0119 oko\u0142o 70 milion\u00f3w euro i\u00a0jednocze\u015bnie prawie dwukrotnie bije dotychczasowy rekord transfer\u00f3w wychodz\u0105cych Arsenalu. Dotychczas najdro\u017cej sprzedanym pi\u0142karzem The Gunners by\u0142\u2026 Alex Oxlade-Chamberlain, kt\u00f3ry\u00a0latem 2017 roku przechodzi\u0142 do\u00a0Liverpoolu za\u00a038 milion\u00f3w. Co\u00a0ciekawe, na\u00a0trzecim miejscu zestawienia ruch\u00f3w z\u00a0Arsenalu znajduje si\u0119 Nicolas Anelka, kt\u00f3ry\u00a0ekip\u0119 z\u00a0Londynu opu\u015bci\u0142 w\u2026 1999 roku.<\/p>\n<p>\u015awie\u017co podpisany przez\u00a0Martinellego kontrakt z\u00a0Al-Hilal ma\u00a0obowi\u0105zywa\u0107 do\u00a0ko\u0144ca czerwca 2027 roku.<\/p>\n<p>Fot.\u00a0Newspix<\/p>\n","protected":false},"excerpt":{"rendered":"Kanonierzy nie\u00a0s\u0142yn\u0105 z\u00a0wielkich transfer\u00f3w wychodz\u0105cych. Ekipa z\u00a0Londynu cz\u0119\u015bciej kupuje zawodnik\u00f3w za\u00a0grube miliony, a\u00a0je\u015bli ju\u017c kogo\u015b sprzedaje, to\u00a0zwykle za\u00a0frytki.&hellip;\n","protected":false},"author":2,"featured_media":665390,"comment_status":"","ping_status":"","sticky":false,"template":"","format":"standard","meta":{"footnotes":"","_share_on_mastodon":"0"},"categories":[24],"tags":[6968,15967,42,38,40,39,41,127,126],"class_list":["post-665389","post","type-post","status-publish","format-standard","has-post-thumbnail","category-sport","tag-arsenal","tag-gabriel-martinelli","tag-pl","tag-poland","tag-polish","tag-polska","tag-polski","tag-sport","tag-sports"],"share_on_mastodon":{"url":"https:\/\/pubeurope.com\/@pl\/117209054949516341","error":""},"_links":{"self":[{"href":"https:\/\/www.europesays.com\/pl\/wp-json\/wp\/v2\/posts\/665389","targetHints":{"allow":["GET"]}}],"collection":[{"href":"https:\/\/www.europesays.com\/pl\/wp-json\/wp\/v2\/posts"}],"about":[{"href":"https:\/\/www.europesays.com\/pl\/wp-json\/wp\/v2\/types\/post"}],"author":[{"embeddable":true,"href":"https:\/\/www.europesays.com\/pl\/wp-json\/wp\/v2\/users\/2"}],"replies":[{"embeddable":true,"href":"https:\/\/www.europesays.com\/pl\/wp-json\/wp\/v2\/comments?post=665389"}],"version-history":[{"count":0,"href":"https:\/\/www.europesays.com\/pl\/wp-json\/wp\/v2\/posts\/665389\/revisions"}],"wp:featuredmedia":[{"embeddable":true,"href":"https:\/\/www.europesays.com\/pl\/wp-json\/wp\/v2\/media\/665390"}],"wp:attachment":[{"href":"https:\/\/www.europesays.com\/pl\/wp-json\/wp\/v2\/media?parent=665389"}],"wp:term":[{"taxonomy":"category","embeddable":true,"href":"https:\/\/www.europesays.com\/pl\/wp-json\/wp\/v2\/categories?post=665389"},{"taxonomy":"post_tag","embeddable":true,"href":"https:\/\/www.europesays.com\/pl\/wp-json\/wp\/v2\/tags?post=665389"}],"curies":[{"name":"wp","href":"https:\/\/api.w.org\/{rel}","templated":true}]}}