{"id":665405,"date":"2026-09-03T20:50:14","date_gmt":"2026-09-03T20:50:14","guid":{"rendered":"https:\/\/www.europesays.com\/pl\/665405\/"},"modified":"2026-09-03T20:50:14","modified_gmt":"2026-09-03T20:50:14","slug":"debata-w-sejmie-o-odrzuceniu-weta-nawrockiego-ws-ustawy-o-rynku-kryptoaktywow-podsumowanie-wprost","status":"publish","type":"post","link":"https:\/\/www.europesays.com\/pl\/665405\/","title":{"rendered":"Debata w Sejmie o odrzuceniu weta Nawrockiego ws. ustawy o rynku kryptoaktyw\u00f3w. Podsumowanie \u2013 Wprost"},"content":{"rendered":"\n<p>&#13;<br \/>\nKarol Nawrocki w\u00a0czerwcu po\u00a0raz trzeci <a href=\"https:\/\/www.wprost.pl\/kraj\/12428400\/sejm-wraca-po-wakacjach-rozlam-w-pis-wybor-sedziego-tk-i-weto-nawrockiego.html\" title=\"Sejm szykuje si\u0119 na\u00a0ostr\u0105 przepychank\u0119. W\u00a0tle nowy s\u0119dzia TK i\u00a0weto Nawrockiego\" rel=\"nofollow noopener\" target=\"_blank\">zawetowa\u0142<\/a> rz\u0105dow\u0105 ustaw\u0119 o\u00a0rynku kryptowalut. Sejm podj\u0105\u0142 pr\u00f3b\u0119 odrzucenia weta. W\u00a0czwartek 3\u00a0wrze\u015bnia pos\u0142owie wys\u0142uchali sprawozdania Komisji Finans\u00f3w Publicznych w\u00a0tej sprawie. \u2013\u00a0Nic si\u0119 w\u00a0tej ustawie nie\u00a0zmieni\u0142o i\u00a0przez szacunek dla\u00a0polskiego podatnika powinni\u015bmy t\u0119\u00a0dyskusj\u0119 w\u0142a\u015bciwie zamkn\u0105\u0107 \u2013\u00a0przekonywa\u0142 szef Kancelarii Prezydenta. Zbigniew Bogucki rzuci\u0142, \u017ce\u00a0\u201emamy do\u00a0czynienia z\u00a0politycznym teatrem\u201d. &#13;\n<\/p>\n<p>&#13;<br \/>\n\u2013 Prawdopodobnie jutro Donald Tusk przegra t\u0119\u00a0batali\u0119 i\u00a0tyko up\u00f3r premiera powoduje to, \u017ce\u00a0marnujemy publiczne pieni\u0105dze, nie\u00a0pochylamy si\u0119 nad kompromisowymi rozwi\u0105zaniami \u2013\u00a0m\u00f3wi\u0142 szef KPRP. Wed\u0142ug Boguckiego celem jest przykrycie rz\u0105dowych afer. Szef Kancelarii Prezydenta przypomnia\u0142, \u017ce\u00a0Sejm odrzuci\u0142 poprawki KPRP oraz\u00a0zbli\u017cony projekt ustawy w\u00a0tej sprawie. Bogucki wymienia\u0142 wydarzenia zwi\u0105zane z\u00a0Zondacrypto, na\u00a0kt\u00f3rych byli ludzie koalicji rz\u0105dz\u0105cej. &#13;\n<\/p>\n<p>Szef Kancelarii Prezydenta uderzy\u0142 w\u00a0TVN, pad\u0142o por\u00f3wnanie do\u00a0TV Republika. \u201eMedialny kartel\u201d<\/p>\n<p>&#13;<br \/>\n\u2013 Dlaczego wasze media, kartel medialny, kt\u00f3ry was chroni, o\u00a0tym nie\u00a0m\u00f3wi? Mam tu na\u00a0my\u015bli TVN, nie\u00a0tylko Republika przyjmowa\u0142a te\u00a0pieni\u0105dze \u2013\u00a0grzmia\u0142 szef Kancelarii Prezydenta. Bogucki kontynuowa\u0142, \u017ce\u00a0to\u00a0w\u00a0\u201eTVN-ie graj\u0105 g\u0142\u00f3wne role\u201d politycy opcji rz\u0105dz\u0105cej. \u2013\u00a0To\u00a0wasza stacja propagandowa \u2013\u00a0stwierdzi\u0142. Wspomnia\u0142 te\u017c o\u00a0\u201e\u015bpi\u0105cym prokuratorze generalnym\u201d. Nast\u0119pnie odby\u0142a si\u0119 w\u00a0tej sprawie dyskusja. &#13;\n<\/p>\n<p>&#13;<br \/>\nMarek Sowa z\u00a0KO zarzuci\u0142 Karolowi Nawrockiemu, \u017ce\u00a0dzia\u0142a na\u00a0szkod\u0119 gospodarki i\u00a0bezpiecze\u0144stwa naszego kraju. \u2013\u00a0Jak mo\u017cna proponowa\u0107 trzy razy to\u00a0samo i\u00a0oczekiwa\u0107 teraz innego rezultatu? To\u00a0si\u0119 k\u0142\u00f3ci z\u00a0elementarn\u0105 logik\u0105 \u2013\u00a0dziwi\u0142 si\u0119 Zbigniew Ku\u017amiuk z\u00a0Prawa i\u00a0Sprawiedliwo\u015bci. Doda\u0142, \u017ce\u00a0Polska \u201ejest pa\u0144stwem z\u00a0tektury\u201d. Janusz Cieszy\u0144ski ze\u00a0stowarzyszenia Mateusza Morawieckiego oceni\u0142, \u017ce\u00a0rz\u0105d mia\u0142 trzy szanse, aby\u00a0zrobi\u0107 dobr\u0105 ustaw\u0119 o\u00a0kryptowalutach, ale\u00a0\u017cadnej nie\u00a0wykorzysta\u0142. &#13;\n<\/p>\n<p>Debata w\u00a0Sejmie o\u00a0odrzuceniu weta Nawrockiego ws. ustawy o\u00a0rynku kryptoaktyw\u00f3w. Podsumowanie<\/p>\n<p>&#13;<br \/>\nWitold Tumanowicz z\u00a0Konfederacji oceni\u0142, \u017ce\u00a0to\u00a0pr\u00f3ba \u201eutopienia opozycji\u201d. Wiceminister finans\u00f3w Jurand Drop ostrzega\u0142, \u017ce\u00a0KE prowadzi wobec Polski post\u0119powanie naruszeniowe w\u00a0zwi\u0105zku z\u00a0niewdro\u017ceniem unijnego rozporz\u0105dzenia MiCA, a\u00a0\u201ekonsekwencj\u0105 mog\u0105 by\u0107 sankcje finansowe\u201d. Polityk zarzuci\u0142 Kancelarii Prezydenta, \u017ce\u00a0jej poprawki \u201es\u0142u\u017c\u0105 temu, \u017ceby konsumenci mogli by\u0107 d\u0142u\u017cej oszukiwani\u201d. &#13;\n<\/p>\n<p>&#13;<br \/>\nZa odrzuceniem weta w\u00a0pi\u0105tkowym g\u0142osowaniu maj\u0105 g\u0142osowa\u0107 Polskie Stronnictwo Ludowe, Lewica, Centrum i\u00a0Razem. Przeciw ma\u00a0g\u0142osowa\u0107 PiS, Konfederacja oraz\u00a0Rozw\u00f3j Plus. Cezary Tomczyk w\u00a0mediach spo\u0142eczno\u015bciowych zwr\u00f3ci\u0142 uwag\u0119 na\u00a0zbie\u017cno\u015b\u0107 w\u00a0przem\u00f3wieniach Boguckiego oraz\u00a0S\u0142awomira Mentzena ze\u00a0s\u0142owami, kt\u00f3re wyg\u0142asza\u0142 Przemys\u0142aw Kral. &#13;\n<\/p>\n<p>&#13;<br \/>\n   Czytaj te\u017c:<br \/><a href=\"https:\/\/www.wprost.pl\/kraj\/12430404\/glosowanie-ws-odrzucenia-weta-nawrockiego-kaczynski-ujawnil-co-zrobi.html\" rel=\"follow nofollow noopener\" data-schema=\"WPROST\" data-image=\"https:\/\/img.wprost.pl\/_thumb\/59\/47\/c3b627d988e26aa9ece57f39ce11.jpeg\" target=\"_blank\">G\u0142osowanie ws. odrzucenia weta. Prezes PiS stanie w\u00a0obronie prezydenta?<\/a>   Czytaj te\u017c:<br \/><a href=\"https:\/\/www.wprost.pl\/edukacja\/12426348\/karol-nawrocki-i-weto-ws-edziennika-blyskawiczna-reakcja-men.html\" rel=\"follow nofollow noopener\" data-schema=\"WPROST\" data-image=\"https:\/\/img.wprost.pl\/_thumb\/bf\/76\/09ecdf0b69eef468b3ff10dd2849.jpeg\" target=\"_blank\">Wrze po\u00a0wecie Nawrockiego. Jest b\u0142yskawiczna reakcja MEN. Wystarczy\u0142o jedno zdanie<\/a>&#13;<\/p>\n","protected":false},"excerpt":{"rendered":"&#13; Karol Nawrocki w\u00a0czerwcu po\u00a0raz trzeci zawetowa\u0142 rz\u0105dow\u0105 ustaw\u0119 o\u00a0rynku kryptowalut. Sejm podj\u0105\u0142 pr\u00f3b\u0119 odrzucenia weta. W\u00a0czwartek 3\u00a0wrze\u015bnia&hellip;\n","protected":false},"author":2,"featured_media":665406,"comment_status":"","ping_status":"","sticky":false,"template":"","format":"standard","meta":{"footnotes":"","_share_on_mastodon":"0"},"categories":[62712],"tags":[3949,690,49,77781,52592,1315,27516,907,129337,6158,8206,43315],"class_list":["post-665405","post","type-post","status-publish","format-standard","has-post-thumbnail","category-karol-nawrocki","tag-debata","tag-karol-nawrocki","tag-kraj","tag-kryptoaktywa","tag-krystian-winogrodzki","tag-nawrocki","tag-podsumowanie","tag-polityka","tag-sejm-odrzucenie","tag-ustawa","tag-weto","tag-wprost"],"share_on_mastodon":{"url":"https:\/\/pubeurope.com\/@pl\/117209086235570519","error":""},"_links":{"self":[{"href":"https:\/\/www.europesays.com\/pl\/wp-json\/wp\/v2\/posts\/665405","targetHints":{"allow":["GET"]}}],"collection":[{"href":"https:\/\/www.europesays.com\/pl\/wp-json\/wp\/v2\/posts"}],"about":[{"href":"https:\/\/www.europesays.com\/pl\/wp-json\/wp\/v2\/types\/post"}],"author":[{"embeddable":true,"href":"https:\/\/www.europesays.com\/pl\/wp-json\/wp\/v2\/users\/2"}],"replies":[{"embeddable":true,"href":"https:\/\/www.europesays.com\/pl\/wp-json\/wp\/v2\/comments?post=665405"}],"version-history":[{"count":0,"href":"https:\/\/www.europesays.com\/pl\/wp-json\/wp\/v2\/posts\/665405\/revisions"}],"wp:featuredmedia":[{"embeddable":true,"href":"https:\/\/www.europesays.com\/pl\/wp-json\/wp\/v2\/media\/665406"}],"wp:attachment":[{"href":"https:\/\/www.europesays.com\/pl\/wp-json\/wp\/v2\/media?parent=665405"}],"wp:term":[{"taxonomy":"category","embeddable":true,"href":"https:\/\/www.europesays.com\/pl\/wp-json\/wp\/v2\/categories?post=665405"},{"taxonomy":"post_tag","embeddable":true,"href":"https:\/\/www.europesays.com\/pl\/wp-json\/wp\/v2\/tags?post=665405"}],"curies":[{"name":"wp","href":"https:\/\/api.w.org\/{rel}","templated":true}]}}