{"id":665415,"date":"2026-09-03T20:58:24","date_gmt":"2026-09-03T20:58:24","guid":{"rendered":"https:\/\/www.europesays.com\/pl\/665415\/"},"modified":"2026-09-03T20:58:24","modified_gmt":"2026-09-03T20:58:24","slug":"dziady-ruszaja-w-miasto-wyjatkowy-autobus-narodowego-czytania-przejedzie-ulicami-lublina","status":"publish","type":"post","link":"https:\/\/www.europesays.com\/pl\/665415\/","title":{"rendered":"\u201eDziady\u201d ruszaj\u0105 w miasto. Wyj\u0105tkowy autobus Narodowego Czytania przejedzie ulicami Lublina"},"content":{"rendered":"<p>W dniu 5 wrze\u015bnia 2026 roku odb\u0119dzie si\u0119 fina\u0142 15. edycji Narodowego Czytania. Tegoroczna ods\u0142ona og\u00f3lnopolskiej akcji po\u015bwi\u0119cona jest jednemu z najwa\u017cniejszych dzie\u0142 polskiego romantyzmu \u2013 \u201eDziadom\u201d Adama Mickiewicza. W Lublinie tym razem wsp\u00f3lne czytanie nie odb\u0119dzie si\u0119 w bibliotecznej sali ani na tradycyjnej scenie. Literatura wyruszy w tras\u0119. Autobus stanie si\u0119 mobilnym miejscem spotkania z poezj\u0105 Mickiewicza, a pasa\u017cerowie b\u0119d\u0105 mogli nie tylko s\u0142ucha\u0107 czytanych fragment\u00f3w \u201eDziad\u00f3w\u201d, ale r\u00f3wnie\u017c sami w\u0142\u0105czy\u0107 si\u0119 w wydarzenie.<\/p>\n<p>Start pojazdu zaplanowano o godz. 12.00 na przystanku Brama Krakowska 01 przy ul. Lubartowskiej. Nast\u0119pnie autobus ruszy w tras\u0119 po mie\u015bcie, przemierzaj\u0105c kolejne ulice. Ca\u0142y przejazd potrwa oko\u0142o dw\u00f3ch godzin, a zaplanowan\u0105 tras\u0119 autobus pokona dwukrotnie.<\/p>\n<p>Na jego drodze znajd\u0105 si\u0119 m.in. ul. Lubartowska, Aleja Tysi\u0105clecia, ul. Ruska, ul. Biernackiego, ul. Prusa, ul. 3 Maja, Aleje Rac\u0142awickie, ul. Sowi\u0144skiego, ul. G\u0142\u0119boka, ul. Zana, ul. Filaret\u00f3w, ul. Muzyczna, ul. Stadionowa, ul. Dworcowa, ul. Lubelskiego Lipca, ul. Wolska, ul. Fabryczna i ul. Zamojska.<\/p>\n<p>To nietypowe po\u0142\u0105czenie komunikacji miejskiej i literatury sprawi, \u017ce Narodowe Czytanie b\u0119dzie mo\u017cna prze\u017cywa\u0107 nie tylko jako wydarzenie kulturalne, ale r\u00f3wnie\u017c jako swoist\u0105 literack\u0105 podr\u00f3\u017c po Lublinie.<\/p>\n<p>\u201eDziady\u201d na pok\u0142adzie<\/p>\n<p>Tegoroczna lektura Narodowego Czytania to \u201eDziady\u201d Adama Mickiewicza \u2013 dzie\u0142o, kt\u00f3re na trwa\u0142e wpisa\u0142o si\u0119 w histori\u0119 polskiej kultury. Dramat \u0142\u0105czy \u015bwiat realny i fantastyczny, podejmuje tematyk\u0119 narodow\u0105, historyczn\u0105 i patriotyczn\u0105, a jednocze\u015bnie stawia pytania o win\u0119, cierpienie, wolno\u015b\u0107, mi\u0142o\u015b\u0107, odpowiedzialno\u015b\u0107 i ludzk\u0105 natur\u0119.<\/p>\n<p>W\u0142a\u015bnie dlatego \u201eDziady\u201d s\u0105 dzie\u0142em, do kt\u00f3rego kolejne pokolenia mog\u0105 wraca\u0107 i odczytywa\u0107 je na nowo. Ich niezwyk\u0142y klimat, pe\u0142en tajemnicy i symboli, mo\u017ce tym razem wybrzmie\u0107 szczeg\u00f3lnie interesuj\u0105co \u2013 w ruchu, w przestrzeni miasta, w\u015br\u00f3d codziennego \u017cycia jego mieszka\u0144c\u00f3w.<\/p>\n<p>Autobus stanie si\u0119 wi\u0119c na kilka godzin miejscem, w kt\u00f3rym przesz\u0142o\u015b\u0107 spotka si\u0119 ze wsp\u00f3\u0142czesno\u015bci\u0105.<\/p>\n<p>Ka\u017cdy mo\u017ce zosta\u0107 czytelnikiem<\/p>\n<p>Miejska Biblioteka Publiczna im. Hieronima \u0141opaci\u0144skiego w Lublinie, kt\u00f3ra jest organizatorem akcji, zach\u0119ca uczestnik\u00f3w do przyniesienia ze sob\u0105 w\u0142asnego egzemplarza \u201eDziad\u00f3w\u201d. Ch\u0119tni b\u0119d\u0105 mogli przeczyta\u0107 wybrany przez siebie fragment dzie\u0142a i w ten spos\u00f3b aktywnie w\u0142\u0105czy\u0107 si\u0119 w akcj\u0119.<\/p>\n<p>Na uczestnik\u00f3w czeka r\u00f3wnie\u017c pami\u0105tkowa atrakcja \u2013 specjalna piecz\u0119\u0107 Narodowego Czytania, kt\u00f3r\u0105 b\u0119dzie mo\u017cna przystawi\u0107 na w\u0142asnym egzemplarzu ksi\u0105\u017cki.<\/p>\n<p>Dla czytelnik\u00f3w Miejskiej Biblioteki Publicznej przygotowano tak\u017ce pami\u0105tkowe bilety. Mo\u017cna je otrzyma\u0107 od 1 wrze\u015bnia w filiach Miejskiej Biblioteki Publicznej w Lublinie, a tak\u017ce 5 wrze\u015bnia bezpo\u015brednio przed rozpocz\u0119ciem wydarzenia.<\/p>\n<p>15 lat wsp\u00f3lnego czytania<\/p>\n<p>Narodowe Czytanie od lat przypomina, \u017ce literatura mo\u017ce by\u0107 czym\u015b wi\u0119cej ni\u017c lektur\u0105 omawian\u0105 w szkole. To tak\u017ce okazja do spotkania, rozmowy i wsp\u00f3lnego prze\u017cywania historii zapisanych na kartach ksi\u0105\u017cek.<\/p>\n<p>Pi\u0119tnasta edycja akcji ma szczeg\u00f3lny charakter. \u201eDziady\u201d s\u0105 dzie\u0142em wymagaj\u0105cym, ale jednocze\u015bnie niezwykle aktualnym \u2013 m\u00f3wi\u0105 o warto\u015bciach, emocjach i do\u015bwiadczeniach, kt\u00f3re pozostaj\u0105 bliskie ludziom niezale\u017cnie od epoki.<\/p>\n<p>Wsp\u00f3lne czytanie pozwala spojrze\u0107 na znany tekst z innej perspektywy. Tym bardziej \u017ce w Lublinie nie trzeba b\u0119dzie czeka\u0107 na dotarcie do biblioteki. To biblioteka \u2013 wraz z ksi\u0105\u017ck\u0105 i czytelnikami \u2013 ruszy w miasto.<\/p>\n<p>Literacka podr\u00f3\u017c po Lublinie<\/p>\n<p>Wyj\u0105tkowy autobus Narodowego Czytania to pomys\u0142, kt\u00f3ry doskonale wpisuje si\u0119 w ide\u0119 popularyzowania literatury. Autobus jest cz\u0119\u015bci\u0105 codzienno\u015bci mieszka\u0144c\u00f3w Lublina. Ka\u017cdego dnia przewozi tysi\u0105ce os\u00f3b, zatrzymuje si\u0119 na kolejnych przystankach i przemierza ulice miasta.<\/p>\n<p>W sobot\u0119 pasa\u017cerowie otrzymaj\u0105 jednak co\u015b wi\u0119cej ni\u017c zwyk\u0142\u0105 podr\u00f3\u017c. Wsp\u00f3lna lektura sprawi, \u017ce zwyczajna trasa zmieni si\u0119 w literack\u0105 wypraw\u0119 \u015bladami s\u0142\u00f3w Adama Mickiewicza.<\/p>\n<p>Za organizacj\u0119 wydarzenia Miejska Biblioteka Publiczna im. Hieronima \u0141opaci\u0144skiego w Lublinie dzi\u0119kuje partnerom akcji: Zarz\u0105dowi Dr\u00f3g i Transportu Miejskiego w Lublinie oraz Miejskiemu Przedsi\u0119biorstwu Komunikacyjnemu Lublin.<\/p>\n<p>\n                                    <a href=\"https:\/\/www.google.com\/preferences\/source?q=lublin112.pl\" target=\"_blank\" rel=\"noopener noreferrer nofollow\" onclick=\"if (!window.__cfRLUnblockHandlers) return false; gtag(&#039;event&#039;, &#039;google_preferred_source_click&#039;, {&#010;                                           &#039;link_url&#039;: this.href,&#010;                                           &#039;link_text&#039;: &#039;Ustaw lublin112.pl jako preferowane \u017ar\u00f3d\u0142o&#039;&#010;                                       });\" style=\"text-align:center;display:block;\" data-cf-modified-537dc963aed1fd2daaf7dcfb-=\"\"><br \/>\n                                        <img decoding=\"async\" src=\"https:\/\/www.europesays.com\/pl\/wp-content\/uploads\/2026\/09\/1788469104_536_lublin112-google-source.webp\" alt=\"Ustaw lublin112.pl jako preferowane \u017ar\u00f3d\u0142o w Google\" style=\"max-width: 70%;\"\/><br \/>\n                                    <\/a><br \/>\n                                    <\/p>\n","protected":false},"excerpt":{"rendered":"W dniu 5 wrze\u015bnia 2026 roku odb\u0119dzie si\u0119 fina\u0142 15. edycji Narodowego Czytania. Tegoroczna ods\u0142ona og\u00f3lnopolskiej akcji po\u015bwi\u0119cona&hellip;\n","protected":false},"author":2,"featured_media":665416,"comment_status":"","ping_status":"","sticky":false,"template":"","format":"standard","meta":{"footnotes":"","_share_on_mastodon":"0"},"categories":[51612],"tags":[612,74548,1081,126891,42,38,40,39,41],"class_list":["post-665415","post","type-post","status-publish","format-standard","has-post-thumbnail","category-lublin","tag-autobus","tag-dziady","tag-lublin","tag-narodowe-czytanie","tag-pl","tag-poland","tag-polish","tag-polska","tag-polski"],"share_on_mastodon":{"url":"https:\/\/pubeurope.com\/@pl\/117209119521971503","error":""},"_links":{"self":[{"href":"https:\/\/www.europesays.com\/pl\/wp-json\/wp\/v2\/posts\/665415","targetHints":{"allow":["GET"]}}],"collection":[{"href":"https:\/\/www.europesays.com\/pl\/wp-json\/wp\/v2\/posts"}],"about":[{"href":"https:\/\/www.europesays.com\/pl\/wp-json\/wp\/v2\/types\/post"}],"author":[{"embeddable":true,"href":"https:\/\/www.europesays.com\/pl\/wp-json\/wp\/v2\/users\/2"}],"replies":[{"embeddable":true,"href":"https:\/\/www.europesays.com\/pl\/wp-json\/wp\/v2\/comments?post=665415"}],"version-history":[{"count":0,"href":"https:\/\/www.europesays.com\/pl\/wp-json\/wp\/v2\/posts\/665415\/revisions"}],"wp:featuredmedia":[{"embeddable":true,"href":"https:\/\/www.europesays.com\/pl\/wp-json\/wp\/v2\/media\/665416"}],"wp:attachment":[{"href":"https:\/\/www.europesays.com\/pl\/wp-json\/wp\/v2\/media?parent=665415"}],"wp:term":[{"taxonomy":"category","embeddable":true,"href":"https:\/\/www.europesays.com\/pl\/wp-json\/wp\/v2\/categories?post=665415"},{"taxonomy":"post_tag","embeddable":true,"href":"https:\/\/www.europesays.com\/pl\/wp-json\/wp\/v2\/tags?post=665415"}],"curies":[{"name":"wp","href":"https:\/\/api.w.org\/{rel}","templated":true}]}}