{"id":665417,"date":"2026-09-03T20:59:12","date_gmt":"2026-09-03T20:59:12","guid":{"rendered":"https:\/\/www.europesays.com\/pl\/665417\/"},"modified":"2026-09-03T20:59:12","modified_gmt":"2026-09-03T20:59:12","slug":"decydowala-bramka-w-koncowce-koniec-marzen-pogoni-szczecin","status":"publish","type":"post","link":"https:\/\/www.europesays.com\/pl\/665417\/","title":{"rendered":"Decydowa\u0142a bramka w ko\u0144c\u00f3wce. Koniec marze\u0144 Pogoni Szczecin"},"content":{"rendered":"\n<p class=\"contentpart contentpart--default contentpart--text\" data-position=\"0\">Na zako\u0144czenie tygodnia z <a href=\"https:\/\/sportowefakty.wp.pl\/pilka-nozna\/puchar-polski\" rel=\"nofollow noopener\" target=\"_blank\">STS Pucharem Polski<\/a>\u00a0zmierzy\u0142y si\u0119 kluby z <a href=\"https:\/\/sportowefakty.wp.pl\/pilka-nozna\/pko-ekstraklasa\" rel=\"nofollow noopener\" target=\"_blank\">PKO Ekstraklasy<\/a>. <a href=\"https:\/\/sportowefakty.wp.pl\/pilka-nozna\/slask-wroclaw\" rel=\"nofollow noopener\" target=\"_blank\">\u015al\u0105sk Wroc\u0142aw<\/a>\u00a0gra\u0142\u00a0na w\u0142asnym stadionie z <a href=\"https:\/\/sportowefakty.wp.pl\/pilka-nozna\/pogon-szczecin\" rel=\"nofollow noopener\" target=\"_blank\">Pogoni\u0105 Szczecin<\/a>. Dru\u017cyna <a href=\"https:\/\/sportowefakty.wp.pl\/pilka-nozna\/oscar-garcia\" rel=\"nofollow noopener\" target=\"_blank\">Oscara Garcii<\/a>\u00a0musi ju\u017c sobie radzi\u0107 bez <a href=\"https:\/\/sportowefakty.wp.pl\/pilka-nozna\/fredrik-ulvestad\" rel=\"nofollow noopener\" target=\"_blank\">Fredrika Ulvestada<\/a>\u00a0i przymierzaj\u0105cego si\u0119 do transferu <a href=\"https:\/\/sportowefakty.wp.pl\/pilka-nozna\/leo-borges\" rel=\"nofollow noopener\" target=\"_blank\">Leonardo Borgesa<\/a>. Portowcy pr\u00f3bowali przerwa\u0107 pasmo niepowodze\u0144 go\u015bci w czwartkowych meczach pucharu, chocia\u017c wystartowali katastrofalnie, co od razu zmniejszy\u0142o ich nadzieje.<\/p>\n<p class=\"contentpart contentpart--default contentpart--text\" data-position=\"1\">Dru\u017cyna z <a href=\"https:\/\/sportowefakty.wp.pl\/polska\/wroclaw\" rel=\"nofollow noopener\" target=\"_blank\">Wroc\u0142awia<\/a>\u00a0potwierdzi\u0142a strza\u0142em do siatki pierwszy atak w meczu. Ju\u017c w 4. minucie <a href=\"https:\/\/sportowefakty.wp.pl\/pilka-nozna\/piotr-samiec-talar\" rel=\"nofollow noopener\" target=\"_blank\">Piotr Samiec-Talar<\/a>\u00a0przypomnia\u0142, w jak wysokiej jest formie od pocz\u0105tku sezonu i pokona\u0142 <a href=\"https:\/\/sportowefakty.wp.pl\/pilka-nozna\/valentin-cojocaru\" rel=\"nofollow noopener\" target=\"_blank\">Valentina Cojocaru<\/a>\u00a0precyzyjnym strza\u0142em na 1:0 z kilkunastu metr\u00f3w. Pi\u0142ka wyl\u0105dowa\u0142a w naro\u017cniku bramki, nie mo\u017cna by\u0142o lepiej przymierzy\u0107.<\/p>\n<p>  <img decoding=\"async\" src=\"https:\/\/v.wpimg.pl\/X3dwLnN2d1IFFTpdYUl6R0ZNbgcnEHQREVV2TGEGbUtRT2MdOlZ2RBQUKABgQjQcDRotCStBd1IAAWMeIlM7VgwYIAorQAdEFFk_GCkQJQ\" alt=\"\" width=\"45\" height=\"58\" loading=\"lazy\"\/>  <\/p>\n<p class=\"contentpart contentpart--default contentpart--text\" data-position=\"2\">Niebawem by\u0142a szansa Pogoni na doprowadzenie do remisu. Pi\u0142ka, po pr\u00f3bie <a href=\"https:\/\/sportowefakty.wp.pl\/pilka-nozna\/dimitris-keramitsis\" rel=\"nofollow noopener\" target=\"_blank\">Dimitrisa Keramitsisa<\/a>, zosta\u0142a zatrzymana przed lini\u0105 bramkow\u0105 przez wroc\u0142awian. Ta sytuacja podbramkowa by\u0142a po rzucie ro\u017cnym. W 19. minucie <a href=\"https:\/\/sportowefakty.wp.pl\/pilka-nozna\/paul-mukairu\" rel=\"nofollow noopener\" target=\"_blank\">Paul Mukairu<\/a>\u00a0mierzy\u0142 \u0142adnym uderzeniem technicznym pod poprzeczk\u0119 i \u015al\u0105sk ratowa\u0142a tym razem widowiskowa robinsonada <a href=\"https:\/\/sportowefakty.wp.pl\/pilka-nozna\/michal-szromnik\" rel=\"nofollow noopener\" target=\"_blank\">Micha\u0142a Szromnika<\/a>. Bramkarz gospodarzy wykaza\u0142 si\u0119 jeszcze raz po uderzeniu <a href=\"https:\/\/sportowefakty.wp.pl\/pilka-nozna\/hussein-ali\" rel=\"nofollow noopener\" target=\"_blank\">Husseina Aliego<\/a>.<\/p>\n<p class=\"contentpart contentpart--default contentpart--text\" data-position=\"3\">ZOBACZ WIDEO: #dziejesiewsporcie. Co za bramka. Poezja na boisku!<\/p>\n<p class=\"contentpart contentpart--default contentpart--text\" data-position=\"5\">Generalnie pierwsza po\u0142owa by\u0142a wyr\u00f3wnana z podobn\u0105 liczb\u0105 sytuacji podbramkowych po obu stronach stadionu. Od czasu do czasu \u015al\u0105sk pr\u00f3bowa\u0142 nawet podnie\u015b\u0107 wynik, ale ko\u0144czy\u0142o si\u0119 to niepowodzeniami i sko\u0144czy\u0142 pierwsz\u0105 po\u0142ow\u0119 z dwoma strza\u0142ami celnymi w statystykach.<\/p>\n<p class=\"contentpart contentpart--default contentpart--text\" data-position=\"6\">Wynik 1:0 dla \u015al\u0105ska oznacza\u0142, \u017ce du\u017co wi\u0119cej temat\u00f3w do rozm\u00f3w i przemy\u015ble\u0144 mieli pi\u0142karze Pogoni i ich trener Oscar Garcia. <a href=\"https:\/\/sportowefakty.wp.pl\/hiszpania\" rel=\"nofollow noopener\" target=\"_blank\">Hiszpan<\/a>\u00a0wprowadzi\u0142 z \u0142awki rezerwowych dodatkowego pomocnika <a href=\"https:\/\/sportowefakty.wp.pl\/pilka-nozna\/natan-lawa\" rel=\"nofollow noopener\" target=\"_blank\">Natana \u0141aw\u0119<\/a>\u00a0za Husseina Aliego.<\/p>\n<p>  <img decoding=\"async\" src=\"https:\/\/v.wpimg.pl\/X3dwLnN2d1IFFTpdYUl6R0ZNbgcnEHQREVV2TGEGbUtRT2MdOlZ2RBQUKABgQjQcDRotCStBd1IAAWMeIlM7VgwYIAorQAdEFFk_GCkQJQ\" alt=\"\" width=\"45\" height=\"58\" loading=\"lazy\"\/>  <\/p>\n<p class=\"contentpart contentpart--default contentpart--text\" data-position=\"7\">W 53. minucie Portowcy na powa\u017cnie wznowili natarcie, ale uderzenie <a href=\"https:\/\/sportowefakty.wp.pl\/pilka-nozna\/maciej-wojciechowski\" rel=\"nofollow noopener\" target=\"_blank\">Macieja Wojciechowskiego<\/a>\u00a0z rewelacyjnej pozycji okaza\u0142o si\u0119 bardzo niedok\u0142adne. Pi\u0142ka trafi\u0142a do niego po wrzutce Kamila Grosickiego i str\u0105ceniu Dimitriosa Keramitsisa. Po 10 minutach \u015al\u0105sk przypomnia\u0142 o sobie strza\u0142em z rzutu wolnego Piotra Samca-Talara, ale prosto do koszyczka bramkarza.<\/p>\n<p class=\"contentpart contentpart--default contentpart--text\" data-position=\"8\">Nieco leniwy klimat meczu o\u017cywi\u0142 gol na 1:1 Pogoni w 64. minucie. <a href=\"https:\/\/sportowefakty.wp.pl\/pilka-nozna\/paul-mukairu\" rel=\"nofollow noopener\" target=\"_blank\">Paul Mukairu<\/a>\u00a0ogra\u0142 obro\u0144c\u00f3w z Wroc\u0142awia i odda\u0142 p\u0142askie uderzenie z kilkunastu metr\u00f3w. Tym razem gracz Pogoni min\u0105\u0142 przeciwnik\u00f3w jak slalomowe tyczki, a i Micha\u0142 Szromnik nie uratowa\u0142 \u015al\u0105ska przed strat\u0105 bramki. Rywalizacja rozpocz\u0119\u0142a si\u0119 na sw\u00f3j spos\u00f3b od pocz\u0105tku.<\/p>\n<p class=\"contentpart contentpart--default contentpart--text\" data-position=\"9\">Do jej rozstrzygni\u0119cia przyda\u0142 si\u0119 \u015al\u0105skowi sta\u0142y fragment gry w 85. minucie. Piotr Samiec-Talar wykona\u0142 dok\u0142adne dorzucenie z rzutu wolnego, a <a href=\"https:\/\/sportowefakty.wp.pl\/pilka-nozna\/jehor-macenko\" rel=\"nofollow noopener\" target=\"_blank\">Jehor Macenko<\/a>\u00a0urwa\u0142 si\u0119 obro\u0144com i bezkarnie g\u0142\u00f3wkowa\u0142 na 2:1. Obrona Pogoni przysn\u0119\u0142a i niebawem po\u017cegna\u0142a si\u0119 z rozgrywkami.<\/p>\n<p>  <img decoding=\"async\" src=\"https:\/\/v.wpimg.pl\/X3dwLnN2d1IFFTpdYUl6R0ZNbgcnEHQREVV2TGEGbUtRT2MdOlZ2RBQUKABgQjQcDRotCStBd1IAAWMeIlM7VgwYIAorQAdEFFk_GCkQJQ\" alt=\"\" width=\"45\" height=\"58\" loading=\"lazy\"\/>  <\/p>\n<p class=\"contentpart contentpart--default contentpart--text\" data-position=\"10\"><a href=\"https:\/\/sportowefakty.wp.pl\/pilka-nozna\/slask-wroclaw\" rel=\"nofollow noopener\" target=\"_blank\">\u015al\u0105sk Wroc\u0142aw<\/a>\u00a0&#8211;\u00a0<a href=\"https:\/\/sportowefakty.wp.pl\/pilka-nozna\/pogon-szczecin\" rel=\"nofollow noopener\" target=\"_blank\">Pogo\u0144 Szczecin<\/a>\u00a02:1 (1:0)<br \/>1:0 &#8211; Piotr Samiec-Talar 4&#8242;<br \/>1:1 &#8211; Paul Mukairu 64&#8242;<br \/>2:1 &#8211; Jehor Macenko 85&#8242;<\/p>\n<p class=\"contentpart contentpart--default contentpart--text\" data-position=\"11\">Sk\u0142ady:<\/p>\n<p class=\"contentpart contentpart--default contentpart--text\" data-position=\"12\">\u015al\u0105sk:\u00a0Micha\u0142 Szromnik &#8211; Jehor Macenko, Lamine Ba, Mariusz Malec (57&#8242; Irodotos Christodoulou) &#8211; Alex Timossi Andersson, Karol Linetty (57&#8242; Eniss Shabani), Grzegorz Tomasiewicz (74&#8242; Jorge Yriarte), Marc Llinares &#8211; Piotr Samiec-Talar, Luka Marjanac (81&#8242; Adam Ciu\u0107ka) &#8211; Przemys\u0142aw Banaszak (57&#8242; Malaly Dembele)<\/p>\n<p class=\"contentpart contentpart--default contentpart--text\" data-position=\"13\">Pogo\u0144:\u00a0Valentin Cojocaru &#8211; Hussein Ali (46&#8242; Natan \u0141awa), Dimitrios Kermitsis, Attila Szalai, Benjamin Mendy (81&#8242; Lukas Willen) &#8211; Patryk Dziczek, Kellyn Acosta, Maciej Wojciechowski (89&#8242; Filip Cui\u0107) &#8211; Kamil Grosicki (60&#8242; Musa Juwara), Darko Churlinov (81&#8242; Jean-Pierre Nsame) &#8211; Paul Mukairu<\/p>\n<p>  <img decoding=\"async\" src=\"https:\/\/v.wpimg.pl\/X3dwLnN2d1IFFTpdYUl6R0ZNbgcnEHQREVV2TGEGbUtRT2MdOlZ2RBQUKABgQjQcDRotCStBd1IAAWMeIlM7VgwYIAorQAdEFFk_GCkQJQ\" alt=\"\" width=\"45\" height=\"58\" loading=\"lazy\"\/>  <\/p>\n<p class=\"contentpart contentpart--default contentpart--text\" data-position=\"14\">\u017b\u00f3\u0142ta kartka: Samiec-Talar (\u015al\u0105sk)<\/p>\n<p class=\"contentpart contentpart--default contentpart--text\" data-position=\"15\">S\u0119dzia: Wojciech My\u0107 (Lublin)<\/p>\n<p class=\"contentpart contentpart--default contentpart--text\" data-position=\"16\">Widz\u00f3w:\u00a010238<\/p>\n","protected":false},"excerpt":{"rendered":"Na zako\u0144czenie tygodnia z STS Pucharem Polski\u00a0zmierzy\u0142y si\u0119 kluby z PKO Ekstraklasy. \u015al\u0105sk Wroc\u0142aw\u00a0gra\u0142\u00a0na w\u0142asnym stadionie z Pogoni\u0105&hellip;\n","protected":false},"author":2,"featured_media":665418,"comment_status":"","ping_status":"","sticky":false,"template":"","format":"standard","meta":{"footnotes":"","_share_on_mastodon":"0"},"categories":[51611],"tags":[269,42,1111,38,40,39,41,3831,697,4637,2307,47851,1853],"class_list":["post-665417","post","type-post","status-publish","format-standard","has-post-thumbnail","category-szczecin","tag-pilka-nozna","tag-pl","tag-pogon-szczecin","tag-poland","tag-polish","tag-polska","tag-polski","tag-pozostale-rozgrywki","tag-slask-wroclaw","tag-sts-puchar-polski","tag-szczecin","tag-tarczynski-arena","tag-wroclaw"],"share_on_mastodon":{"url":"https:\/\/pubeurope.com\/@pl\/117209122695359022","error":""},"_links":{"self":[{"href":"https:\/\/www.europesays.com\/pl\/wp-json\/wp\/v2\/posts\/665417","targetHints":{"allow":["GET"]}}],"collection":[{"href":"https:\/\/www.europesays.com\/pl\/wp-json\/wp\/v2\/posts"}],"about":[{"href":"https:\/\/www.europesays.com\/pl\/wp-json\/wp\/v2\/types\/post"}],"author":[{"embeddable":true,"href":"https:\/\/www.europesays.com\/pl\/wp-json\/wp\/v2\/users\/2"}],"replies":[{"embeddable":true,"href":"https:\/\/www.europesays.com\/pl\/wp-json\/wp\/v2\/comments?post=665417"}],"version-history":[{"count":0,"href":"https:\/\/www.europesays.com\/pl\/wp-json\/wp\/v2\/posts\/665417\/revisions"}],"wp:featuredmedia":[{"embeddable":true,"href":"https:\/\/www.europesays.com\/pl\/wp-json\/wp\/v2\/media\/665418"}],"wp:attachment":[{"href":"https:\/\/www.europesays.com\/pl\/wp-json\/wp\/v2\/media?parent=665417"}],"wp:term":[{"taxonomy":"category","embeddable":true,"href":"https:\/\/www.europesays.com\/pl\/wp-json\/wp\/v2\/categories?post=665417"},{"taxonomy":"post_tag","embeddable":true,"href":"https:\/\/www.europesays.com\/pl\/wp-json\/wp\/v2\/tags?post=665417"}],"curies":[{"name":"wp","href":"https:\/\/api.w.org\/{rel}","templated":true}]}}