{"id":665435,"date":"2026-09-03T21:08:30","date_gmt":"2026-09-03T21:08:30","guid":{"rendered":"https:\/\/www.europesays.com\/pl\/665435\/"},"modified":"2026-09-03T21:08:30","modified_gmt":"2026-09-03T21:08:30","slug":"warszawa-sezon-2026-27-w-teatrze-rampa-na-targowku-pod-haslem-cyrkowarszawa","status":"publish","type":"post","link":"https:\/\/www.europesays.com\/pl\/665435\/","title":{"rendered":"Warszawa. Sezon 2026\/27 w Teatrze Rampa na Targ\u00f3wku pod has\u0142em \u201eCyrkowarszawa\u201d"},"content":{"rendered":"<p>Nadchodz\u0105cy sezon w Teatrze Rampa b\u0119dzie spotkaniem nowego cyrku, iluzji, autorskich musicali i komedii muzycznych o \u015bwiecie, w kt\u00f3rym karnawa\u0142 spotyka si\u0119 z l\u0119kiem o przysz\u0142o\u015b\u0107. Widz\u00f3w czekaj\u0105 opowie\u015bci o magikach, poetkach, szamankach i outsiderach walcz\u0105cych o wolno\u015b\u0107, mi\u0142o\u015b\u0107 i marzenia.\u00a0<\/p>\n<p>            <a data-lightbox=\"article-gallery\" href=\"https:\/\/e-teatr.pl\/files\/multimedias\/182627\/nowy.jpg\" rel=\"nofollow noopener\" target=\"_blank\">&#13;<br \/>\n        <img loading=\"lazy\" decoding=\"async\" src=\"https:\/\/www.europesays.com\/pl\/wp-content\/uploads\/2026\/09\/thumb_nowy.jpg\" alt=\"\" title=\"\" width=\"1100\" height=\"561\"\/>      <\/a><\/p>\n<p>fot. mat. teatru<\/p>\n<p>Opowiemy te\u017c o Warszawie \u2013 ekscentrycznej, nieszablonowej i niepokonanej dzi\u0119ki wyobra\u017ani i witalno\u015bci, kt\u00f3r\u0105 symbolizuje nowy, warszawski festiwal cyrkowy, organizowany z okazji Dni Rewitalizacji w Rampie i otaczaj\u0105cym teatr Parku Wiecha.<br \/>Cyrkowarszawa<\/p>\n<p>CYRKOWARSZAWA \u2013 I Festiwal Magii i \u015aciemy na Targ\u00f3wku, otworzy hucznie sezon 19 wrze\u015bnia 2026 roku, zmieniaj\u0105c Park Wiecha w Lunapark &#8211; miasteczko nieskr\u0119powanej wyobra\u017ani akrobat\u00f3w i magik\u00f3w. Festiwal otworz\u0105 mi\u0119dzypokoleniowe warsztaty cyrkowe, a na scenie kameralnej odb\u0119dzie si\u0119 prapremiera familijnego edumusicalu <a href=\"https:\/\/teatr-rampa.pl\/spektakl\/pan-twardowski-szkola-czarow\/?utm_source=newsletter&amp;utm_medium=email&amp;utm_term=2026-09-03&amp;utm_campaign=Zaczynamy+nowy+sezon+\" target=\"_blank\" rel=\"nofollow noopener\">\u201ePan Twardowski. Szko\u0142a Czar\u00f3w\u201d<\/a> z efektami iluzjonistycznymi. Wa\u017cnym punktem programu b\u0119dzie koncert rewitalizacyjny uczestnik\u00f3w programu \u201eOtwarta Rampa\u201d oraz ods\u0142oni\u0119cie pomnika Stefana \u201eWiecha\u201d Wiecheckiego. Nast\u0119pnie przez Park Wiecha przejdzie Parada Cyrkowarszawska, w kt\u00f3rej spotkaj\u0105 si\u0119 bohaterowie legend i ba\u015bni \u2013 m.in. Bazyliszek, Ogon Syreny, Pyzy z R\u00f3\u017cyca, Paw z \u0141azienek i Palma z ronda De Gaulle\u2019a. G\u0142\u00f3wn\u0105 atrakcj\u0105 festiwalu b\u0119dzie 6 pokaz\u00f3w najciekawszych i najbardziej szalonych, polskich artyst\u00f3w nowego cyrku oraz wielki fina\u0142 festiwalu: widowisko plenerowe \u201eInwazja Cyberklaun\u00f3w\u201d, w kt\u00f3rym bohaterowie legend pod dow\u00f3dztwem Pana Twardowskiego zmierz\u0105 si\u0119 z trollami, memami i cyberklaunami.\u00a0<\/p>\n<p>W ramach CYRKOWARSZAWY na scenie kameralnej 19 wrze\u015bnia premier\u0119 b\u0119dzie mia\u0142 \u201ePan Twardowski. Szko\u0142a Czar\u00f3w\u201d w re\u017c. Micha\u0142a Walczaka \u2013 familijny edumusical, w kt\u00f3rym polski czarodziej z ksi\u0119\u017cyca dzi\u0119ki swoim magicznym mocom pomo\u017ce pani dyrektor Marzenie \u015awirskiej uratowa\u0107 pewn\u0105 szko\u0142\u0119 podstawow\u0105 na Targ\u00f3wku.\u00a0<\/p>\n<p>            <a data-lightbox=\"article-gallery\" href=\"https:\/\/e-teatr.pl\/files\/multimedias\/182629\/osiecka2.jpg\" rel=\"nofollow noopener\" target=\"_blank\">&#13;<br \/>\n        <img loading=\"lazy\" decoding=\"async\" src=\"https:\/\/www.europesays.com\/pl\/wp-content\/uploads\/2026\/09\/thumb_osiecka2.jpg\" alt=\"\" title=\"\" width=\"1100\" height=\"561\"\/>      <\/a><\/p>\n<p>fot. mat. teatru<\/p>\n<p>Agnieszka Osiecka wraca na scen\u0119<\/p>\n<p>9 pa\u017adziernika zapraszamy na du\u017c\u0105 scen\u0119 Rampy, gdzie odb\u0119dzie si\u0119 prapremiera musicalu drogi <a href=\"https:\/\/teatr-rampa.pl\/spektakl\/osiecka-dzikosc-serca\/?utm_source=newsletter&amp;utm_medium=email&amp;utm_term=2026-09-03&amp;utm_campaign=Zaczynamy+nowy+sezon+\" target=\"_blank\" rel=\"nofollow noopener\">\u201eOsiecka. Dziko\u015b\u0107 serca\u201d<\/a> w re\u017c. Leny Frankiewicz. Nowa interpretacja biografii jednej z najwa\u017cniejszych polskich i warszawskich artystek XX wieku czerpie inspiracje z film\u00f3w Davida Lyncha, ameryka\u0144skiego kina drogi i dziej\u00f3w PRL-owskiej bohemy. Tw\u00f3rczynie stawiaj\u0105 pytanie o cen\u0119 niezale\u017cno\u015bci i burzliwe relacje mi\u0119dzy artystyczn\u0105 pasj\u0105 a \u017cyciem osobistym.<\/p>\n<p>Kolejna premiera ju\u017c 11 grudnia<\/p>\n<p>W uwielbianym przez widz\u00f3w Rampy, kabaretowym Klubie Tragediowym w grudniu pojawi si\u0119 nowy, komediowo-muzyczny spektakl &#8222;Orgazmy i Upiory. Z dziej\u00f3w libido w Polsce&#8221;, z Ann\u0105 Mierzw\u0105 i Agnieszk\u0105 Makowsk\u0105, kt\u00f3re wciel\u0105 si\u0119 m. in. w Michalin\u0119 Wis\u0142ock\u0105 i Mari\u0119 Janion. Dzi\u0119ki scenariuszowi wsp\u00f3\u0142tw\u00f3rcy Po\u017caru w burdelu Macieja \u0141ubie\u0144skiego oraz wybitnemu aktorstwu artystek Rampy, znanych ze swoich solowych projekt\u00f3w na klubowej scenie spotkaj\u0105 si\u0119 polskie \u017cywio\u0142y: Eros i Tanatos. Seks i \u015bmier\u0107. Wis\u0142ocka i Janion. Czy uda si\u0119 napisa\u0107 na nowo histori\u0119 polskiego libido: od mi\u0142o\u015bci i po\u017c\u0105dania po spo\u0142eczne tabu, obyczajowe rewolucje i sposoby, w jakie Polacy przez dekady rozmawiali o cielesno\u015bci?<\/p>\n<p>            <a data-lightbox=\"article-gallery\" href=\"https:\/\/e-teatr.pl\/files\/multimedias\/180810\/lalka8-rampa-Maciej_Lipski.jpg\" rel=\"nofollow noopener\" target=\"_blank\">&#13;<br \/>\n        <img loading=\"lazy\" decoding=\"async\" src=\"https:\/\/www.europesays.com\/pl\/wp-content\/uploads\/2026\/09\/thumb_lalka8-rampa-Maciej_Lipski.jpg\" alt=\"\" title=\"\u201eLalka '89\u201d\" width=\"1100\" height=\"733\"\/>      <\/a><\/p>\n<p>fot. Maciej Lipski<\/p>\n<p>Najwi\u0119ksze hity zn\u00f3w na scenie<\/p>\n<p>Nowy sezon to jednak nie tylko premiery &#8211; b\u0119dzie szansa, \u017ceby zobaczy\u0107 wielkie hity Rampy: kultowy <a href=\"https:\/\/teatr-rampa.pl\/spektakl\/zly-warszawska-jazz-opera\/?utm_source=newsletter&amp;utm_medium=email&amp;utm_term=2026-09-03&amp;utm_campaign=Zaczynamy+nowy+sezon+\" target=\"_blank\" rel=\"nofollow noopener\">\u201eZ\u0142y. Warszawska Jazz Opera\u201d <\/a>ponownie zabierze widz\u00f3w do Warszawy 1954 roku \u2013 miasta jazzu, buntu i zbrodni. Inspirowana tw\u00f3rczo\u015bci\u0105 Leopolda Tyrmanda produkcja \u0142\u0105czy kryminaln\u0105 intryg\u0119 z muzyk\u0105 i atmosfer\u0105 powojennej stolicy oraz histori\u0105 naszego Teatru.<\/p>\n<p>Powraca r\u00f3wnie\u017c <a href=\"https:\/\/teatr-rampa.pl\/spektakl\/lalka-89-kapitalistyczna-komedia-romantyczna\/?utm_source=newsletter&amp;utm_medium=email&amp;utm_term=2026-09-03&amp;utm_campaign=Zaczynamy+nowy+sezon+\" target=\"_blank\" rel=\"nofollow noopener\">\u201eLalka \u201989. Kapitalistyczna komedia romantyczna\u201d <\/a>\u2013 wsp\u00f3\u0142produkcja Teatru Rampa i Domu Spotka\u0144 z Histori\u0105. Klasyczna historia Wokulskiego i \u0141\u0119ckiej zostaje przeniesiona w realia transformacji ustrojowej. Warszawa prze\u0142omu lat 80. i 90., rodz\u0105cy si\u0119 kapitalizm i \u015bwiat, w kt\u00f3rym uczucia zaczynaj\u0105 podlega\u0107 prawom popytu i poda\u017cy, staj\u0105 si\u0119 tworzywem wsp\u00f3\u0142czesnej, muzycznej reinterpretacji powie\u015bci Boles\u0142awa Prusa.<\/p>\n<p>W repertuarze nie zabraknie tak\u017ce <a href=\"https:\/\/teatr-rampa.pl\/spektakl\/depesze\/?utm_source=newsletter&amp;utm_medium=email&amp;utm_term=2026-09-03&amp;utm_campaign=Zaczynamy+nowy+sezon+\" target=\"_blank\" rel=\"nofollow noopener\">\u201eDepeszy\u201d <\/a>\u2013 widowiska muzycznego inspirowanego tw\u00f3rczo\u015bci\u0105 i fanami Depeche Mode. To propozycja zar\u00f3wno dla wyznawc\u00f3w zespo\u0142u, jak i mi\u0142o\u015bnik\u00f3w teatru muzycznego, \u0142\u0105cz\u0105ca teatraln\u0105 opowie\u015b\u0107 z przebojami jednej z najwa\u017cniejszych i mi\u0119dzypokoleniowych ikon muzycznej popkultury.<\/p>\n<p>Wa\u017cnym momentem sezonu b\u0119d\u0105 pa\u017adziernikowe pokazy <a href=\"https:\/\/teatr-rampa.pl\/spektakl\/wirujacy-seks\/?utm_source=newsletter&amp;utm_medium=email&amp;utm_term=2026-09-03&amp;utm_campaign=Zaczynamy+nowy+sezon+\" target=\"_blank\" rel=\"nofollow noopener\">\u201eWiruj\u0105cego seksu. Polskiego love story\u201d<\/a> w re\u017cyserii Tadeusza Kabicza, kt\u00f3re b\u0119d\u0105 jednocze\u015bnie po\u017cegnaniem z tym tytu\u0142em. To ostatnia okazja, by spotka\u0107 si\u0119 z histori\u0105 inspirowan\u0105 fenomenem \u201eDirty Dancing\u201d, opowiedzian\u0105 z charakterystycznym dla Rampy poczuciem humoru, energi\u0105 i muzycznym rozmachem.<\/p>\n<p>Sta\u0142ym elementem repertuaru s\u0105 r\u00f3wnie\u017c propozycje dla m\u0142odszej widowni, w tym <a href=\"https:\/\/teatr-rampa.pl\/spektakl\/pippi\/?utm_source=newsletter&amp;utm_medium=email&amp;utm_term=2026-09-03&amp;utm_campaign=Zaczynamy+nowy+sezon+\" target=\"_blank\" rel=\"nofollow noopener\">\u201ePippi\u201d<\/a>, a tak\u017ce inne spektakle rodzinne i mi\u0119dzypokoleniowe. Rampa pozostaje teatrem otwartym na r\u00f3\u017cne grupy odbiorc\u00f3w \u2013 miejscem, w kt\u00f3rym zar\u00f3wno dzieci, m\u0142odzie\u017c, doro\u015bli, jak i seniorzy mog\u0105 znale\u017a\u0107 co\u015b dla siebie, i uczestniczy\u0107 w programie Otwarta Rampa oraz warsztatach cyrkowo-magicznych w ramach Akademii Magii i \u015aciemy.\u00a0<\/p>\n<p>            <a data-lightbox=\"article-gallery\" href=\"https:\/\/e-teatr.pl\/files\/multimedias\/171482\/witkacja-rampa-Marek_Zimakiewicz.jpg\" rel=\"nofollow noopener\" target=\"_blank\">&#13;<br \/>\n        <img loading=\"lazy\" decoding=\"async\" src=\"https:\/\/www.europesays.com\/pl\/wp-content\/uploads\/2026\/09\/thumb_witkacja-rampa-Marek_Zimakiewicz.jpg\" alt=\"\" title=\"\u201eWitkacja\u201d\" width=\"1100\" height=\"733\"\/>      <\/a><\/p>\n<p>fot. Marek Zimakiewicz<\/p>\n<p>Rampa w drodze \u2013 Spektakle na festiwalach<\/p>\n<p>Sezon 2026\/2027 to tak\u017ce czas wyjazd\u00f3w i prezentacji spektakli Teatru Rampa poza Warszaw\u0105. Produkcje teatru zostan\u0105 pokazane podczas wa\u017cnych festiwali teatralnych w r\u00f3\u017cnych miastach Polski, co b\u0119dzie okazj\u0105 do spotkania z publiczno\u015bci\u0105 spoza stolicy i zaprezentowania dorobku artystycznego Rampy szerszej widowni.<\/p>\n<p>24 wrze\u015bnia 2026 roku <a href=\"https:\/\/teatr-rampa.pl\/spektakl\/byla-sobie-polska\/?utm_source=newsletter&amp;utm_medium=email&amp;utm_term=2026-09-03&amp;utm_campaign=Zaczynamy+nowy+sezon+\" target=\"_blank\" rel=\"nofollow noopener\">\u201eBy\u0142a sobie Polska\u201d<\/a> zostanie zaprezentowana podczas Og\u00f3lnopolskiego Festiwalu Komedii \u201eTalia\u201d w Tarnowie.<\/p>\n<p>13 listopada 2026 roku <a href=\"https:\/\/teatr-rampa.pl\/spektakl\/pippi\/?utm_source=newsletter&amp;utm_medium=email&amp;utm_term=2026-09-03&amp;utm_campaign=Zaczynamy+nowy+sezon+\" target=\"_blank\" rel=\"nofollow noopener\">\u201ePippi\u201d<\/a> pojedzie do Krakowa, gdzie zostanie zaprezentowana podczas Ma\u0142ej Boskiej Komedii.<\/p>\n<p>16 listopada 2026 roku <a href=\"https:\/\/teatr-rampa.pl\/spektakl\/retro-queen-danuta-rinn\/?utm_source=newsletter&amp;utm_medium=email&amp;utm_term=2026-09-03&amp;utm_campaign=Zaczynamy+nowy+sezon+\" target=\"_blank\" rel=\"nofollow noopener\">\u201eRetro Queen \u2013 Danuta Rinn\u201d<\/a> wyst\u0105pi w \u0141odzi podczas IV Edycji Festiwalu Teatru Kameralnego.<\/p>\n<p>Z kolei 25 listopada 2026 roku<a href=\"https:\/\/teatr-rampa.pl\/spektakl\/witkacja-wodewil-na-krawedzi\/?utm_source=newsletter&amp;utm_medium=email&amp;utm_term=2026-09-03&amp;utm_campaign=Zaczynamy+nowy+sezon+\" target=\"_blank\" rel=\"nofollow noopener\"> \u201eWitkacja. Wodewil na kraw\u0119dzi\u201d <\/a>zostanie pokazana w Poznaniu w ramach V edycji festiwalu CZAS NA TEATR.<\/p>\n<p>Koniec roku w Rampie<\/p>\n<p>Rok zako\u0144czy wyj\u0105tkowe spotkanie z <a href=\"https:\/\/teatr-rampa.pl\/spektakl\/osiecka-dzikosc-serca\/?utm_source=newsletter&amp;utm_medium=email&amp;utm_term=2026-09-03&amp;utm_campaign=Zaczynamy+nowy+sezon+\" target=\"_blank\" rel=\"nofollow noopener\">\u201eOsieck\u0105. Dziko\u015bci\u0105 serca\u201d<\/a>. W sylwestrowy wiecz\u00f3r widzowie b\u0119d\u0105 mogli po\u017cegna\u0107 stary rok w towarzystwie jednej z najwa\u017cniejszych polskich autorek piosenek.<\/p>\n<p>Sezon 2026\/2027 w Teatrze Rampa b\u0119dzie wi\u0119c czasem nowych premier, powrot\u00f3w, po\u017cegna\u0144 i teatralnych podr\u00f3\u017cy. Obok nowych spektakli pojawi\u0105 si\u0119 tytu\u0142y, do kt\u00f3rych widzowie ch\u0119tnie wracaj\u0105, a produkcje Rampy wyrusz\u0105 w Polsk\u0119, by spotka\u0107 si\u0119 z publiczno\u015bci\u0105 festiwali w Tarnowie, Krakowie, \u0141odzi i Poznaniu. Wszystko po to, by Rampa pozosta\u0142a miejscem \u017cywym, r\u00f3\u017cnorodnym i bliskim swoim widzom \u2013 teatrem na Targ\u00f3wku, kt\u00f3ry nie boi si\u0119 ani wielkich historii, ani wsp\u00f3\u0142czesnych temat\u00f3w.\u00a0<\/p>\n","protected":false},"excerpt":{"rendered":"Nadchodz\u0105cy sezon w Teatrze Rampa b\u0119dzie spotkaniem nowego cyrku, iluzji, autorskich musicali i komedii muzycznych o \u015bwiecie, w&hellip;\n","protected":false},"author":2,"featured_media":665436,"comment_status":"","ping_status":"","sticky":false,"template":"","format":"standard","meta":{"footnotes":"","_share_on_mastodon":"0"},"categories":[51605],"tags":[2434,8588,6588,17490,16331,51630,42,38,40,39,41,649,650,11541,51629,8815,51631,8767,51628,800,8816,435],"class_list":["post-665435","post","type-post","status-publish","format-standard","has-post-thumbnail","category-warszawa","tag-aktor","tag-aktorzy","tag-festiwal","tag-festiwale","tag-kariera","tag-kariery","tag-pl","tag-poland","tag-polish","tag-polska","tag-polski","tag-premiera","tag-premiery","tag-realizacja","tag-realizacje","tag-repertuar","tag-ruch-teatralny","tag-sztuka","tag-sztuki","tag-teatr","tag-teatry","tag-warszawa"],"share_on_mastodon":{"url":"https:\/\/pubeurope.com\/@pl\/117209158456271254","error":""},"_links":{"self":[{"href":"https:\/\/www.europesays.com\/pl\/wp-json\/wp\/v2\/posts\/665435","targetHints":{"allow":["GET"]}}],"collection":[{"href":"https:\/\/www.europesays.com\/pl\/wp-json\/wp\/v2\/posts"}],"about":[{"href":"https:\/\/www.europesays.com\/pl\/wp-json\/wp\/v2\/types\/post"}],"author":[{"embeddable":true,"href":"https:\/\/www.europesays.com\/pl\/wp-json\/wp\/v2\/users\/2"}],"replies":[{"embeddable":true,"href":"https:\/\/www.europesays.com\/pl\/wp-json\/wp\/v2\/comments?post=665435"}],"version-history":[{"count":0,"href":"https:\/\/www.europesays.com\/pl\/wp-json\/wp\/v2\/posts\/665435\/revisions"}],"wp:featuredmedia":[{"embeddable":true,"href":"https:\/\/www.europesays.com\/pl\/wp-json\/wp\/v2\/media\/665436"}],"wp:attachment":[{"href":"https:\/\/www.europesays.com\/pl\/wp-json\/wp\/v2\/media?parent=665435"}],"wp:term":[{"taxonomy":"category","embeddable":true,"href":"https:\/\/www.europesays.com\/pl\/wp-json\/wp\/v2\/categories?post=665435"},{"taxonomy":"post_tag","embeddable":true,"href":"https:\/\/www.europesays.com\/pl\/wp-json\/wp\/v2\/tags?post=665435"}],"curies":[{"name":"wp","href":"https:\/\/api.w.org\/{rel}","templated":true}]}}