{"id":665465,"date":"2026-09-03T21:25:20","date_gmt":"2026-09-03T21:25:20","guid":{"rendered":"https:\/\/www.europesays.com\/pl\/665465\/"},"modified":"2026-09-03T21:25:20","modified_gmt":"2026-09-03T21:25:20","slug":"weekend-w-lublinie-pelen-atrakcji-dziady-w-autobusie-urodziny-szerokiego-mecze-i-imprezy-w-skansenie","status":"publish","type":"post","link":"https:\/\/www.europesays.com\/pl\/665465\/","title":{"rendered":"Weekend w Lublinie pe\u0142en atrakcji! Dziady w autobusie, urodziny Szerokiego, mecze i imprezy w skansenie"},"content":{"rendered":"<p style=\"text-align: null;\">Pi\u0105tek, 4 wrze\u015bnia: Teatralny wst\u0119p do weekendu<\/p>\n<p>    Wi\u0119cej z Twojej okolicy<a class=\"componentsRecommendationsSingleArticle__link\" href=\"https:\/\/naszemiasto.pl\/709-urodziny-lublina-i-dlugi-weekend-13-16-sierpnia-sprawdz-pelny-harmonogram-atrakcji\/ar\/c13p2-29264467\" data-ec=\"componentsRecommendationsSingleArticle\" data-event-position-el=\"link\" data-ecp=\"url=https:\/\/naszemiasto.pl\/709-urodziny-lublina-i-dlugi-weekend-13-16-sierpnia-sprawdz-pelny-harmonogram-atrakcji\/ar\/c13p2-29264467,title=Lublin uroczy&#x15B;cie obchodzi 709. urodziny. Sprawd&#x17A; program wydarze&#x144; na d&#x142;ugi weekend\" rel=\"nofollow noopener\" target=\"_blank\"><img decoding=\"async\" class=\"componentsRecommendationsSingleArticle__tileImg\" loading=\"lazy\" src=\"https:\/\/www.europesays.com\/pl\/wp-content\/uploads\/2026\/09\/260813021d_973793655_small.jpg\" data-image-type=\"articles\" alt=\"Lublin uroczy&#x15B;cie obchodzi 709. urodziny. Sprawd&#x17A; program wydarze&#x144; na d&#x142;ugi weekend\"\/>Lublin uroczy\u015bcie obchodzi 709. urodziny. Sprawd\u017a program wydarze\u0144 na d\u0142ugi weekend<\/p>\n<p class=\"componentsRecommendationsSingleArticle__lead\">Przed nami d\u0142ugi sierpniowy weekend, kt\u00f3ry w stolicy wojew\u00f3dztwa up\u0142ynie pod znakiem hucznych obchod\u00f3w 709. urodzin Lublina. Z tej okazji miasto przygotowa\u0142o dla mieszka\u0144c\u00f3w i turyst\u00f3w wyj\u0105tkowy festi&#8230;<\/p>\n<p><img decoding=\"async\" class=\"atomsPartialImageAvatar atomsPartialImageAvatar--textSubtle\" data-event-position-context=\"atomsPartialImageAvatar\" alt=\"Katarzyna Kosowska\" width=\"24\" height=\"24\" src=\"https:\/\/www.europesays.com\/pl\/wp-content\/uploads\/2026\/09\/1788470720_539_69a6b926c24f6_icon.jpg\" loading=\"lazy\"\/>Katarzyna Kosowska<\/a><\/p>\n<p style=\"text-align: null;\">Sobota, 5 wrze\u015bnia: Prawdziwa eksplozja wydarze\u0144 w ca\u0142ym mie\u015bcie!<\/p>\n<p>Psia sobota na Tytoniach (godz. 10:00\u201314:00, ul. Wrotkowska 2): Spotkanie na \u015bwie\u017cym powietrzu dla czworonog\u00f3w i ich w\u0142a\u015bcicieli. W programie: obecno\u015b\u0107 fundacji Lubelski Animals (akcja \u201eSztuka dla zwierz\u0105t\u201d w zamian za karm\u0119\/darowizn\u0119), podcinanie grzywek przez psiego groomera, lokalne przysmaki Dogy oraz porady behawiorysty i psi hotel (Piesolog). O stref\u0119 gastronomiczn\u0105 z pizz\u0105, wypiekami, kaw\u0105 i le\u017cakami zadbaj\u0105 m.in. Bianca e Livia, Street Szef, Lato, NOMNOM i EatME! Bistro. Wst\u0119p wolny.<\/p>\n<p>Derby Legend MTB BMX na Dirt Park Lublin (od godz. 9:00, ul. Tetmajera): Widowiskowe zawody dirtowe na wyprofilowanych hopach. Od 10:00 ruszaj\u0105 treningi, a od 12:00 rywalizacja w kategoriach Dirt 14, Dirt Classic, Dirt Pro oraz Best Trick. O 19:00 zaplanowano dekoracj\u0119 zawodnik\u00f3w, a o 20:00 after party na torze. Wst\u0119p wolny dla kibic\u00f3w.<\/p>\n<p>\u201eDziady\u201d w jad\u0105cym autobusie (od godz. 12:00): Nietypowa ods\u0142ona Narodowego Czytania organizowana przez Miejsk\u0105 Bibliotek\u0119 Publiczn\u0105. Dwugodzinny przejazd autobusem po mie\u015bcie po\u0142\u0105czony z czytaniem utworu Mickiewicza. Start przy przystanku Brama Krakowska 01 (ul. Lubartowska). Mo\u017cna zabra\u0107 w\u0142asny egzemplarz ksi\u0105\u017cki. Wst\u0119p wolny (dost\u0119pne pami\u0105tkowe bilety i piecz\u0119\u0107).<\/p>\n<p>20-lecie dzielnicy Szerokie (po po\u0142udniu i wieczorem): Rodzinne \u015bwi\u0119towanie przy Bibliotece na Poziomie (ul. S\u0142awin). W programie: pokazy szczudlarzy, ba\u0144ki, warsztaty cyrkowe i florystyczne, joga, quest, tworzenie kapsu\u0142y czasu oraz wieczorny tort, s\u0105siedzka kolacja i pota\u0144c\u00f3wka z W\u0119drown\u0105 Orkiestr\u0105 Gimpl\u00f3w. Wst\u0119p bezp\u0142atny.<\/p>\n<p>III Konferencja AKADEMIA INTERNY 2026 (Hotel Ibis Styles Lublin Stare Miasto): Spotkanie dla lekarzy i \u015brodowiska medycznego pod kierownictwem naukowym prof. Micha\u0142a Holeckiego, \u0142\u0105cz\u0105ce wiedz\u0119 z zakresu medycyny rodzinnej, kardiologii, diabetologii i nefrologii. Udzia\u0142 jest bezp\u0142atny po wcze\u015bniejszej rejestracji online.<\/p>\n<p>Ma\u0142e Laboratorium Muzyki w CSK (godz. 10:00 i 11:15): Koncerty gordonowskie pt. \u201eWrzesie\u0144 jeszcze w s\u0142o\u0144cu chodzi\u2026\u201d z muzyk\u0105 na \u017cywo (wiolonczela, pianino, perkusja) dla maluch\u00f3w i rodzic\u00f3w. Czas trwania: 40\u201345 minut. Bilety: 30\u201340 z\u0142.<\/p>\n<p>Mecz Ekstraklasy: Motor Lublin \u2013 Legia Warszawa (godz. 20:15): Pi\u0142karskie emocje na Motor Lublin Arenie. Po wygranej Motoru 3:0 w Pucharze Polski kilka dni wcze\u015bniej, zespo\u0142y zmierz\u0105 si\u0119 ponownie w walce o ligowe punkty.<\/p>\n<p style=\"text-align: null;\">Niedziela, 6 wrze\u015bnia: Spokojny, rodzinny relaks<\/p>\n<p>Ma\u0142e Laboratorium Muzyki w CSK (godz. 10:00 i 11:15): Drugi dzie\u0144 porannych koncert\u00f3w gordonowskich dla najm\u0142odszych dzieci. Bilety: 30\u201340 z\u0142.<\/p>\n<p>\u201eNiedziela z lnem\u201d w Muzeum Wsi Lubelskiej (godz. 11:00\u201314:30): Pokazy tradycyjnej obr\u00f3bki lnu (od \u017cniw na poletku, przez mi\u0119dlenie i czesanie, po tkanie i barwienie tkanin). Dla dzieci przygotowany zostanie \u201eLniany plac zabaw\u201d oraz bajkowe opowie\u015bci. Idealna propozycja na sp\u0119dzenie czasu na \u015bwie\u017cym powietrzu.<\/p>\n","protected":false},"excerpt":{"rendered":"Pi\u0105tek, 4 wrze\u015bnia: Teatralny wst\u0119p do weekendu Wi\u0119cej z Twojej okolicyLublin uroczy\u015bcie obchodzi 709. urodziny. Sprawd\u017a program wydarze\u0144&hellip;\n","protected":false},"author":2,"featured_media":665466,"comment_status":"","ping_status":"","sticky":false,"template":"","format":"standard","meta":{"footnotes":"","_share_on_mastodon":"0"},"categories":[51612],"tags":[129345,61879,1081,129346,129347,42,38,40,39,41,129349,129350,129343,129344,88297,129348],"class_list":["post-665465","post","type-post","status-publish","format-standard","has-post-thumbnail","category-lublin","tag-co-robic-w-lublinie","tag-co-w-weekend","tag-lublin","tag-mecz-motor-legia","tag-motor-legia-lublin","tag-pl","tag-poland","tag-polish","tag-polska","tag-polski","tag-psie-sniadanie","tag-tytonie-lublin","tag-weekend-lublin","tag-weekend-wrzesien-lublin","tag-wydarzenia-lublin","tag-wydarzenia-w-weekend"],"share_on_mastodon":{"url":"https:\/\/pubeurope.com\/@pl\/117209225183776994","error":""},"_links":{"self":[{"href":"https:\/\/www.europesays.com\/pl\/wp-json\/wp\/v2\/posts\/665465","targetHints":{"allow":["GET"]}}],"collection":[{"href":"https:\/\/www.europesays.com\/pl\/wp-json\/wp\/v2\/posts"}],"about":[{"href":"https:\/\/www.europesays.com\/pl\/wp-json\/wp\/v2\/types\/post"}],"author":[{"embeddable":true,"href":"https:\/\/www.europesays.com\/pl\/wp-json\/wp\/v2\/users\/2"}],"replies":[{"embeddable":true,"href":"https:\/\/www.europesays.com\/pl\/wp-json\/wp\/v2\/comments?post=665465"}],"version-history":[{"count":0,"href":"https:\/\/www.europesays.com\/pl\/wp-json\/wp\/v2\/posts\/665465\/revisions"}],"wp:featuredmedia":[{"embeddable":true,"href":"https:\/\/www.europesays.com\/pl\/wp-json\/wp\/v2\/media\/665466"}],"wp:attachment":[{"href":"https:\/\/www.europesays.com\/pl\/wp-json\/wp\/v2\/media?parent=665465"}],"wp:term":[{"taxonomy":"category","embeddable":true,"href":"https:\/\/www.europesays.com\/pl\/wp-json\/wp\/v2\/categories?post=665465"},{"taxonomy":"post_tag","embeddable":true,"href":"https:\/\/www.europesays.com\/pl\/wp-json\/wp\/v2\/tags?post=665465"}],"curies":[{"name":"wp","href":"https:\/\/api.w.org\/{rel}","templated":true}]}}