{"id":665467,"date":"2026-09-03T21:26:27","date_gmt":"2026-09-03T21:26:27","guid":{"rendered":"https:\/\/www.europesays.com\/pl\/665467\/"},"modified":"2026-09-03T21:26:27","modified_gmt":"2026-09-03T21:26:27","slug":"pogon-szczecin-wyrzucona-z-pucharu-polski-bohater-mogl-byc-tylko-jeden","status":"publish","type":"post","link":"https:\/\/www.europesays.com\/pl\/665467\/","title":{"rendered":"Pogo\u0144 Szczecin wyrzucona z Pucharu Polski. Bohater m\u00f3g\u0142 by\u0107 tylko jeden"},"content":{"rendered":"<p>Pierwsza runda Pucharu Polski przynios\u0142a kilka sporych niespodzianek. Z rywalizacj\u0105 po\u017cegna\u0142y si\u0119 m.in. Wis\u0142a Krak\u00f3w, Legia Warszawa, Cracovia, Wieczysta Krak\u00f3w, Zag\u0142\u0119bie Lubin czy Widzew \u0141\u00f3d\u017a. W czwartkowy wiecz\u00f3r by\u0142o jasne, \u017ce do tego grona do\u0142\u0105czy nast\u0119pny zesp\u00f3\u0142 wyst\u0119puj\u0105cy na co dzie\u0144 w najwy\u017cszej klasie rozgrywkowej.<\/p>\n<p>Dalszy ci\u0105g artyku\u0142u pod materia\u0142em wideo<\/p>\n<p>Pogo\u0144 przyst\u0119powa\u0142a do spotkania z si\u00f3dmego miejsca w ligowej tabeli, podczas gdy pi\u0142karze z Dolnego \u015al\u0105ska po sze\u015bciu kolejkach zajmuj\u0105 w niej dopiero 14. pozycj\u0119.<\/p>\n<p><a href=\"https:\/\/przegladsportowy.onet.pl\/\" title=\"Strona g\u0142\u00f3wna serwisu\" aria-label=\"Strona g\u0142\u00f3wna serwisu\" data-astro-prefetch=\"tap\" class=\"ods-a-logo-main-desktop\" rel=\"nofollow noopener\" target=\"_blank\"><img src=\"https:\/\/cdn.przegladsportowy.onet.pl\/img\/Logo_desktop_Onet.svg\" class=\"ods-a-logo-main-desktop__image\" alt=\"Logo\" width=\"107\" height=\"60\" fetchpriority=\"high\" decoding=\"sync\" style=\"height:60px\"\/><\/a><\/p>\n<p class=\"ods-m-google-article__text\">Czytaj nas cz\u0119\u015bciej w Google<\/p>\n<p><a href=\"https:\/\/google.com\/preferences\/source?q=przegladsportowy.onet.pl\" target=\"_blank\" rel=\"noopener noreferrer nofollow\" aria-label=\"Dodaj w Google\" title=\"Dodaj w Google\" class=\"ods-a-button ods-a-button__primary ods-a-button__default ods-a-button-l\">Dodaj w Google<\/a><\/p>\n<p>Mimo to przedmeczowego faworyta trudno by\u0142o jednoznacznie wskaza\u0107. Pocz\u0105tek spotkania zdecydowanie nale\u017ca\u0142 jednak do gospodarzy, kt\u00f3rzy ju\u017c w 4. minucie otworzyli wynik. Na list\u0119 strzelc\u00f3w wpisa\u0142 si\u0119 b\u0119d\u0105cy ostatnio w kapitalnej dyspozycji Samiec-Talar, popisuj\u0105c si\u0119 fenomenalnym uderzeniem i umieszczaj\u0105c pi\u0142k\u0119 w bramce Valentina Cojocaru.<\/p>\n<p>Przyjezdni mogli wyr\u00f3wna\u0107 niemal natychmiast, ale po centrze Kamila Grosickiego i &#8222;g\u0142\u00f3wce&#8221; Dim\u00edtrisa Keramitsisa miejscowym uda\u0142o si\u0119 wybi\u0107 pi\u0142k\u0119. W 20. minucie b\u0142ysn\u0105\u0142 natomiast Micha\u0142 Szromnik, kt\u00f3ry efektownie zatrzyma\u0142 strza\u0142 z dystansu Paula Mukairu. Sze\u015b\u0107 minut p\u00f3\u017aniej nad poprzeczk\u0105 uderzy\u0142 natomiast Benjamin Mendy.<\/p>\n<p>W ko\u0144c\u00f3wce pierwszej po\u0142owy golkiper \u015al\u0105ska zn\u00f3w stan\u0105\u0142 na wysoko\u015bci zadania, powstrzymuj\u0105c pr\u00f3b\u0119 Patryka Dziczka. Tym samym do przerwy we Wroc\u0142awiu utrzyma\u0142o si\u0119 minimalne prowadzenie dru\u017cyny Ante Simundzy.<\/p>\n<p>Kr\u00f3tko po zmianie stron kapitaln\u0105 okazj\u0119 do wyr\u00f3wnania zmarnowa\u0142 Maciej Wojciechowski, kt\u00f3ry fatalnie przestrzeli\u0142. W 63. minucie to gospodarze stan\u0119li przed szans\u0105 na drugiego gola. Samiec-Talar uderzy\u0142 z rzutu wolnego celnie, ale zbyt ma\u0142o precyzyjnie, aby zaskoczy\u0107 Cojocaru. Znacznie skuteczniejszy po drugiej stronie boiska okaza\u0142 si\u0119 Mukairu, kt\u00f3ry \u015bwietnie min\u0105\u0142 dw\u00f3ch rywali i pokona\u0142 Szromnika, doprowadzaj\u0105c do remisu.<\/p>\n<p>Piotr Samiec-Talar! Najpierw gol, a potem asysta. Jest nie do zatrzymania<\/p>\n<p>Portowcy nie poszli jednak za ciosem, co na nieco ponad pi\u0119\u0107 minut przed ko\u0144cem podstawowego czasu gry skrz\u0119tnie wykorzystali miejscowi. Niezawodny Samiec-Talar perfekcyjnie do\u015brodkowa\u0142 z rzutu wolnego, a g\u0142ow\u0105 do siatki trafi\u0142 Jehor Macenko.<\/p>\n<p>Przyjezdni mogli b\u0142yskawicznie odpowiedzie\u0107 za spraw\u0105 Mukairu, ale jego uderzenie nogami obroni\u0142 Szromnik. W samej ko\u0144c\u00f3wce &#8222;pi\u0142k\u0119 meczow\u0105&#8221; mia\u0142 Jean-Pierre Nsame, kt\u00f3ry m\u00f3g\u0142 rzutem na ta\u015bm\u0119 doprowadzi\u0107 do wyr\u00f3wnania, ale Lamine Ba wybi\u0142 pi\u0142k\u0119 z linii bramkowej.<\/p>\n<p>Na wi\u0119cej go\u015bci nie by\u0142o ju\u017c sta\u0107. \u015al\u0105sk utrzyma\u0142 prowadzenie 2:1 i podopieczni Oscara Garcii bardzo szybko po\u017cegnali si\u0119 z Pucharem Polski w sezonie 2026\/2027. A Piotr Samiec-Talar mia\u0142 udzia\u0142 w&#8230; 8 z 10 goli swojej dru\u017cyny w trwaj\u0105cych rozgrywkach!<\/p>\n","protected":false},"excerpt":{"rendered":"Pierwsza runda Pucharu Polski przynios\u0142a kilka sporych niespodzianek. Z rywalizacj\u0105 po\u017cegna\u0142y si\u0119 m.in. Wis\u0142a Krak\u00f3w, Legia Warszawa, Cracovia,&hellip;\n","protected":false},"author":2,"featured_media":665468,"comment_status":"","ping_status":"","sticky":false,"template":"","format":"standard","meta":{"footnotes":"","_share_on_mastodon":"0"},"categories":[51611],"tags":[61195,48,46,948,129351,42,275,38,40,39,41,4773,47,3143,2307,130],"class_list":["post-665467","post","type-post","status-publish","format-standard","has-post-thumbnail","category-szczecin","tag-bottomfeed_styl","tag-nat_styl","tag-omp","tag-pilka_nozna","tag-piotr_samiec_talar","tag-pl","tag-pogon_szczecin","tag-poland","tag-polish","tag-polska","tag-polski","tag-puchar_polski","tag-screening_general","tag-slask_wroclaw","tag-szczecin","tag-wiadomosci_sportowe"],"share_on_mastodon":{"url":"https:\/\/pubeurope.com\/@pl\/117209227781539259","error":""},"_links":{"self":[{"href":"https:\/\/www.europesays.com\/pl\/wp-json\/wp\/v2\/posts\/665467","targetHints":{"allow":["GET"]}}],"collection":[{"href":"https:\/\/www.europesays.com\/pl\/wp-json\/wp\/v2\/posts"}],"about":[{"href":"https:\/\/www.europesays.com\/pl\/wp-json\/wp\/v2\/types\/post"}],"author":[{"embeddable":true,"href":"https:\/\/www.europesays.com\/pl\/wp-json\/wp\/v2\/users\/2"}],"replies":[{"embeddable":true,"href":"https:\/\/www.europesays.com\/pl\/wp-json\/wp\/v2\/comments?post=665467"}],"version-history":[{"count":0,"href":"https:\/\/www.europesays.com\/pl\/wp-json\/wp\/v2\/posts\/665467\/revisions"}],"wp:featuredmedia":[{"embeddable":true,"href":"https:\/\/www.europesays.com\/pl\/wp-json\/wp\/v2\/media\/665468"}],"wp:attachment":[{"href":"https:\/\/www.europesays.com\/pl\/wp-json\/wp\/v2\/media?parent=665467"}],"wp:term":[{"taxonomy":"category","embeddable":true,"href":"https:\/\/www.europesays.com\/pl\/wp-json\/wp\/v2\/categories?post=665467"},{"taxonomy":"post_tag","embeddable":true,"href":"https:\/\/www.europesays.com\/pl\/wp-json\/wp\/v2\/tags?post=665467"}],"curies":[{"name":"wp","href":"https:\/\/api.w.org\/{rel}","templated":true}]}}