{"id":665475,"date":"2026-09-03T21:30:17","date_gmt":"2026-09-03T21:30:17","guid":{"rendered":"https:\/\/www.europesays.com\/pl\/665475\/"},"modified":"2026-09-03T21:30:17","modified_gmt":"2026-09-03T21:30:17","slug":"kroliki-zamek-i-para-dla-dolnego-slaska-radio-wroclaw-nadawalo-z-olesnicy","status":"publish","type":"post","link":"https:\/\/www.europesays.com\/pl\/665475\/","title":{"rendered":"Kr\u00f3liki, zamek i &#8222;Para dla Dolnego \u015al\u0105ska&#8221;. Radio Wroc\u0142aw nadawa\u0142o z Ole\u015bnicy"},"content":{"rendered":"<p>Radio Wroc\u0142aw jest w Ole\u015bnicy.<\/p>\n<p>Fot. \u0141ukasz Januszewski (RW)<\/p>\n<p>Radio Wroc\u0142aw 3 wrze\u015bnia jest w Ole\u015bnicy! Przez ca\u0142y dzie\u0144 zajmujmy si\u0119 sprawami istotnymi dla mieszka\u0144c\u00f3w, a nasz popo\u0142udniowy program nadamy prosto z mobilnego studia w Rynku. Zapraszamy na spotkanie z &#8222;Par\u0105 dla Dolnego \u015al\u0105ska&#8221;!<\/p>\n<p style=\"text-align: justify;\">Radio Wroc\u0142aw odwiedza kolejne miasto. Nasz\u0105 wizyt\u0119 w ramach akcji &#8222;Gdzie jest Nasze Radio?&#8221; tradycyjnie zacz\u0119li\u015bmy od spaceru. Na pocz\u0105tek ruszyli\u015bmy \u015bladem <a href=\"https:\/\/www.radiowroclaw.pl\/articles\/view\/163620\/Odlowic-czy-zostawic-w-spokoju-Trwa-dyskusja-co-zrobic-z-olesnickimi-krolikami\" rel=\"nofollow noopener\" target=\"_blank\">ole\u015bnickich kr\u00f3lik\u00f3w, kt\u00f3re stanowi\u0105 w mie\u015bcie swego rodzaju ko\u015b\u0107 niezgody<\/a>, a tak\u017ce hejna\u0142u, kt\u00f3rego ostatnio&#8230; nie s\u0142ycha\u0107:<\/p>\n<p style=\"text-align: justify;\">Na naszej antenie zreszt\u0105 ca\u0142y dzie\u0144 rozmawiamy o wa\u017cnych dla mieszka\u0144c\u00f3w sprawach &#8211; chocia\u017cby regularnie zalewanych\u00a0<a href=\"https:\/\/www.radiowroclaw.pl\/articles\/view\/163611\/Jezdnia-pod-wiaduktem-w-Olesnicy-jest-podtapiana-przy-kazdej-ulewie-Jak-rozwiazac-problem\" rel=\"nofollow noopener\" target=\"_blank\">drodze pod wiaduktem<\/a> i przej\u015bciu podziemnym przy dworcu. Ewelina Lis i Krzysztof Jano\u015b, czyli &#8222;Para dla Dolnego \u015al\u0105ska&#8221;, odwiedzili te\u017c lokalne atrakcje &#8211; Pomnik Ery Kosmicznej czy zamek ksi\u0105\u017c\u0105t ole\u015bnickich. W roli lokalnych przewodnik\u00f3w tradycyjnie wyst\u0119puj\u0105 nasi reporterzy, czyli Joanna Jaros i Hubert G\u0105dek.<\/p>\n<p style=\"text-align: justify;\">O Ole\u015bnicy us\u0142yszycie w serwisach informacyjnych, ale te\u017c naszych sta\u0142ych audycjach. <a href=\"https:\/\/www.radiowroclaw.pl\/articles\/view\/163630\/Chwalimy-Swoje-Odkryl-niepublikowane-zdjecia-Olesnicy-Gosciem-Remigiusz-Szczuraszek-pasjonat-historii\" rel=\"nofollow noopener\" target=\"_blank\">&#8222;Chwalimy Swoje&#8221; i Katarzyn\u0119 G\u00f3rn\u0105-Drzewosz odwiedzi\u0142 pasjonat historii Remigiusz Szczuraszek<\/a>, a &#8222;Kazula z Gwiazdami&#8221; aktor Robert Gonera, kt\u00f3ry ko\u0144czy\u0142 miejscowe liceum.<\/p>\n<p style=\"text-align: justify;\">Od 15:00 b\u0119dziemy nadawa\u0107 na \u017cywo z ole\u015bnickiego Rynku program &#8222;Para dla Dolnego \u015al\u0105ska&#8221;. Opowiemy chocia\u017cby o ole\u015bnickich autobusach, a o godzinie 17:00 odwiedzi nas burmistrz Adam Horbacz. Tradycyjnie mieszka\u0144cy b\u0119d\u0105 mogli zada\u0107 mu swoje pytania. Z kolei w &#8222;Sportowych Emocjach&#8221; porozmawiamy z lokalnymi biegaczami. Zapraszamy!<\/p>\n<p style=\"text-align: justify;\">Nasza ekipa pyta\u0142a te\u017c mieszka\u0144c\u00f3w, jak si\u0119 \u017cyje w Ole\u015bnicy oraz jakie s\u0105 najwi\u0119ksze problemy w tej miejscowo\u015bci:<\/p>\n<p>&#13;<br \/>\n\t\t\t\t\t\t\t\t\t\tAby ods\u0142ucha\u0107 za\u0142\u0105czonego d\u017awi\u0119ku zaktualizuj przegl\u0105dark\u0119 lub\/i wtyczk\u0119 Adobe Flash Player.&#13;\n\t\t\t\t\t\t\t\t\t<\/p>\n<p>&#13;<br \/>\n\t\t\t\t\t\t\t\t\t\tAby ods\u0142ucha\u0107 za\u0142\u0105czonego d\u017awi\u0119ku zaktualizuj przegl\u0105dark\u0119 lub\/i wtyczk\u0119 Adobe Flash Player.&#13;\n\t\t\t\t\t\t\t\t\t<\/p>\n<p>&#13;<br \/>\n\t\t\t\t\t\t\t\t\t\tAby ods\u0142ucha\u0107 za\u0142\u0105czonego d\u017awi\u0119ku zaktualizuj przegl\u0105dark\u0119 lub\/i wtyczk\u0119 Adobe Flash Player.&#13;\n\t\t\t\t\t\t\t\t\t<\/p>\n<p>&#13;<br \/>\n\t\t\t\t\t\t\t\t\t\tAby ods\u0142ucha\u0107 za\u0142\u0105czonego d\u017awi\u0119ku zaktualizuj przegl\u0105dark\u0119 lub\/i wtyczk\u0119 Adobe Flash Player.&#13;\n\t\t\t\t\t\t\t\t\t<\/p>\n<p style=\"text-align: justify;\">W &#8222;Parze dla Dolnego \u015al\u0105ska&#8221; rozmawiali\u015bmy r\u00f3wnie\u017c z burmistrzem Ole\u015bnicy, Adamem Horbaczem. Razem z nami pytania zadali mu r\u00f3wnie\u017c mieszka\u0144cy miasta:<\/p>\n<p style=\"text-align: justify;\">Cz\u0119\u015b\u0107 pierwsza:<\/p>\n<p style=\"text-align: justify;\">Cze\u015b\u0107 druga:<\/p>\n<p style=\"text-align: justify;\">\u00a0<\/p>\n","protected":false},"excerpt":{"rendered":"Radio Wroc\u0142aw jest w Ole\u015bnicy. Fot. \u0141ukasz Januszewski (RW) Radio Wroc\u0142aw 3 wrze\u015bnia jest w Ole\u015bnicy! Przez ca\u0142y&hellip;\n","protected":false},"author":2,"featured_media":665476,"comment_status":"","ping_status":"","sticky":false,"template":"","format":"standard","meta":{"footnotes":"","_share_on_mastodon":"0"},"categories":[51607],"tags":[56967,81139,51726,129358,129359,79831,7763,42,38,40,39,41,7998,51722,1853,44413,49735],"class_list":["post-665475","post","type-post","status-publish","format-standard","has-post-thumbnail","category-wroclaw","tag-dla","tag-dolnego","tag-i","tag-kroliki","tag-nadawalo","tag-olesnicy","tag-para","tag-pl","tag-poland","tag-polish","tag-polska","tag-polski","tag-radio","tag-slaska","tag-wroclaw","tag-z","tag-zamek"],"share_on_mastodon":{"url":"https:\/\/pubeurope.com\/@pl\/117209243611013947","error":""},"_links":{"self":[{"href":"https:\/\/www.europesays.com\/pl\/wp-json\/wp\/v2\/posts\/665475","targetHints":{"allow":["GET"]}}],"collection":[{"href":"https:\/\/www.europesays.com\/pl\/wp-json\/wp\/v2\/posts"}],"about":[{"href":"https:\/\/www.europesays.com\/pl\/wp-json\/wp\/v2\/types\/post"}],"author":[{"embeddable":true,"href":"https:\/\/www.europesays.com\/pl\/wp-json\/wp\/v2\/users\/2"}],"replies":[{"embeddable":true,"href":"https:\/\/www.europesays.com\/pl\/wp-json\/wp\/v2\/comments?post=665475"}],"version-history":[{"count":0,"href":"https:\/\/www.europesays.com\/pl\/wp-json\/wp\/v2\/posts\/665475\/revisions"}],"wp:featuredmedia":[{"embeddable":true,"href":"https:\/\/www.europesays.com\/pl\/wp-json\/wp\/v2\/media\/665476"}],"wp:attachment":[{"href":"https:\/\/www.europesays.com\/pl\/wp-json\/wp\/v2\/media?parent=665475"}],"wp:term":[{"taxonomy":"category","embeddable":true,"href":"https:\/\/www.europesays.com\/pl\/wp-json\/wp\/v2\/categories?post=665475"},{"taxonomy":"post_tag","embeddable":true,"href":"https:\/\/www.europesays.com\/pl\/wp-json\/wp\/v2\/tags?post=665475"}],"curies":[{"name":"wp","href":"https:\/\/api.w.org\/{rel}","templated":true}]}}