{"id":665491,"date":"2026-09-03T21:38:15","date_gmt":"2026-09-03T21:38:15","guid":{"rendered":"https:\/\/www.europesays.com\/pl\/665491\/"},"modified":"2026-09-03T21:38:15","modified_gmt":"2026-09-03T21:38:15","slug":"chcieli-zbudowac-laser-neutrinowy-wszechswiat-powiedzial-nie","status":"publish","type":"post","link":"https:\/\/www.europesays.com\/pl\/665491\/","title":{"rendered":"Chcieli zbudowa\u0107 laser neutrinowy. Wszech\u015bwiat powiedzia\u0142 nie"},"content":{"rendered":"<p class=\"typography ids-typeset-body ids-typeset-body--preset-large link paragraph ids-paragraph ids-paragraph--default\">Fizycy z Massachusetts Institute of Technology wykazali, \u017ce zaproponowany rok temu laser neutrinowy nie mo\u017ce powsta\u0107. Dwa niezale\u017cne dowody kwantowe, opublikowane 2 wrze\u015bnia 2026 roku w Physical Review Letters przez Wolfganga Ketterle&#8217;a oraz postdok\u00f3w Hanzhena Lina i Yu-Kuna Lu, zamykaj\u0105 t\u0119 koncepcj\u0119 zar\u00f3wno ze wzgl\u0119d\u00f3w fizycznych, jak i fundamentalnych. Ka\u017cdy z argument\u00f3w wystarczy\u0142by sam.<\/p>\n<p class=\"typography ids-typeset-body ids-typeset-body--preset-large link paragraph ids-paragraph ids-paragraph--default\">Chodzi\u0142o o skierowan\u0105, wzmocnion\u0105 wi\u0105zk\u0119 neutrin, cz\u0105stek tak s\u0142abo oddzia\u0142uj\u0105cych z materi\u0105, \u017ce biliony z nich przelatuj\u0105 co sekund\u0119 przez cia\u0142o cz\u0142owieka, a warstwa o\u0142owiu o grubo\u015bci roku \u015bwietlnego zatrzyma\u0142aby zaledwie po\u0142ow\u0119. S\u0142o\u0144ce emituje ich oko\u0142o 10^{38} na sekund\u0119. Od odkrycia w 1956 roku wci\u0105\u017c zaskakuj\u0105, poniewa\u017c maj\u0105 trzy &#8222;zapachy&#8221;, oscyluj\u0105 mi\u0119dzy nimi i mog\u0105 by\u0107 swoimi w\u0142asnymi antycz\u0105stkami. W\u0142a\u015bnie dlatego pomys\u0142, by zebra\u0107 je w sp\u00f3jn\u0105 wi\u0105zk\u0119, wydawa\u0142 si\u0119 tak kusz\u0105cy.<\/p>\n<p>Chcieli zbudowa\u0107 laser neutrinowy, ale si\u0119 nie da<\/p>\n<p class=\"typography ids-typeset-body ids-typeset-body--preset-large link paragraph ids-paragraph ids-paragraph--default\">We wrze\u015bniu 2025 roku Joseph Formaggio z MIT i Ben Jones, w\u00f3wczas z University of Texas at Arlington, a dzi\u015b z University of Manchester, zaproponowali wykorzystanie superradiancji w kondensacie Bosego-Einsteina radioaktywnego rubidu-83. W temperaturach rz\u0119du nanokelwin\u00f3w chmura atom\u00f3w zachowuje si\u0119 jak jedna ca\u0142o\u015b\u0107 kwantowa, a dla foton\u00f3w ten mechanizm ju\u017c wzmacnia emisj\u0119 w jednym kierunku. Autorzy uznali, \u017ce analogicznie powinno by\u0107 z neutrinami. Chodzi\u0142o o okres po\u0142owicznego rozpadu, kt\u00f3ry skr\u00f3ci\u0142by si\u0119 z 86 dni do oko\u0142o minuty. Koncepcja by\u0142a teoretycznie sp\u00f3jna, cho\u0107 nikt nigdy nie wytworzy\u0142 kondensatu z atom\u00f3w radioaktywnych.<\/p>\n<p class=\"typography ids-typeset-body ids-typeset-body--preset-large link paragraph ids-paragraph ids-paragraph--default\">Pierwszy zarzut Ketterle&#8217;a dotyczy odrzutu. Neutrino z rozpadu unosi energi\u0119 rz\u0119du miliona elektronowolt\u00f3w, milion razy wi\u0119ksz\u0105 ni\u017c foton \u015bwiat\u0142a widzialnego, wi\u0119c atom zostaje odrzucony z pr\u0119dko\u015bci\u0105 rz\u0119du Mach 10 i w u\u0142amku mikrosekundy opuszcza kondensat. Superradiancja wymaga czasu, by uk\u0142ad zapami\u0119ta\u0142 kierunek pierwszej emisji. Przy tak gwa\u0142townym odrzucie pami\u0119\u0107 nie zd\u0105\u017cy powsta\u0107 i chmura wraca do zwyk\u0142ego tempa rozpadu. Niezale\u017cna analiza zespo\u0142u z JILA, NIST i University of Colorado Boulder potwierdzi\u0142a, \u017ce kooperatywno\u015b\u0107 uk\u0142adu jest o wiele rz\u0119d\u00f3w wielko\u015bci za ma\u0142a.<\/p>\n<p class=\"typography ids-typeset-body ids-typeset-body--preset-large link paragraph ids-paragraph ids-paragraph--default\">Drugi argument si\u0119ga natury samej cz\u0105stki. Foton jest bozonem i mo\u017ce dzieli\u0107 stan kwantowy z innymi fotonami, st\u0105d klasyczne wzmocnienie superradiacyjne. Neutrino jest fermionem i podlega zakazowi Pauliego, wi\u0119c pierwsza emisja zostawia w kondensacie nie wskaz\u00f3wk\u0119, by emitowa\u0107 dalej w tym kierunku, lecz instrukcj\u0119 przeciwn\u0105. Zamiast pami\u0119ci powstaje antypami\u0119\u0107, a po pierwszym rozpadzie zbiorowe wzmocnienie ga\u015bnie.<\/p>\n<p>Nie b\u0119dzie lasera neutrinowego, ale to nie tragedia<\/p>\n<p class=\"typography ids-typeset-body ids-typeset-body--preset-large link paragraph ids-paragraph ids-paragraph--default\">Rubid-83 jest bozonem, lecz produkt rozpadu, krypton-83, ju\u017c fermionem. &#8222;Je\u015bli opisa\u0107 to poprawnie dla emitowanych fermion\u00f3w, otrzymuje si\u0119 antypami\u0119\u0107, kt\u00f3ra nie przyspiesza emisji w formie superradiacyjnej&#8221; &#8211; powiedzia\u0142 Ketterle.<\/p>\n<p class=\"typography ids-typeset-body ids-typeset-body--preset-large link paragraph ids-paragraph ids-paragraph--default\">Formaggio przyj\u0105\u0142 obalenie spokojnie, przypominaj\u0105c, \u017ce sprawdzanie nowych idei nale\u017cy do obowi\u0105zk\u00f3w \u015brodowiska. Wniosek wykracza poza sam laser neutrinowy, poniewa\u017c superradiacyjne wzmocnienie w kondensacie Bosego-Einsteina nie dzia\u0142a dla emisji fermionowej, a wi\u0119c tak\u017ce dla elektron\u00f3w czy kwark\u00f3w. Co ciekawe, mimo wszystko, najnowsze badania nie przekre\u015blaj\u0105 bada\u0144 nad neutrinami ani detektorami takimi jak np. IceCube czy KATRIN. Zamyka natomiast to tylko jedn\u0105 szczeg\u00f3lnie efektown\u0105 drog\u0119, czyli budow\u0119 laser\u00f3w neutrinowych.<\/p>\n<p class=\"typography ids-typeset-body ids-typeset-body--preset-large link paragraph ids-paragraph ids-paragraph--default\">***<\/p>\n<p class=\"typography ids-typeset-body ids-typeset-body--preset-large link paragraph ids-paragraph ids-paragraph--default\">B\u0105d\u017a na bie\u017c\u0105co i zosta\u0144 jednym z 97 tys. obserwuj\u0105cych nasz fanpage &#8211; <a href=\"https:\/\/www.facebook.com\/GeekWeek\" target=\"_self\" rel=\"nofollow noopener\">polub GeekWeek na Facebooku<\/a> i komentuj tam nasze artyku\u0142y!<\/p>\n<p>Krytyczny stan wody w rzekach Europy. Zdj\u0119cia pokazuj\u0105 skal\u0119 problemuAFP<\/p>\n","protected":false},"excerpt":{"rendered":"Fizycy z Massachusetts Institute of Technology wykazali, \u017ce zaproponowany rok temu laser neutrinowy nie mo\u017ce powsta\u0107. Dwa niezale\u017cne&hellip;\n","protected":false},"author":2,"featured_media":665492,"comment_status":"","ping_status":"","sticky":false,"template":"","format":"standard","meta":{"footnotes":"","_share_on_mastodon":"0"},"categories":[20],"tags":[120,118,119,42,38,40,39,41,116,114,115,121,117],"class_list":["post-665491","post","type-post","status-publish","format-standard","has-post-thumbnail","category-nauka-i-technika","tag-nauka","tag-nauka-i-technika","tag-naukatechnika","tag-pl","tag-poland","tag-polish","tag-polska","tag-polski","tag-science","tag-science-and-technology","tag-sciencetechnology","tag-technika","tag-technology"],"share_on_mastodon":{"url":"https:\/\/pubeurope.com\/@pl\/117209275117547773","error":""},"_links":{"self":[{"href":"https:\/\/www.europesays.com\/pl\/wp-json\/wp\/v2\/posts\/665491","targetHints":{"allow":["GET"]}}],"collection":[{"href":"https:\/\/www.europesays.com\/pl\/wp-json\/wp\/v2\/posts"}],"about":[{"href":"https:\/\/www.europesays.com\/pl\/wp-json\/wp\/v2\/types\/post"}],"author":[{"embeddable":true,"href":"https:\/\/www.europesays.com\/pl\/wp-json\/wp\/v2\/users\/2"}],"replies":[{"embeddable":true,"href":"https:\/\/www.europesays.com\/pl\/wp-json\/wp\/v2\/comments?post=665491"}],"version-history":[{"count":0,"href":"https:\/\/www.europesays.com\/pl\/wp-json\/wp\/v2\/posts\/665491\/revisions"}],"wp:featuredmedia":[{"embeddable":true,"href":"https:\/\/www.europesays.com\/pl\/wp-json\/wp\/v2\/media\/665492"}],"wp:attachment":[{"href":"https:\/\/www.europesays.com\/pl\/wp-json\/wp\/v2\/media?parent=665491"}],"wp:term":[{"taxonomy":"category","embeddable":true,"href":"https:\/\/www.europesays.com\/pl\/wp-json\/wp\/v2\/categories?post=665491"},{"taxonomy":"post_tag","embeddable":true,"href":"https:\/\/www.europesays.com\/pl\/wp-json\/wp\/v2\/tags?post=665491"}],"curies":[{"name":"wp","href":"https:\/\/api.w.org\/{rel}","templated":true}]}}