{"id":665497,"date":"2026-09-03T21:41:13","date_gmt":"2026-09-03T21:41:13","guid":{"rendered":"https:\/\/www.europesays.com\/pl\/665497\/"},"modified":"2026-09-03T21:41:13","modified_gmt":"2026-09-03T21:41:13","slug":"sylwester-ziemkiewicz-ma-blokade-alkoholowa-wp-tak-starosta-z-psl-uratowal-stanowisko","status":"publish","type":"post","link":"https:\/\/www.europesays.com\/pl\/665497\/","title":{"rendered":"Sylwester Ziemkiewicz ma blokad\u0119 alkoholow\u0105. WP: tak starosta z PSL uratowa\u0142 stanowisko"},"content":{"rendered":"<p class=\"article-p\" data-section=\"detail-body\">W kwietniu 2023 r. policja otrzyma\u0142a zg\u0142oszenie o dziwnym zachowaniu m\u0119\u017cczyzny kieruj\u0105cego autem marki Opel. Kiedy funkcjonariusze go zatrzymali, okaza\u0142o si\u0119, \u017ce za kierownic\u0105 siedzia\u0142 kompletnie pijany 39-latek. Okaza\u0142o si\u0119, \u017ce to starosta p\u0142ocki Sylwester Ziemkiewicz. Mia\u0142 w\u00f3wczas 2,5 promila alkoholu w organizmie.<\/p>\n<p class=\"article-p\" data-section=\"detail-body\"><a href=\"https:\/\/www.fakt.pl\/polityka\/rosja-prowokuje-wladyslaw-kosiniak-kamysz-reaguje-f-16-i-smiglowce\/0fr0r0k\" id=\"8bfb4ea6-357c-411f-aaff-d623af280f01\" rel=\"nofollow noopener\" target=\"_blank\">Szef MON reaguje na rosyjskie prowokacje i akty agresji. &#8222;Podj\u0105\u0142em decyzj\u0119&#8221;<\/a><\/p>\n<p>        Dalszy ci\u0105g artyku\u0142u pod materia\u0142em wideo <\/p>\n<p>        Starosta p\u0142ocki uratowa\u0142 stanowisko. Formalnie nie jest pracownikiem urz\u0119du<\/p>\n<p class=\"article-p\" data-section=\"detail-body\">Po blisko dw\u00f3ch latach zapad\u0142 prawomocny wyrok skazuj\u0105cy. W zwi\u0105zku z tym w marcu ubieg\u0142ego roku wygasi\u0142 jego mandat radnego powiatowego. Ziemkiewicz wci\u0105\u017c jednak sprawuje funkcj\u0119 starosty p\u0142ockiego. &#8222;Okazuje si\u0119, \u017ce polityk PSL zawdzi\u0119cza swoje stanowisko kolegom z rady powiatu, kt\u00f3rzy, jeszcze zanim zapad\u0142 prawomocny wyrok, 11 wrze\u015bnia 2024 r. zmienili statut powiatu p\u0142ockiego specjalnie dla niego&#8221; \u2014 podkre\u015bla Wirtualna Polska. Zapisano bowiem, \u017ce starosta p\u0142ocki pe\u0142ni swoj\u0105 funkcj\u0119 spo\u0142ecznie. Nie pobiera wynagrodzenia, wi\u0119c formalnie nie jest pracownikiem urz\u0119du. Dzi\u0119ki temu Ziemkiewicz nie musia\u0142 odchodzi\u0107 ze stanowiska.<\/p>\n<p class=\"article-p\" data-section=\"detail-body\">\u2014 Realnym efektem zmiany statutu jest to, \u017ce \u015brodki z mojej pensji zosta\u0142y przeznaczone na zaprojektowanie nowej szko\u0142y specjalnej na terenie naszego powiatu, kt\u00f3ra za chwil\u0119 b\u0119dzie budowana \u2014 powiedzia\u0142 portalowi. Ziemkiewicza dwukrotnie pr\u00f3bowali odwo\u0142a\u0107 radni PiS. Nie uda\u0142o si\u0119.<\/p>\n<p class=\"article-p\" data-section=\"detail-body\">S\u0105d zakaza\u0142 mu kierowania pojazdami przez cztery lata. Po dw\u00f3ch latach zgodzi\u0142 si\u0119 zamieni\u0107 zakaz na blokad\u0119 alkoholow\u0105 zamontowan\u0105 w s\u0142u\u017cbowym samochodzie. Zanim Ziemkiewicz ruszy, musi dmuchn\u0105\u0107 w alkomat. Je\u015bli jest trze\u017awy, silnik si\u0119 uruchamia. Starosta zapewnia, \u017ce wart\u0105 &#8222;kilka tysi\u0119cy z\u0142otych&#8221; blokad\u0119 alkoholow\u0105 sfinansowa\u0142 z prywatnych pieni\u0119dzy.<\/p>\n<p class=\"article-p\" data-section=\"detail-body\"><a href=\"https:\/\/www.fakt.pl\/polityka\/karol-nawrocki-mowil-o-urojeniach-ministra-waldemar-zurek-odpowiada\/s9vttrk\" id=\"dbcc4b50-4488-4171-b3da-787f2014d84e\" rel=\"nofollow noopener\" target=\"_blank\">Gor\u0105co na linii \u017burek-Nawrocki. &#8222;Kto\u015b nie dostarczy\u0142 na czas saszetek&#8221;<\/a><\/p>\n<p class=\"article-p\" data-section=\"detail-body\"><a href=\"https:\/\/www.fakt.pl\/polityka\/ambasador-rosji-wezwany-do-msz-resort-sikorskiego-wydal-komunikat\/w7g4eex\" id=\"021303ff-1692-4343-956d-f226f61ac7ef\" rel=\"nofollow noopener\" target=\"_blank\">Koniec spotkania z ambasadorem Rosji. MSZ wspomnia\u0142o o &#8222;terroryzmie&#8221;<\/a><\/p>\n<p class=\"article-p\" data-section=\"detail-body\"><a href=\"https:\/\/www.fakt.pl\/polityka\/kamera-na-posiedzeniu-pis-michal-wojcik-opublikowal-nagranie-sejm-odpowiada\/jtyk7s8\" id=\"4b408d0d-fd34-4b67-b714-6eb5ac424a77\" rel=\"nofollow noopener\" target=\"_blank\">Pose\u0142 PiS grzmia\u0142 o &#8222;absolutnym skandalu&#8221;. Sejm odpowiada. &#8222;Na pro\u015bb\u0119&#8221;<\/a><\/p>\n<p class=\"article-p\" data-section=\"detail-body\">\u0179r\u00f3d\u0142o: Wirtualna Polska<\/p>\n","protected":false},"excerpt":{"rendered":"W kwietniu 2023 r. policja otrzyma\u0142a zg\u0142oszenie o dziwnym zachowaniu m\u0119\u017cczyzny kieruj\u0105cego autem marki Opel. Kiedy funkcjonariusze go&hellip;\n","protected":false},"author":2,"featured_media":665498,"comment_status":"","ping_status":"","sticky":false,"template":"","format":"standard","meta":{"footnotes":"","_share_on_mastodon":"0"},"categories":[12],"tags":[32,33,36,37,27,34,35,28,31,25,42,38,40,39,41,29,30,26],"class_list":["post-665497","post","type-post","status-publish","format-standard","has-post-thumbnail","category-polska","tag-breaking-news","tag-breakingnews","tag-featured-news","tag-featurednews","tag-headlines","tag-latest-news","tag-latestnews","tag-naglowki","tag-najwazniejsze-artykuly","tag-news","tag-pl","tag-poland","tag-polish","tag-polska","tag-polski","tag-top-stories","tag-topstories","tag-wiadomosci"],"share_on_mastodon":{"url":"https:\/\/pubeurope.com\/@pl\/117209286896751686","error":""},"_links":{"self":[{"href":"https:\/\/www.europesays.com\/pl\/wp-json\/wp\/v2\/posts\/665497","targetHints":{"allow":["GET"]}}],"collection":[{"href":"https:\/\/www.europesays.com\/pl\/wp-json\/wp\/v2\/posts"}],"about":[{"href":"https:\/\/www.europesays.com\/pl\/wp-json\/wp\/v2\/types\/post"}],"author":[{"embeddable":true,"href":"https:\/\/www.europesays.com\/pl\/wp-json\/wp\/v2\/users\/2"}],"replies":[{"embeddable":true,"href":"https:\/\/www.europesays.com\/pl\/wp-json\/wp\/v2\/comments?post=665497"}],"version-history":[{"count":0,"href":"https:\/\/www.europesays.com\/pl\/wp-json\/wp\/v2\/posts\/665497\/revisions"}],"wp:featuredmedia":[{"embeddable":true,"href":"https:\/\/www.europesays.com\/pl\/wp-json\/wp\/v2\/media\/665498"}],"wp:attachment":[{"href":"https:\/\/www.europesays.com\/pl\/wp-json\/wp\/v2\/media?parent=665497"}],"wp:term":[{"taxonomy":"category","embeddable":true,"href":"https:\/\/www.europesays.com\/pl\/wp-json\/wp\/v2\/categories?post=665497"},{"taxonomy":"post_tag","embeddable":true,"href":"https:\/\/www.europesays.com\/pl\/wp-json\/wp\/v2\/tags?post=665497"}],"curies":[{"name":"wp","href":"https:\/\/api.w.org\/{rel}","templated":true}]}}