{"id":665503,"date":"2026-09-03T21:44:19","date_gmt":"2026-09-03T21:44:19","guid":{"rendered":"https:\/\/www.europesays.com\/pl\/665503\/"},"modified":"2026-09-03T21:44:19","modified_gmt":"2026-09-03T21:44:19","slug":"nawrocki-i-sedziowie-tk-prezydent-jest-wzywany-jako-swiadek-czy-podejrzany","status":"publish","type":"post","link":"https:\/\/www.europesays.com\/pl\/665503\/","title":{"rendered":"Nawrocki i s\u0119dziowie TK. &#8222;Prezydent jest wzywany jako \u015bwiadek czy podejrzany?&#8221;"},"content":{"rendered":"<p>Z jakiego powodu prokuratura chce przes\u0142ucha\u0107 prezydenta?<\/p>\n<p>Jak\u0105 decyzj\u0119 podj\u0105\u0142 Karol Nawrocki ws. wniosku prokuratury?<\/p>\n<p>Jak prezydent rozgrywa spraw\u0119 wok\u00f3\u0142 TK?\u00a0<\/p>\n<p>Prezydent odpowie na pytania prokuratury w sprawie niedopuszczenia czterech s\u0119dzi\u00f3w do orzekania w Trybunale Konstytucyjnym. &#8211; Jestem obywatelem, jak ka\u017cdy inny obywatel RP &#8211; m\u00f3wi\u0142 Karol Nawrocki. Doda\u0142 te\u017c: &#8222;Post\u0119powa\u0144 wobec mojej osoby jest du\u017co&#8221;. Prezydent m\u00f3wi\u0142 te\u017c w czwartek o &#8222;urojeniach ministra sprawiedliwo\u015bci&#8221;.\u00a0<\/p>\n<p>O dzia\u0142ania prokuratury ws. Nawrockiego w kontek\u015bcie Trybuna\u0142u Konstytucyjnego Adam Ozga pyta\u0142 w &#8222;TOK 360&#8221; dra Wojciecha W\u0142ocha z Katedry Prawa Konstytucyjnego Uniwersytetu Miko\u0142aja Kopernika w Toruniu. &#8211; Mam wra\u017cenie, \u017ce mamy do czynienia pomieszania r\u00f3l. Z jednej strony prezydent jest wzywany niby jako \u015bwiadek, a z drugiej strony w komunikacie (prokuratury) jest napisane, \u017ce &#8222;post\u0119powanie obejmuje kwestie u\u0142atwienia prezydentowi niedope\u0142nienia obowi\u0105zku&#8221; (&#8230;). Mamy te\u017c w\u0105tki polityczne. Co\u015b mi tu nie gra, ale nie wiem, co &#8211; przyzna\u0142 dziennikarz TOK FM.\u00a0<\/p>\n<p>&#8211; Czuj\u0119 si\u0119 tak, jak pan si\u0119 czuj\u0119. Du\u017co tu nie gra &#8211; m\u00f3wi\u0142 ze \u015bmiechem ekspert z toru\u0144skiego UMK. &#8211; Prezydent budowa\u0142 tak\u0105 narracj\u0119, przekonanie, \u017ce ci s\u0119dziowie nie znali prawa i nie z\u0142o\u017cyli \u015blubowania. A konstytucja nic nie m\u00f3wi o prezydencie przy powo\u0142aniu s\u0119dzi\u00f3w, ale ustawa grzecznie m\u00f3wi, bo to dobrze wygl\u0105da, \u017ce dope\u0142nieniem powo\u0142ania jest z\u0142o\u017cenie \u015blubowania wobec prezydenta. I tak to powinno wygl\u0105da\u0107 &#8211; wyja\u015bni\u0142 go\u015b\u0107 &#8222;TOK 360&#8221;.\u00a0\u00a0<\/p>\n<p>Ale sytuacja wygl\u0105da tak, \u017ce prezydent wybra\u0142, kogo zaprosi na z\u0142o\u017cenie \u015blubowania i czworo s\u0119dzi\u00f3w TK nadal nie mo\u017ce pracowa\u0107. &#8211; Prezydent nie jest \u017cadnym filtrem. A &#8211; jak dzi\u015b s\u0142yszeli\u015bmy &#8211; prezydent tak swoj\u0105 rol\u0119 widzi, \u017ce nie mo\u017ce odebra\u0107 \u015blubowania od czw\u00f3rki s\u0119dzi\u00f3w, kt\u00f3rych ocenia negatywnie ze wzgl\u0119du na nieznajomo\u015b\u0107 prawa. I tu faktycznie zaczyna si\u0119 troch\u0119 pl\u0105ta\u0107. Dzi\u015b prezydent budowa\u0142 si\u0119 jako aktor polityczny, ale spoza uk\u0142adu politycznego &#8211; oceni\u0142 Wojciech W\u0142och.\u00a0<\/p>\n<p>&#8211; Czy prezydent jest wzywany jako \u015bwiadek, czy niejako jako podejrzany? &#8211; pyta\u0142 Ozga.\u00a0<\/p>\n<p>&#8211; To troch\u0119 wygl\u0105da jak wojna zast\u0119pcza, troch\u0119 ma to uderza\u0107 w prezydenta. Uwa\u017cam, \u017ce wygl\u0105d to dziwnie, nie widz\u0119 mo\u017cliwo\u015bci postawienia prezydenta w stan oskar\u017cenia; raczej w niewygodnej sytuacji &#8211; odpowiedzia\u0142 prawnik. Go\u015bcia TOK FM zwr\u00f3ci\u0142 te\u017c uwag\u0119 na taktyk\u0119 prezydenta. &#8211; Us\u0142yszeli\u015bmy, \u017ce prezydent ma kup\u0119 rzeczy do roboty, gdzie\u015b musi lecie\u0107, co\u015b zrobi\u0107 a z\u0142y rz\u0105d poprzez prokuratur\u0119 prowadzi polityczn\u0105 wojenk\u0119, kt\u00f3ra jest nieistotna dla obywateli. On w ten spos\u00f3b mo\u017ce neutralizowa\u0107 to, co mo\u017ce go postawi\u0107 w z\u0142ym \u015bwietle postawi\u0107\u00a0<\/p>\n<p>\u0179r\u00f3d\u0142o: TOK FM, PAP\u00a0<\/p>\n","protected":false},"excerpt":{"rendered":"Z jakiego powodu prokuratura chce przes\u0142ucha\u0107 prezydenta? Jak\u0105 decyzj\u0119 podj\u0105\u0142 Karol Nawrocki ws. wniosku prokuratury? Jak prezydent rozgrywa&hellip;\n","protected":false},"author":2,"featured_media":665504,"comment_status":"","ping_status":"","sticky":false,"template":"","format":"standard","meta":{"footnotes":"","_share_on_mastodon":"0"},"categories":[62712],"tags":[81265,690,907,383,1005,1627,3992,54142,8232],"class_list":["post-665503","post","type-post","status-publish","format-standard","has-post-thumbnail","category-karol-nawrocki","tag-adam-ozga","tag-karol-nawrocki","tag-polityka","tag-prawo","tag-prezydent","tag-prokuratura","tag-przesluchanie","tag-tok360","tag-trybunal-konstytucyjny"],"share_on_mastodon":{"url":"https:\/\/pubeurope.com\/@pl\/117209298860723691","error":""},"_links":{"self":[{"href":"https:\/\/www.europesays.com\/pl\/wp-json\/wp\/v2\/posts\/665503","targetHints":{"allow":["GET"]}}],"collection":[{"href":"https:\/\/www.europesays.com\/pl\/wp-json\/wp\/v2\/posts"}],"about":[{"href":"https:\/\/www.europesays.com\/pl\/wp-json\/wp\/v2\/types\/post"}],"author":[{"embeddable":true,"href":"https:\/\/www.europesays.com\/pl\/wp-json\/wp\/v2\/users\/2"}],"replies":[{"embeddable":true,"href":"https:\/\/www.europesays.com\/pl\/wp-json\/wp\/v2\/comments?post=665503"}],"version-history":[{"count":0,"href":"https:\/\/www.europesays.com\/pl\/wp-json\/wp\/v2\/posts\/665503\/revisions"}],"wp:featuredmedia":[{"embeddable":true,"href":"https:\/\/www.europesays.com\/pl\/wp-json\/wp\/v2\/media\/665504"}],"wp:attachment":[{"href":"https:\/\/www.europesays.com\/pl\/wp-json\/wp\/v2\/media?parent=665503"}],"wp:term":[{"taxonomy":"category","embeddable":true,"href":"https:\/\/www.europesays.com\/pl\/wp-json\/wp\/v2\/categories?post=665503"},{"taxonomy":"post_tag","embeddable":true,"href":"https:\/\/www.europesays.com\/pl\/wp-json\/wp\/v2\/tags?post=665503"}],"curies":[{"name":"wp","href":"https:\/\/api.w.org\/{rel}","templated":true}]}}