{"id":665567,"date":"2026-09-03T22:20:17","date_gmt":"2026-09-03T22:20:17","guid":{"rendered":"https:\/\/www.europesays.com\/pl\/665567\/"},"modified":"2026-09-03T22:20:17","modified_gmt":"2026-09-03T22:20:17","slug":"strazacy-z-regionu-pomogli-gasic-pozar-w-hiszpani","status":"publish","type":"post","link":"https:\/\/www.europesays.com\/pl\/665567\/","title":{"rendered":"Stra\u017cacy z regionu pomogli gasi\u0107 po\u017car w Hiszpani"},"content":{"rendered":"<p style=\"text-align: justify;\">Czterech stra\u017cak\u00f3w ze struktur Komendy Miejskiej PSP Zamo\u015bciu bra\u0142o udzia\u0142 w gaszeniu po\u017caru w Hiszpanii. Zasilili oni struktury GFFF Lublin.<\/p>\n<p style=\"text-align: justify;\">CZYTAJ:\u00a0<a href=\"https:\/\/radio.lublin.pl\/2026\/09\/czasowe-ograniczenie-ruchu-lotniczego-we-wschodniej-czesci-polski\/\" target=\"_blank\" rel=\"noopener nofollow\">Czasowe ograniczenie ruchu lotniczego we wschodniej cz\u0119\u015bci Polski<\/a><\/p>\n<p style=\"text-align: justify;\">\u2013 Najbardziej zaskoczy\u0142a nas skala suszy w Hiszpanii, jest tam skrajnie niska wilgotno\u015b\u0107. Ro\u015blinno\u015b\u0107 w Hiszpanii bardzo r\u00f3\u017cni si\u0119 od naszej\u00a0 \u2013 m\u00f3wi m\u0142odszy aspirant Karol Swatko. \u2013\u00a0Krzewy, w og\u00f3le ro\u015blinno\u015b\u0107 w Hiszpanii bardzo si\u0119 r\u00f3\u017cni.\u00a0Same olejki eteryczne, bardzo nas to, my\u015bl\u0119, zaskoczy\u0142o na pocz\u0105tku rozw\u00f3j tego po\u017caru, wiatr, urwiska, bardzo strome zbocza,\u00a0to ten ogie\u0144 ci\u0119\u017cko by\u0142o przewidzie\u0107, jak ten po\u017car si\u0119 rozwinie w danym momencie. Czasami Hiszpanie powtarzali, \u017ce jeste\u015bmy za dok\u0142adni,\u00a0\u017ceby\u015bmy troszk\u0119 odpu\u015bcili w niekt\u00f3rych momentach.\u00a0My\u015bl\u0119, \u017ce pokazali\u015bmy si\u0119 jako GFF Poland, jako wojew\u00f3dztwo lubelskie z bardzo dobrej strony.<\/p>\n<p style=\"text-align: center;\"><img loading=\"lazy\" decoding=\"async\" src=\"https:\/\/www.europesays.com\/pl\/wp-content\/uploads\/2026\/09\/EAttachments97249848392fbbfbb353c69b8521dc1aa4a5bb8_xl-1.jpg\" alt=\"786561817_1715645092828814_4829630457265719617_n.jpg\" width=\"600\" height=\"1065\" title=\"Stra\u017cacy z regionu pomogli gasi\u0107 po\u017car w Hiszpani 2\"\/><\/p>\n<p style=\"text-align: justify;\">Stra\u017cacy z modu\u0142u GFFF wyposa\u017ceni s\u0105 w lekki, podr\u0119czny sprz\u0119t: ka\u017cdy zestaw narz\u0119dzi przypisany jest do konkretnego stra\u017caka. Tak wyposa\u017cone grupy dostaj\u0105 si\u0119 w miejsca trudnodost\u0119pne, gdzie nie ma szans wjecha\u0107 ci\u0119\u017cki sprz\u0119t.<\/p>\n<p style=\"text-align: justify;\">By\u0142 to drugi zagraniczny wyjazd modu\u0142u GFFF Lublin, ale pierwszy do dzia\u0142a\u0144 rzeczywistych, a nie \u0107wicze\u0144. Wzi\u0119\u0142o w nim udzia\u0142 w sumie 12 lubelskich ratownik\u00f3w, kt\u00f3rzy\u00a0przez 10 dni uczestniczy\u0142o w\u00a0dzia\u0142aniach wspieraj\u0105cych hiszpa\u0144skie s\u0142u\u017cby w walce z wielkopowierzchniowymi po\u017carami las\u00f3w.<\/p>\n<p style=\"text-align: justify;\">JN \/ opr. AKos<\/p>\n<p style=\"text-align: justify;\">Fot.\u00a0Magdalena Kowalska<\/p>\n<p> <a href=\"https:\/\/radio.lublin.pl\/wp-content\/uploads\/2026\/09\/EAttachments97249848392fbbfbb353c69b8521dc1aa4a5bb8_xl-1.jpg\" rel=\"nofollow noopener\" target=\"_blank\"><img loading=\"lazy\" width=\"150\" height=\"150\" src=\"https:\/\/www.europesays.com\/pl\/wp-content\/uploads\/2026\/09\/EAttachments97249848392fbbfbb353c69b8521dc1aa4a5bb8_xl-1-150x150.jpg\" class=\"attachment-thumbnail size-thumbnail\" alt=\"\" decoding=\"async\"  \/><\/a> <a href=\"https:\/\/radio.lublin.pl\/wp-content\/uploads\/2026\/09\/EAttachments972498436ca24ef0f6036b280fb7cd6e16bea4e_xl-1.jpg\" rel=\"nofollow noopener\" target=\"_blank\"><img width=\"150\" height=\"150\" src=\"https:\/\/www.europesays.com\/pl\/wp-content\/uploads\/2026\/09\/EAttachments972498436ca24ef0f6036b280fb7cd6e16bea4e_xl-1-150x150.jpg\" class=\"attachment-thumbnail size-thumbnail\" alt=\"\" decoding=\"async\" loading=\"lazy\"  \/><\/a><\/p>\n","protected":false},"excerpt":{"rendered":"Czterech stra\u017cak\u00f3w ze struktur Komendy Miejskiej PSP Zamo\u015bciu bra\u0142o udzia\u0142 w gaszeniu po\u017caru w Hiszpanii. Zasilili oni struktury&hellip;\n","protected":false},"author":2,"featured_media":665568,"comment_status":"","ping_status":"","sticky":false,"template":"","format":"standard","meta":{"footnotes":"","_share_on_mastodon":"0"},"categories":[51612],"tags":[1081,42,38,40,39,41],"class_list":["post-665567","post","type-post","status-publish","format-standard","has-post-thumbnail","category-lublin","tag-lublin","tag-pl","tag-poland","tag-polish","tag-polska","tag-polski"],"share_on_mastodon":{"url":"https:\/\/pubeurope.com\/@pl\/117209441245870392","error":""},"_links":{"self":[{"href":"https:\/\/www.europesays.com\/pl\/wp-json\/wp\/v2\/posts\/665567","targetHints":{"allow":["GET"]}}],"collection":[{"href":"https:\/\/www.europesays.com\/pl\/wp-json\/wp\/v2\/posts"}],"about":[{"href":"https:\/\/www.europesays.com\/pl\/wp-json\/wp\/v2\/types\/post"}],"author":[{"embeddable":true,"href":"https:\/\/www.europesays.com\/pl\/wp-json\/wp\/v2\/users\/2"}],"replies":[{"embeddable":true,"href":"https:\/\/www.europesays.com\/pl\/wp-json\/wp\/v2\/comments?post=665567"}],"version-history":[{"count":0,"href":"https:\/\/www.europesays.com\/pl\/wp-json\/wp\/v2\/posts\/665567\/revisions"}],"wp:featuredmedia":[{"embeddable":true,"href":"https:\/\/www.europesays.com\/pl\/wp-json\/wp\/v2\/media\/665568"}],"wp:attachment":[{"href":"https:\/\/www.europesays.com\/pl\/wp-json\/wp\/v2\/media?parent=665567"}],"wp:term":[{"taxonomy":"category","embeddable":true,"href":"https:\/\/www.europesays.com\/pl\/wp-json\/wp\/v2\/categories?post=665567"},{"taxonomy":"post_tag","embeddable":true,"href":"https:\/\/www.europesays.com\/pl\/wp-json\/wp\/v2\/tags?post=665567"}],"curies":[{"name":"wp","href":"https:\/\/api.w.org\/{rel}","templated":true}]}}