{"id":665569,"date":"2026-09-03T22:21:25","date_gmt":"2026-09-03T22:21:25","guid":{"rendered":"https:\/\/www.europesays.com\/pl\/665569\/"},"modified":"2026-09-03T22:21:25","modified_gmt":"2026-09-03T22:21:25","slug":"ten-bazarek-pokochali-mieszkancy-w-sobote-znow-zapelni-sie-regionalnymi-przysmakami","status":"publish","type":"post","link":"https:\/\/www.europesays.com\/pl\/665569\/","title":{"rendered":"Ten bazarek pokochali mieszka\u0144cy. W sobot\u0119 zn\u00f3w zape\u0142ni si\u0119 regionalnymi przysmakami"},"content":{"rendered":"<p>\n                        \u201eNa stoiskach nie zabraknie \u015bwie\u017cych i naturalnych wyrob\u00f3w &#8211; od jajek, pieczywa i domowych wypiek\u00f3w przez sery, w\u0119dliny i kiszonki po miody, przetwory oraz sezonowe owoce i warzywa\u201d &#8211; zapraszaj\u0105 organizatorzy Sobotniego Bazarku na Bronowickiej.\n                    <\/p>\n<p align=\"JUSTIFY\">Wszystko pachn\u0105ce, smaczne i pe\u0142ne historii, kt\u00f3re z pasj\u0105 opowiadaj\u0105 sami rolnicy i przedsi\u0119biorcy. Na Bazarku wystawcy znaj\u0105 swoich sta\u0142ych klient\u00f3w po imieniu, a zakupy przypominaj\u0105 powr\u00f3t do klimatu dawnych jarmark\u00f3w.<\/p>\n<p align=\"JUSTIFY\">&#8211; To jednak nie tylko miejsce zakup\u00f3w. To tak\u017ce przestrze\u0144 do spotka\u0144 z producentami, poznania ich historii oraz dowiedzenia si\u0119 wi\u0119cej o tym, jak powstaje \u017cywno\u015b\u0107, kt\u00f3ra trafia na nasze sto\u0142y &#8211; podkre\u015blaj\u0105 przedstawiciele szczeci\u0144skiego oddzia\u0142u Krajowego O\u015brodka Wsparcia Rolnictwa.<\/p>\n<p align=\"JUSTIFY\">Wystawcy z regionu zapraszaj\u0105 ju\u017c 5 wrze\u015bnia w godzinach 8-12 przed siedzib\u0119 Krajowego O\u015brodka Wsparcia Rolnictwa OT w Szczecinie przy ulicy Bronowickiej 41.<\/p>\n<p align=\"JUSTIFY\">&#8211; Zapraszamy wszystkich mieszka\u0144c\u00f3w Szczecina i okolic do odwiedzenia Bazarku. To \u015bwietny spos\u00f3b, by wesprze\u0107 lokalnych producent\u00f3w i wybra\u0107 \u015bwie\u017ce, naturalne i pe\u0142ne smaku produkty tworzone blisko domu &#8211; zapraszaj\u0105 organizatorzy.<\/p>\n<p align=\"JUSTIFY\">Swoj\u0105 ofert\u0119 zaprezentuj\u0105 m.in.:<\/p>\n<p>&#13;<br \/>\n&#13;<\/p>\n<p align=\"JUSTIFY\">Firma Handlowo-Us\u0142ugowa \u201eIRGO\u201d Ireneusz<\/p>\n<p>&#13;<br \/>\n&#13;<br \/>\n&#13;<\/p>\n<p align=\"JUSTIFY\">Rol Mar Kamila i Eliasz Jajszczyk-Iwanek<\/p>\n<p>&#13;<br \/>\n&#13;<br \/>\n&#13;<\/p>\n<p align=\"JUSTIFY\">Gospodarstwo Rolne Ewa Rzepnikowska<\/p>\n<p>&#13;<br \/>\n&#13;<br \/>\n&#13;<\/p>\n<p align=\"JUSTIFY\">Zagroda Nieborowo \u2013 Ireneusz Pajor<\/p>\n<p>&#13;<br \/>\n&#13;<br \/>\n&#13;<\/p>\n<p align=\"JUSTIFY\">Gospodarstwo Rolne Jan Pawlonka<\/p>\n<p>&#13;<br \/>\n&#13;<br \/>\n&#13;<\/p>\n<p align=\"JUSTIFY\">Piotr Krajewski &#8211; Pasieka Akacjowy Gaj<\/p>\n<p>&#13;<br \/>\n&#13;<br \/>\n&#13;<\/p>\n<p align=\"JUSTIFY\">Gospodarstwo Rolne Dorota, Krzysztof Malczyk<\/p>\n<p>&#13;<br \/>\n&#13;<br \/>\n&#13;<\/p>\n<p align=\"JUSTIFY\">Ko\u0142o Gospody\u0144 Wiejskich \u201eMierzynianki\u201d<\/p>\n<p>&#13;<br \/>\n&#13;<br \/>\n&#13;<\/p>\n<p lang=\"en-GB\" align=\"JUSTIFY\">Gospodarstwo Rolne Mazurkiewicz<\/p>\n<p>&#13;<br \/>\n&#13;<br \/>\n&#13;<\/p>\n<p align=\"JUSTIFY\">Ma\u0142gorzata i Ryszard Simi\u0144scy &#8211; Pasieka Czelin<\/p>\n<p>&#13;<br \/>\n&#13;<br \/>\n&#13;<\/p>\n<p align=\"JUSTIFY\">Pasieka Marianowo &#8211; Sanocki Przemys\u0142aw<\/p>\n<p>&#13;<br \/>\n&#13;<br \/>\n&#13;<\/p>\n<p lang=\"en-GB\" align=\"JUSTIFY\">A&amp;A Chemical Technology Support Adrian Antosik<\/p>\n<p>&#13;<br \/>\n&#13;<br \/>\n&#13;<\/p>\n<p align=\"JUSTIFY\">Agnieszka Kobielska \u201eAnielskie torty\u201d \u2013 ciasta, desery, pierniki<\/p>\n<p>&#13;<br \/>\n&#13;<br \/>\n&#13;<\/p>\n<p align=\"JUSTIFY\">Gospodarstwo Rolne Bogdan Szepi\u0142\u0142o<\/p>\n<p>&#13;<br \/>\n&#13;<\/p>\n<p align=\"JUSTIFY\">Inicjatywa wpisuje si\u0119 w kampani\u0119 #Kupuj\u015awiadomie, kt\u00f3rej celem jest promowanie polskiej \u017cywno\u015bci oraz wzmacnianie lokalnych gospodarstw i ma\u0142ych producent\u00f3w.<\/p>\n","protected":false},"excerpt":{"rendered":"\u201eNa stoiskach nie zabraknie \u015bwie\u017cych i naturalnych wyrob\u00f3w &#8211; od jajek, pieczywa i domowych wypiek\u00f3w przez sery, w\u0119dliny&hellip;\n","protected":false},"author":2,"featured_media":665570,"comment_status":"","ping_status":"","sticky":false,"template":"","format":"standard","meta":{"footnotes":"","_share_on_mastodon":"0"},"categories":[51611],"tags":[291,1089,3839,3511,261,3840,42,38,40,907,39,41,123,2307,26,1092],"class_list":["post-665569","post","type-post","status-publish","format-standard","has-post-thumbnail","category-szczecin","tag-historia","tag-imprezy","tag-interwencje","tag-inwestycje","tag-kultura","tag-lokale","tag-pl","tag-poland","tag-polish","tag-polityka","tag-polska","tag-polski","tag-rozrywka","tag-szczecin","tag-wiadomosci","tag-wydarzenia"],"share_on_mastodon":{"url":"https:\/\/pubeurope.com\/@pl\/117209444031654332","error":""},"_links":{"self":[{"href":"https:\/\/www.europesays.com\/pl\/wp-json\/wp\/v2\/posts\/665569","targetHints":{"allow":["GET"]}}],"collection":[{"href":"https:\/\/www.europesays.com\/pl\/wp-json\/wp\/v2\/posts"}],"about":[{"href":"https:\/\/www.europesays.com\/pl\/wp-json\/wp\/v2\/types\/post"}],"author":[{"embeddable":true,"href":"https:\/\/www.europesays.com\/pl\/wp-json\/wp\/v2\/users\/2"}],"replies":[{"embeddable":true,"href":"https:\/\/www.europesays.com\/pl\/wp-json\/wp\/v2\/comments?post=665569"}],"version-history":[{"count":0,"href":"https:\/\/www.europesays.com\/pl\/wp-json\/wp\/v2\/posts\/665569\/revisions"}],"wp:featuredmedia":[{"embeddable":true,"href":"https:\/\/www.europesays.com\/pl\/wp-json\/wp\/v2\/media\/665570"}],"wp:attachment":[{"href":"https:\/\/www.europesays.com\/pl\/wp-json\/wp\/v2\/media?parent=665569"}],"wp:term":[{"taxonomy":"category","embeddable":true,"href":"https:\/\/www.europesays.com\/pl\/wp-json\/wp\/v2\/categories?post=665569"},{"taxonomy":"post_tag","embeddable":true,"href":"https:\/\/www.europesays.com\/pl\/wp-json\/wp\/v2\/tags?post=665569"}],"curies":[{"name":"wp","href":"https:\/\/api.w.org\/{rel}","templated":true}]}}