{"id":665599,"date":"2026-09-03T22:37:13","date_gmt":"2026-09-03T22:37:13","guid":{"rendered":"https:\/\/www.europesays.com\/pl\/665599\/"},"modified":"2026-09-03T22:37:13","modified_gmt":"2026-09-03T22:37:13","slug":"slawomir-mentzen-nie-przebiera-w-slowach-tak-nazwal-wiceministra-obrony","status":"publish","type":"post","link":"https:\/\/www.europesays.com\/pl\/665599\/","title":{"rendered":"S\u0142awomir Mentzen nie przebiera w s\u0142owach. Tak nazwa\u0142 wiceministra obrony"},"content":{"rendered":"<p>W zamieszczonym na platformie X (dawniej Twitter) materiale wideo zestawiono publiczne wypowiedzi Przemys\u0142awa Krala, prezesa gie\u0142dy Zondacrypto, z wyst\u0105pieniami szefa Kancelarii Prezydenta RP Zbigniewa Boguckiego oraz przewodnicz\u0105cego Konfederacji S\u0142awomira Mentzena. Wypowiedzi dotyczy\u0142y rz\u0105dowego projektu ustawy reguluj\u0105cej rynek kryptoaktyw\u00f3w.<\/p>\n<p>Dalszy ci\u0105g artyku\u0142u pod materia\u0142em wideo<\/p>\n<p>Na zmontowanym nagraniu wida\u0107 m.in., jak szef Zondacrypto i Zbigniew Bogucki u\u017cywaj\u0105 zbli\u017conych argument\u00f3w dotycz\u0105cych ryzyka zahamowania rozwoju rynku oraz przenoszenia si\u0119 polskich start-up\u00f3w za granic\u0119. Obaj por\u00f3wnywali r\u00f3wnie\u017c obszerno\u015b\u0107 polskiego projektu z kr\u00f3tszymi ustawami innych pa\u0144stw (Cypru i Czech). Z kolei S\u0142awomir Mentzen, podobnie jak Przemys\u0142aw Kral w udost\u0119pnionym materiale, okre\u015bli\u0142 proponowane przepisy mianem &#8222;potworka&#8221;.<\/p>\n<p><a href=\"https:\/\/www.onet.pl\/\" title=\"Strona G\u0142\u00f3wna\" aria-label=\"Strona G\u0142\u00f3wna\" data-astro-prefetch=\"tap\" class=\"ods-a-logo-main-desktop\" rel=\"nofollow noopener\" target=\"_blank\"><img src=\"https:\/\/cdn.wiadomosci.onet.pl\/img\/Logo_desktop_Onet.svg\" class=\"ods-a-logo-main-desktop__image\" alt=\"Logo\" width=\"107\" height=\"60\" fetchpriority=\"high\" decoding=\"sync\" style=\"height:60px\"\/><\/a><\/p>\n<p class=\"ods-m-google-article__text\">Czytaj nas cz\u0119\u015bciej w Google<\/p>\n<p><a href=\"https:\/\/google.com\/preferences\/source?q=wiadomosci.onet.pl\" target=\"_blank\" rel=\"noopener noreferrer nofollow\" aria-label=\"Dodaj w Google\" title=\"Dodaj w Google\" class=\"ods-a-button ods-a-button__primary ods-a-button__default ods-a-button-l\">Dodaj w Google<\/a><\/p>\n<p>Wiceminister Tomczyk opatrzy\u0142 nagranie komentarzem: &#8222;Panie @BoguckiZbigniew i @SlawomirMentzen \u2014 kto Wam pisa\u0142 wyst\u0105pienia? Wygl\u0105da na to, \u017ce Kral z Zondacrypto&#8221;.<\/p>\n<p>Na publikacj\u0119 wiceszefa MON zareagowa\u0142 lider Konfederacji. &#8222;Czuj\u0119 przera\u017cenie, \u017ce taki debil jest wiceszefem MON&#8221; \u2014 napisa\u0142 Mentzen.<\/p>\n<p>W odpowiedzi Cezary Tomczyk skierowa\u0142 pod adresem lidera Konfederacji pytania o kwestie finansowania i transparentno\u015bci jego ugrupowania. &#8222;Masz, cz\u0142owieku, w klubie go\u015bcia, kt\u00f3rego fundacja bra\u0142a setki tysi\u0119cy z\u0142otych od Krala. Czy przyzwoito\u015b\u0107 w og\u00f3le istnieje w twoim s\u0142owniku? Ca\u0142a twoja partia stan\u0119\u0142a po stronie braku regulacji dla oszust\u00f3w. To jest ta \u00bbWielka Polska\u00ab? Wstyd przynosisz prawdziwym patriotom&#8221; \u2014 napisa\u0142 wiceszef MON.<\/p>\n<p>Zondacrypto to jedna z najwi\u0119kszych w Europie \u015arodkowo-Wschodniej platform do handlu kryptowalutami. W kwietniu jej dzia\u0142alno\u015bci\u0105 zaj\u0119\u0142a si\u0119 prokuratura.<\/p>\n<p>O co dok\u0142adnie chodzi w aferze Zondacrypto [WYJA\u015aNIAMY]<img class=\"ods-a-photo ods-a-photo--background\" src=\"https:\/\/www.europesays.com\/pl\/wp-content\/uploads\/2026\/09\/1788475033_466_45Wk9lBaHR0cHM6Ly9vY2RuLmV1L3B1bHNjbXMvTURBXy85MDMzNTYwMmI3MTczYjkyYWUyN2I3MmM1ODA3OGE2ZC5qcGeRlQLNA.jpeg\" height=\"253\" width=\"450\" alt=\"By\u0142y szef Zondacrypto Przemys\u0142aw Kral\" loading=\"lazy\" fetchpriority=\"low\" decoding=\"async\"\/><\/p>\n<p>Opracowanie:Pawe\u0142 P\u0105zik<\/p>\n<p>Data utworzenia:3 wrze\u015bnia 2026, 23:15<\/p>\n","protected":false},"excerpt":{"rendered":"W zamieszczonym na platformie X (dawniej Twitter) materiale wideo zestawiono publiczne wypowiedzi Przemys\u0142awa Krala, prezesa gie\u0142dy Zondacrypto, z&hellip;\n","protected":false},"author":2,"featured_media":665600,"comment_status":"","ping_status":"","sticky":false,"template":"","format":"standard","meta":{"footnotes":"","_share_on_mastodon":"0"},"categories":[12],"tags":[61195,32,33,12029,36,37,27,1006,49,34,35,28,31,48,25,46,42,38,40,39,41,75235,47,865,29,30,26,788,17994],"class_list":["post-665599","post","type-post","status-publish","format-standard","has-post-thumbnail","category-polska","tag-bottomfeed_styl","tag-breaking-news","tag-breakingnews","tag-cezary_tomczyk","tag-featured-news","tag-featurednews","tag-headlines","tag-konfederacja","tag-kraj","tag-latest-news","tag-latestnews","tag-naglowki","tag-najwazniejsze-artykuly","tag-nat_styl","tag-news","tag-omp","tag-pl","tag-poland","tag-polish","tag-polska","tag-polski","tag-przemyslaw_kral","tag-screening_general","tag-slawomir_mentzen","tag-top-stories","tag-topstories","tag-wiadomosci","tag-zbigniew_bogucki","tag-zondacrypto"],"share_on_mastodon":{"url":"https:\/\/pubeurope.com\/@pl\/117209508180296034","error":""},"_links":{"self":[{"href":"https:\/\/www.europesays.com\/pl\/wp-json\/wp\/v2\/posts\/665599","targetHints":{"allow":["GET"]}}],"collection":[{"href":"https:\/\/www.europesays.com\/pl\/wp-json\/wp\/v2\/posts"}],"about":[{"href":"https:\/\/www.europesays.com\/pl\/wp-json\/wp\/v2\/types\/post"}],"author":[{"embeddable":true,"href":"https:\/\/www.europesays.com\/pl\/wp-json\/wp\/v2\/users\/2"}],"replies":[{"embeddable":true,"href":"https:\/\/www.europesays.com\/pl\/wp-json\/wp\/v2\/comments?post=665599"}],"version-history":[{"count":0,"href":"https:\/\/www.europesays.com\/pl\/wp-json\/wp\/v2\/posts\/665599\/revisions"}],"wp:featuredmedia":[{"embeddable":true,"href":"https:\/\/www.europesays.com\/pl\/wp-json\/wp\/v2\/media\/665600"}],"wp:attachment":[{"href":"https:\/\/www.europesays.com\/pl\/wp-json\/wp\/v2\/media?parent=665599"}],"wp:term":[{"taxonomy":"category","embeddable":true,"href":"https:\/\/www.europesays.com\/pl\/wp-json\/wp\/v2\/categories?post=665599"},{"taxonomy":"post_tag","embeddable":true,"href":"https:\/\/www.europesays.com\/pl\/wp-json\/wp\/v2\/tags?post=665599"}],"curies":[{"name":"wp","href":"https:\/\/api.w.org\/{rel}","templated":true}]}}