{"id":665617,"date":"2026-09-03T22:48:30","date_gmt":"2026-09-03T22:48:30","guid":{"rendered":"https:\/\/www.europesays.com\/pl\/665617\/"},"modified":"2026-09-03T22:48:30","modified_gmt":"2026-09-03T22:48:30","slug":"121-nowych-mieszkan-komunalnych-w-lublinie-rodziny-odebraly-klucze-zdjecia","status":"publish","type":"post","link":"https:\/\/www.europesays.com\/pl\/665617\/","title":{"rendered":"121 nowych mieszka\u0144 komunalnych w Lublinie. Rodziny odebra\u0142y klucze [ZDJ\u0118CIA]"},"content":{"rendered":"<p style=\"text-align: justify;\">Miasto Lublin zako\u0144czy\u0142o budow\u0119 trzech blok\u00f3w z mieszkaniami komunalnymi w dzielnicy Felin. Dzi\u015b rodziny odebra\u0142y klucze do lokali.<\/p>\n<p style=\"text-align: justify;\">\u2013 \u0141\u0105cznie oddano do u\u017cytku 121 mieszka\u0144 o powierzchni od 26 do 63 metr\u00f3w kwadratowych \u2013 m\u00f3wi dyrektor Zarz\u0105du Nieruchomo\u015bci Komunalnych w Lublinie, Piotr Samolej. \u2013 Mieszkania w tym bloku s\u0105 od jednopokojowych do trzech pokoi. Dla os\u00f3b niepe\u0142nosprawnych przeznaczyli\u015bmy 10 mieszka\u0144, kt\u00f3re znajduj\u0105 si\u0119 na parterze. Ka\u017cda klatka jest wyposa\u017cona w wind\u0119. Mieszkania s\u0105 w pe\u0142ni przygotowane do zamieszkania, mo\u017cna powiedzie\u0107, od zaraz.<\/p>\n<p style=\"text-align: center;\"><a href=\"https:\/\/radio.lublin.pl\/2026\/09\/nowe-mieszkania-komunalne-na-lubelskim-felinie\/\" target=\"_blank\" rel=\"noopener nofollow\">ZOBACZ GALERI\u0118:<\/a><\/p>\n<p style=\"text-align: center;\"><a href=\"https:\/\/radio.lublin.pl\/2026\/09\/nowe-mieszkania-komunalne-na-lubelskim-felinie\/\" target=\"_blank\" rel=\"noopener nofollow\"><img loading=\"lazy\" decoding=\"async\" src=\"https:\/\/www.europesays.com\/pl\/wp-content\/uploads\/2026\/09\/EAttachments9727058887f12e8f44713253a52e2f8a0518ef5_xl-1.jpg\" alt=\"Felin-03.09.2026-Michalew-27.jpg\" width=\"609\" height=\"405\" title=\"121 nowych mieszka\u0144 komunalnych w Lublinie. Rodziny odebra\u0142y klucze [ZDJ\u0118CIA] 2\"\/><\/a><\/p>\n<p style=\"text-align: justify;\">\u2013 W budowie s\u0105 te\u017c mieszkania komunalne przy ulicy Wro\u0144skiej \u2013 m\u00f3wi prezydent Lublina Krzysztof \u017buk. \u2013 Ta inwestycja jest zako\u0144czona, ale pan dyrektor realizuje drug\u0105 ju\u017c inwestycj\u0119 od wiosny tego roku przy ulicy Wro\u0144skiej. B\u0119dzie tam 9-kondygnacyjny budynek i 99 mieszka\u0144 komunalnych.\u00a0<\/p>\n<p><a href=\"https:\/\/radio.lublin.pl\/2026\/09\/nowe-mieszkania-komunalne-na-lubelskim-felinie\/\" target=\"_blank\" rel=\"noopener nofollow\"><img loading=\"lazy\" decoding=\"async\" style=\"display: block; margin-left: auto; margin-right: auto;\" src=\"https:\/\/www.europesays.com\/pl\/wp-content\/uploads\/2026\/09\/EAttachments97270584931ca857489a2f29b1f31cf513e77a5_xl-1.jpg\" alt=\"Felin-03.09.2026-Michalew-30.jpg\" width=\"622\" height=\"414\" title=\"121 nowych mieszka\u0144 komunalnych w Lublinie. Rodziny odebra\u0142y klucze [ZDJ\u0118CIA] 3\"\/><\/a><\/p>\n<p style=\"text-align: justify;\">Koszt inwestycji przy ulicy Kr\u00f3lowej Bony na lubelskim Felinie to 44 miliony z\u0142otych, z tego 80% stanowi dofinansowanie z Banku Gospodarstwa Krajowego. Natomiast blok przy ulicy Wro\u0144skiej ma by\u0107 gotowy na pocz\u0105tku 2028 roku.\u00a0<\/p>\n<p>MaK \/ opr. LisA<\/p>\n<p>Fot. Magdalena Michalew<\/p>\n<p>\u00a0<\/p>\n","protected":false},"excerpt":{"rendered":"Miasto Lublin zako\u0144czy\u0142o budow\u0119 trzech blok\u00f3w z mieszkaniami komunalnymi w dzielnicy Felin. Dzi\u015b rodziny odebra\u0142y klucze do lokali.&hellip;\n","protected":false},"author":2,"featured_media":665618,"comment_status":"","ping_status":"","sticky":false,"template":"","format":"standard","meta":{"footnotes":"","_share_on_mastodon":"0"},"categories":[51612],"tags":[1081,42,38,40,39,41],"class_list":["post-665617","post","type-post","status-publish","format-standard","has-post-thumbnail","category-lublin","tag-lublin","tag-pl","tag-poland","tag-polish","tag-polska","tag-polski"],"share_on_mastodon":{"url":"https:\/\/pubeurope.com\/@pl\/117209551255599172","error":""},"_links":{"self":[{"href":"https:\/\/www.europesays.com\/pl\/wp-json\/wp\/v2\/posts\/665617","targetHints":{"allow":["GET"]}}],"collection":[{"href":"https:\/\/www.europesays.com\/pl\/wp-json\/wp\/v2\/posts"}],"about":[{"href":"https:\/\/www.europesays.com\/pl\/wp-json\/wp\/v2\/types\/post"}],"author":[{"embeddable":true,"href":"https:\/\/www.europesays.com\/pl\/wp-json\/wp\/v2\/users\/2"}],"replies":[{"embeddable":true,"href":"https:\/\/www.europesays.com\/pl\/wp-json\/wp\/v2\/comments?post=665617"}],"version-history":[{"count":0,"href":"https:\/\/www.europesays.com\/pl\/wp-json\/wp\/v2\/posts\/665617\/revisions"}],"wp:featuredmedia":[{"embeddable":true,"href":"https:\/\/www.europesays.com\/pl\/wp-json\/wp\/v2\/media\/665618"}],"wp:attachment":[{"href":"https:\/\/www.europesays.com\/pl\/wp-json\/wp\/v2\/media?parent=665617"}],"wp:term":[{"taxonomy":"category","embeddable":true,"href":"https:\/\/www.europesays.com\/pl\/wp-json\/wp\/v2\/categories?post=665617"},{"taxonomy":"post_tag","embeddable":true,"href":"https:\/\/www.europesays.com\/pl\/wp-json\/wp\/v2\/tags?post=665617"}],"curies":[{"name":"wp","href":"https:\/\/api.w.org\/{rel}","templated":true}]}}