{"id":665619,"date":"2026-09-03T22:49:16","date_gmt":"2026-09-03T22:49:16","guid":{"rendered":"https:\/\/www.europesays.com\/pl\/665619\/"},"modified":"2026-09-03T22:49:16","modified_gmt":"2026-09-03T22:49:16","slug":"wernisaz-wystaw-towarzyszacych-26-festiwalowi-polskiego-malarstwa-wspolczesnego-szczecin-2026","status":"publish","type":"post","link":"https:\/\/www.europesays.com\/pl\/665619\/","title":{"rendered":"Wernisa\u017c wystaw towarzysz\u0105cych 26. Festiwalowi Polskiego Malarstwa Wsp\u00f3\u0142czesnego \u2013 Szczecin 2026"},"content":{"rendered":"<p>\n                        Willa Lentza serdecznie zaprasza na wernisa\u017c wystaw towarzysz\u0105cych 26. Festiwalowi Polskiego Malarstwa Wsp\u00f3\u0142czesnego.\n                    <\/p>\n<p>W ramach wydarzenia zaprezentowane zostan\u0105 trzy ekspozycje:<\/p>\n<p>POKOLENIA FESTIWALU<\/p>\n<p>Wystawa zbiorowa prezentuj\u0105ca wybrane dzie\u0142a laureat\u00f3w i uczestnik\u00f3w poprzednich edycji Festiwalu Polskiego Malarstwa Wsp\u00f3\u0142czesnego.<\/p>\n<p>II poziom Willi Lentza<\/p>\n<p>\u00a0<\/p>\n<p>NATALIA RYBKA. MALARSTWO<\/p>\n<p>Wystawa indywidualna prezentowana w jednym z historycznych pokoi Willi Lentza.<\/p>\n<p>II poziom Willi Lentza<\/p>\n<p>\u00a0<\/p>\n<p>JACEK SEMPOLI\u0143SKI. VERSO<\/p>\n<p>Wystawa indywidualna prezentowana w Galerii Willi Lentza.<\/p>\n<p>III poziom Willi Lentza<\/p>\n","protected":false},"excerpt":{"rendered":"Willa Lentza serdecznie zaprasza na wernisa\u017c wystaw towarzysz\u0105cych 26. Festiwalowi Polskiego Malarstwa Wsp\u00f3\u0142czesnego. W ramach wydarzenia zaprezentowane zostan\u0105&hellip;\n","protected":false},"author":2,"featured_media":665620,"comment_status":"","ping_status":"","sticky":false,"template":"","format":"standard","meta":{"footnotes":"","_share_on_mastodon":"0"},"categories":[51611],"tags":[291,1089,3839,3511,261,3840,42,38,40,907,39,41,123,2307,26,1092],"class_list":["post-665619","post","type-post","status-publish","format-standard","has-post-thumbnail","category-szczecin","tag-historia","tag-imprezy","tag-interwencje","tag-inwestycje","tag-kultura","tag-lokale","tag-pl","tag-poland","tag-polish","tag-polityka","tag-polska","tag-polski","tag-rozrywka","tag-szczecin","tag-wiadomosci","tag-wydarzenia"],"share_on_mastodon":{"url":"https:\/\/pubeurope.com\/@pl\/117209554434692275","error":""},"_links":{"self":[{"href":"https:\/\/www.europesays.com\/pl\/wp-json\/wp\/v2\/posts\/665619","targetHints":{"allow":["GET"]}}],"collection":[{"href":"https:\/\/www.europesays.com\/pl\/wp-json\/wp\/v2\/posts"}],"about":[{"href":"https:\/\/www.europesays.com\/pl\/wp-json\/wp\/v2\/types\/post"}],"author":[{"embeddable":true,"href":"https:\/\/www.europesays.com\/pl\/wp-json\/wp\/v2\/users\/2"}],"replies":[{"embeddable":true,"href":"https:\/\/www.europesays.com\/pl\/wp-json\/wp\/v2\/comments?post=665619"}],"version-history":[{"count":0,"href":"https:\/\/www.europesays.com\/pl\/wp-json\/wp\/v2\/posts\/665619\/revisions"}],"wp:featuredmedia":[{"embeddable":true,"href":"https:\/\/www.europesays.com\/pl\/wp-json\/wp\/v2\/media\/665620"}],"wp:attachment":[{"href":"https:\/\/www.europesays.com\/pl\/wp-json\/wp\/v2\/media?parent=665619"}],"wp:term":[{"taxonomy":"category","embeddable":true,"href":"https:\/\/www.europesays.com\/pl\/wp-json\/wp\/v2\/categories?post=665619"},{"taxonomy":"post_tag","embeddable":true,"href":"https:\/\/www.europesays.com\/pl\/wp-json\/wp\/v2\/tags?post=665619"}],"curies":[{"name":"wp","href":"https:\/\/api.w.org\/{rel}","templated":true}]}}