{"id":665625,"date":"2026-09-03T22:52:33","date_gmt":"2026-09-03T22:52:33","guid":{"rendered":"https:\/\/www.europesays.com\/pl\/665625\/"},"modified":"2026-09-03T22:52:33","modified_gmt":"2026-09-03T22:52:33","slug":"arek-mama-panorama-w-lodzi-lodz-nasze-miasto-2","status":"publish","type":"post","link":"https:\/\/www.europesays.com\/pl\/665625\/","title":{"rendered":"Arek.Mama.Panorama w \u0141odzi | \u0141\u00f3d\u017a Nasze Miasto"},"content":{"rendered":"<p class=\"atomsHappeningContent__desc\">Opis: Nadopieku\u0144cza mama? Jest. Milcz\u0105cy tata? Te\u017c. Kryzys tw\u00f3rczy i sta\u0142e uczucie niespe\u0142nienia? S\u0105! Arysta Arek Paso\u017cyt naprawd\u0119 ma pod g\u00f3rk\u0119. By uwolni\u0107 si\u0119 z sytuacji bez wyj\u015bcia, postanawia po raz pierwszy wyjecha\u0107 w Tatry. Tam trafia na \u015blad najwi\u0119kszego obrazu w historii Polski \u2013 monumentalnej (115x16m!) Panoramy Tatr, zaginionej ponad 130 lat temu. Postanawia j\u0105 odnale\u017a\u0107. Arek pokonuje rowerem urokliwe wsie Podhala i wspina si\u0119 na tatrza\u0144skie granie. W czasie poszukiwa\u0144 walczy z sierpniowym s\u0142o\u0144cem, kruch\u0105 ludzk\u0105 pami\u0119ci\u0105 i wadliw\u0105 kuchenk\u0105 turystyczn\u0105. Odkrywaj\u0105c kolejne fragmenty uk\u0142adanki, dowiaduje si\u0119 coraz wi\u0119cej o historii sprzed lat, ale i o sobie samym. Czy z mam\u0105 nadzoruj\u0105c\u0105 ka\u017cdy jego krok, niezrozumieniem ze strony \u015bwiata sztuki i w\u0142asnymi w\u0105tpliwo\u015bciami Arek ma szans\u0119 dokona\u0107 czego\u015b r\u00f3wnie wielkiego, jak poszukiwany przez niego obraz? \u201eArek.Mama.Panorama\u201d to czu\u0142y, skrz\u0105cy si\u0119 humorem portret cz\u0142owieka w walce o marzenia, w kt\u00f3rym<br \/>ka\u017cdy odnajdzie cz\u0105stk\u0119 siebie. W pewnym momencie \u017cycia wszyscy jeste\u015bmy Arkami.<br \/>Tytu\u0142 oryginalny: Arek.Mama.Panorama<br \/>Re\u017cyser: Miko\u0142aj Janik<br \/>Scenariusz: Miko\u0142aj Janik<br \/>Gatunek: dokumentalny<br \/>Czas trwania: 72 minut<br \/>Kraj produkcji: Polska<br \/>Rok produkcji: 2026<br \/>Muzyka: Micha\u0142 Drabczyk<br \/>Zdj\u0119cia: Norbert Wojtysiak, Miko\u0142aj Janik<br \/>Data premiery w Polsce: 2026-08-21<\/p>\n","protected":false},"excerpt":{"rendered":"Opis: Nadopieku\u0144cza mama? Jest. Milcz\u0105cy tata? Te\u017c. Kryzys tw\u00f3rczy i sta\u0142e uczucie niespe\u0142nienia? S\u0105! Arysta Arek Paso\u017cyt naprawd\u0119&hellip;\n","protected":false},"author":2,"featured_media":665626,"comment_status":"","ping_status":"","sticky":false,"template":"","format":"standard","meta":{"footnotes":"","_share_on_mastodon":"0"},"categories":[51608],"tags":[6226,68212,10195,3652,42,38,40,39,41,22920],"class_list":["post-665625","post","type-post","status-publish","format-standard","has-post-thumbnail","category-lodz","tag-bilety","tag-film-i-kino","tag-impreza","tag-lodz","tag-pl","tag-poland","tag-polish","tag-polska","tag-polski","tag-wydarzenie"],"share_on_mastodon":{"url":"https:\/\/pubeurope.com\/@pl\/117209565895824246","error":""},"_links":{"self":[{"href":"https:\/\/www.europesays.com\/pl\/wp-json\/wp\/v2\/posts\/665625","targetHints":{"allow":["GET"]}}],"collection":[{"href":"https:\/\/www.europesays.com\/pl\/wp-json\/wp\/v2\/posts"}],"about":[{"href":"https:\/\/www.europesays.com\/pl\/wp-json\/wp\/v2\/types\/post"}],"author":[{"embeddable":true,"href":"https:\/\/www.europesays.com\/pl\/wp-json\/wp\/v2\/users\/2"}],"replies":[{"embeddable":true,"href":"https:\/\/www.europesays.com\/pl\/wp-json\/wp\/v2\/comments?post=665625"}],"version-history":[{"count":0,"href":"https:\/\/www.europesays.com\/pl\/wp-json\/wp\/v2\/posts\/665625\/revisions"}],"wp:featuredmedia":[{"embeddable":true,"href":"https:\/\/www.europesays.com\/pl\/wp-json\/wp\/v2\/media\/665626"}],"wp:attachment":[{"href":"https:\/\/www.europesays.com\/pl\/wp-json\/wp\/v2\/media?parent=665625"}],"wp:term":[{"taxonomy":"category","embeddable":true,"href":"https:\/\/www.europesays.com\/pl\/wp-json\/wp\/v2\/categories?post=665625"},{"taxonomy":"post_tag","embeddable":true,"href":"https:\/\/www.europesays.com\/pl\/wp-json\/wp\/v2\/tags?post=665625"}],"curies":[{"name":"wp","href":"https:\/\/api.w.org\/{rel}","templated":true}]}}