{"id":665651,"date":"2026-09-03T23:05:18","date_gmt":"2026-09-03T23:05:18","guid":{"rendered":"https:\/\/www.europesays.com\/pl\/665651\/"},"modified":"2026-09-03T23:05:18","modified_gmt":"2026-09-03T23:05:18","slug":"hit-ekstraklasy-przerwany-w-2-minucie-szymon-marciniak-musial-reagowac-przeglad-sportowy","status":"publish","type":"post","link":"https:\/\/www.europesays.com\/pl\/665651\/","title":{"rendered":"Hit Ekstraklasy przerwany w 2. minucie. Szymon Marciniak musia\u0142 reagowa\u0107 &#8211; Przegl\u0105d Sportowy"},"content":{"rendered":"<ol>\n<li><a href=\"https:\/\/news.google.com\/rss\/articles\/CBMi0AFBVV95cUxNNlZYMERhalI1SWZHaDhydVdNdHpnWDl5MU1ZVFlnTFRFVGJfTWpPWjZUcXBXY1RHWkJSWVl0YzI0SHlwT3VrREI4UGhOQ3E5TXNYb1RERDBiS1ZDeUdoRFdvcmxBRTdDQl9aZWc5bDNMblFkSkhmVmJyeGF2UExFR2JUWjVQb1RjQV9fTTZnWmVXU3FyUXVYdnN6c3BGS3kwNlJMcnJPU1JLU2h1TnZfeUptcFhBc21iRzJOQml1OGlnTTNJUW1ibDNPTTNhVDdh?oc=5\" target=\"_blank\" rel=\"nofollow noopener\">Hit Ekstraklasy przerwany w 2. minucie. Szymon Marciniak musia\u0142 reagowa\u0107<\/a>&nbsp;&nbsp;Przegl\u0105d Sportowy<\/li>\n<li><a href=\"https:\/\/news.google.com\/rss\/articles\/CBMi1wFBVV95cUxOTk1pcE5reXZHa0d5Ri1wRFNyRjdZZFZaLVQxNW5abkl0ODRHS3hwVklRSEhmRXFHS0NZMUxVMTRvOWhsMTQtalZYVGJFM1dHcFUzNnZWZzgxd0djRENLYjZoenJnd1hlSkN3aGxnQTRtaGZpTVExTmhpZkl5MGY3cmhsZ04xUkktU2JrTS1hTlk2YWMyWXlIV3kwV294WHhvU3FSSl9fTnZjVHVoQ1VTVXhBLVFySWNqNzc0eTBmQmR0UHVXaWtnZlprSnFWOTA3cFNuQktBQQ?oc=5\" target=\"_blank\" rel=\"nofollow noopener\">Kontrowersja, reakcja VAR i gol w 87. minucie hitu. Oto nowy lider Ekstraklasy<\/a>&nbsp;&nbsp;Przegl\u0105d Sportowy<\/li>\n<li><a href=\"https:\/\/news.google.com\/rss\/articles\/CBMisgFBVV95cUxPckZrSnZqVldkQWU2QXRQM1NjajFNTVJ1b2puclVJS2ZrZFllaEtEM0lBRWxuZ3dybHR5cGZmQU1kMk1PV1prby1rWTVhWWwxRU5uTl9Ha1NCSGk5ZDlOYTJhUHdBd0pUckp2cGN4WHd0Skw2QW5qQjMyVnY5S3RfNWZ1WXR6NzNlcUxleFd6Tmp1WkN6WGxEamZtSU1MTjRFbzlKc0lVME5QYVlmdzRPWUh3?oc=5\" target=\"_blank\" rel=\"nofollow noopener\">Lech pokona\u0142 Jagielloni\u0119, ale najwa\u017cniejsze dzia\u0142o si\u0119 w ukryciu. Wz\u00f3r dla Polski<\/a>&nbsp;&nbsp;Sport.pl<\/li>\n<li><a href=\"https:\/\/news.google.com\/rss\/articles\/CBMilAFBVV95cUxNQ1FLYzREYjhOSTlNOGNCVmVaSlE0a3lBUDViY1hqTGFtYjE0SFZZcE9kdXhrSEFhN09qbkJBMmI1U0RHOFZYUHd4YWFKNF85VzlrVElsaUZqbDdDeThEWHprLTIxREFzVWZKM0ZHX2daMFM1MDIxNTRneC1nX0wyeVd0UFQ4b1VRZzJyNFI5UE8wRlJn?oc=5\" target=\"_blank\" rel=\"nofollow noopener\">C\u00f3\u017c to by\u0142o! Gol &#8222;stadiony \u015bwiata&#8221; w Poznaniu<\/a>&nbsp;&nbsp;SportoweFakty<\/li>\n<li><a href=\"https:\/\/news.google.com\/rss\/articles\/CBMixgFBVV95cUxQZW50UnJXUjREMGRDV2dDVDNnYVdGN3RCMWZGT2RmY2RqdHctNUNETEFSYXBEaE1wVDd4N0s0OUsyZFBmcTNUSzdUNkJtSTB2YjI2TWZsZlRZUDc2b1p0T3JoU3pLN2VLLVJ4R1RkNV9CeUV6SjJrTkVIN2Z5dzZGWmRmb3p4VTRYMXNMb1JSZ3dQWXhQeUp3cERnU0o0WHllaFlMRWNLY3JLTHhBZXBPUWRZVVdmU0dqcWxnQjRSelRLdmRXRVE?oc=5\" target=\"_blank\" rel=\"nofollow noopener\">Marciniak skasowa\u0142 gola w 88. minucie. VAR w akcji. Jest nowy lider Ekstraklasy<\/a>&nbsp;&nbsp;Interia Sport<\/li>\n<\/ol>\n","protected":false},"excerpt":{"rendered":"Hit Ekstraklasy przerwany w 2. minucie. Szymon Marciniak musia\u0142 reagowa\u0107&nbsp;&nbsp;Przegl\u0105d Sportowy Kontrowersja, reakcja VAR i gol w 87.&hellip;\n","protected":false},"author":2,"featured_media":665652,"comment_status":"","ping_status":"","sticky":false,"template":"","format":"standard","meta":{"footnotes":"","_share_on_mastodon":"0"},"categories":[5],"tags":[128237,61195,32,33,274,36,37,27,2477,34,35,2806,28,31,48,25,46,948,42,38,40,39,41,47,5780,29,30,26,130],"class_list":["post-665651","post","type-post","status-publish","format-standard","has-post-thumbnail","category-naglowki","tag-adshield_tst1","tag-bottomfeed_styl","tag-breaking-news","tag-breakingnews","tag-ekstraklasa","tag-featured-news","tag-featurednews","tag-headlines","tag-jagiellonia_bialystok","tag-latest-news","tag-latestnews","tag-lech_poznan","tag-naglowki","tag-najwazniejsze-artykuly","tag-nat_styl","tag-news","tag-omp","tag-pilka_nozna","tag-pl","tag-poland","tag-polish","tag-polska","tag-polski","tag-screening_general","tag-szymon_marciniak","tag-top-stories","tag-topstories","tag-wiadomosci","tag-wiadomosci_sportowe"],"share_on_mastodon":{"url":"https:\/\/pubeurope.com\/@pl\/117209617054711463","error":""},"_links":{"self":[{"href":"https:\/\/www.europesays.com\/pl\/wp-json\/wp\/v2\/posts\/665651","targetHints":{"allow":["GET"]}}],"collection":[{"href":"https:\/\/www.europesays.com\/pl\/wp-json\/wp\/v2\/posts"}],"about":[{"href":"https:\/\/www.europesays.com\/pl\/wp-json\/wp\/v2\/types\/post"}],"author":[{"embeddable":true,"href":"https:\/\/www.europesays.com\/pl\/wp-json\/wp\/v2\/users\/2"}],"replies":[{"embeddable":true,"href":"https:\/\/www.europesays.com\/pl\/wp-json\/wp\/v2\/comments?post=665651"}],"version-history":[{"count":0,"href":"https:\/\/www.europesays.com\/pl\/wp-json\/wp\/v2\/posts\/665651\/revisions"}],"wp:featuredmedia":[{"embeddable":true,"href":"https:\/\/www.europesays.com\/pl\/wp-json\/wp\/v2\/media\/665652"}],"wp:attachment":[{"href":"https:\/\/www.europesays.com\/pl\/wp-json\/wp\/v2\/media?parent=665651"}],"wp:term":[{"taxonomy":"category","embeddable":true,"href":"https:\/\/www.europesays.com\/pl\/wp-json\/wp\/v2\/categories?post=665651"},{"taxonomy":"post_tag","embeddable":true,"href":"https:\/\/www.europesays.com\/pl\/wp-json\/wp\/v2\/tags?post=665651"}],"curies":[{"name":"wp","href":"https:\/\/api.w.org\/{rel}","templated":true}]}}