{"id":665665,"date":"2026-09-03T23:16:26","date_gmt":"2026-09-03T23:16:26","guid":{"rendered":"https:\/\/www.europesays.com\/pl\/665665\/"},"modified":"2026-09-03T23:16:26","modified_gmt":"2026-09-03T23:16:26","slug":"pacjent-z-zawalem-nie-mogl-dostac-sie-na-izbe-przyjec-sprawa-pod-lupa-prokuratury","status":"publish","type":"post","link":"https:\/\/www.europesays.com\/pl\/665665\/","title":{"rendered":"Pacjent z zawa\u0142em nie m\u00f3g\u0142 dosta\u0107 si\u0119 na izb\u0119 przyj\u0119\u0107. Sprawa pod lup\u0105 prokuratury"},"content":{"rendered":"<p style=\"text-align: justify;\">Jest \u015bledztwo w sprawie m\u0119\u017cczyzny, kt\u00f3ry z zawa\u0142em serca nie m\u00f3g\u0142 dosta\u0107 si\u0119 do szpitala przy ul. Herberta w Lublinie. M\u0119\u017cczyzna wraz \u017con\u0105 pr\u00f3bowali dosta\u0107 si\u0119 na izb\u0119 przyj\u0119\u0107, po kilku minutach kobieta zadzwoni\u0142a po karetk\u0119.<\/p>\n<p style=\"text-align: justify;\">\u2013 Post\u0119powanie prowadzimy w kierunku nara\u017cenia cz\u0142owieka na bezpo\u015brednie niebezpiecze\u0144stwo utraty \u017cycia lub bezpo\u015bredniego uszczerbku na zdrowiu \u2013 m\u00f3wi rzecznik prasowy Prokuratury Okr\u0119gowej w Lublinie, Marcin Kozak. \u2013 To post\u0119powanie zosta\u0142o zainicjowane zawiadomieniem, kt\u00f3re z\u0142o\u017cy\u0142 dyrektor Wojew\u00f3dzkiego Szpitala Specjalistycznego w Lublinie, a dotyczy ono nieudzielenia pomocy pacjentowi w stanie bezpo\u015bredniego zagro\u017cenia \u017cycia. W tej sprawie zostanie przes\u0142uchany zawiadamiaj\u0105cy, pokrzywdzony. Zgromadzimy dokumentacj\u0119 medyczn\u0105, zabezpieczymy monitoring, przes\u0142uchamy \u015bwiadk\u00f3w.<\/p>\n<p style=\"text-align: justify;\">Dyrekcja plac\u00f3wki zapowiada konsekwencje dyscyplinarne wobec personelu, kt\u00f3ry dy\u017curowa\u0142 w nocy z 15 na 16 sierpnia kiedy to dosz\u0142o do incydentu.\u00a0<\/p>\n<p style=\"text-align: justify;\">MaTo \/ opr. WM<\/p>\n<p style=\"text-align: justify;\">Fot. pixabay.com<\/p>\n","protected":false},"excerpt":{"rendered":"Jest \u015bledztwo w sprawie m\u0119\u017cczyzny, kt\u00f3ry z zawa\u0142em serca nie m\u00f3g\u0142 dosta\u0107 si\u0119 do szpitala przy ul. Herberta&hellip;\n","protected":false},"author":2,"featured_media":665666,"comment_status":"","ping_status":"","sticky":false,"template":"","format":"standard","meta":{"footnotes":"","_share_on_mastodon":"0"},"categories":[51612],"tags":[1081,42,38,40,39,41],"class_list":["post-665665","post","type-post","status-publish","format-standard","has-post-thumbnail","category-lublin","tag-lublin","tag-pl","tag-poland","tag-polish","tag-polska","tag-polski"],"share_on_mastodon":{"url":"https:\/\/pubeurope.com\/@pl\/117209660612162457","error":""},"_links":{"self":[{"href":"https:\/\/www.europesays.com\/pl\/wp-json\/wp\/v2\/posts\/665665","targetHints":{"allow":["GET"]}}],"collection":[{"href":"https:\/\/www.europesays.com\/pl\/wp-json\/wp\/v2\/posts"}],"about":[{"href":"https:\/\/www.europesays.com\/pl\/wp-json\/wp\/v2\/types\/post"}],"author":[{"embeddable":true,"href":"https:\/\/www.europesays.com\/pl\/wp-json\/wp\/v2\/users\/2"}],"replies":[{"embeddable":true,"href":"https:\/\/www.europesays.com\/pl\/wp-json\/wp\/v2\/comments?post=665665"}],"version-history":[{"count":0,"href":"https:\/\/www.europesays.com\/pl\/wp-json\/wp\/v2\/posts\/665665\/revisions"}],"wp:featuredmedia":[{"embeddable":true,"href":"https:\/\/www.europesays.com\/pl\/wp-json\/wp\/v2\/media\/665666"}],"wp:attachment":[{"href":"https:\/\/www.europesays.com\/pl\/wp-json\/wp\/v2\/media?parent=665665"}],"wp:term":[{"taxonomy":"category","embeddable":true,"href":"https:\/\/www.europesays.com\/pl\/wp-json\/wp\/v2\/categories?post=665665"},{"taxonomy":"post_tag","embeddable":true,"href":"https:\/\/www.europesays.com\/pl\/wp-json\/wp\/v2\/tags?post=665665"}],"curies":[{"name":"wp","href":"https:\/\/api.w.org\/{rel}","templated":true}]}}