{"id":665671,"date":"2026-09-03T23:25:13","date_gmt":"2026-09-03T23:25:13","guid":{"rendered":"https:\/\/www.europesays.com\/pl\/665671\/"},"modified":"2026-09-03T23:25:13","modified_gmt":"2026-09-03T23:25:13","slug":"julia-pirotte-piekno-i-sila-w-lodzi-2","status":"publish","type":"post","link":"https:\/\/www.europesays.com\/pl\/665671\/","title":{"rendered":"Julia Pirotte. Pi\u0119kno i si\u0142a w \u0141odzi"},"content":{"rendered":"<p class=\"atomsHappeningContent__desc\">Opis: Biograficzny dokument wydobywa z niepami\u0119ci histori\u0119 Julii Pirotte (1907-2000), nieustraszonej polskiej fotoreporterki \u017cydowskiego pochodzenia i bojowniczki ruchu oporu w Marsylii podczas II wojny \u015bwiatowej. Z aparatem fotograficznym jako broni\u0105 Julia uwiecznia francuski ruch oporu, wyzwolenie Marsylii, Pogrom Kielecki w 1946 roku oraz \u015awiatowy Kongres Intelektualist\u00f3w na rzecz Pokoju we Wroc\u0142awiu w 1948 roku.<\/p>\n<p>Jej m\u0142odsza siostra Maria, agentka ruchu oporu mi\u0119dzy Pary\u017cem a Marsyli\u0105, zosta\u0142a aresztowana przez Gestapo podczas przenoszenia meldunk\u00f3w dla Naczelnego Dow\u00f3dztwa. Stracona na gilotynie we Wroc\u0142awiu, id\u0105c na \u015bmier\u0107, krzyczy do wsp\u00f3\u0142wi\u0119\u017aniarek: \u201eOdwagi!\u201d.<\/p>\n<p>Po dekadach milczenia w 1980 roku Julia wysy\u0142a swoje wojenne zdj\u0119cia do Francji i zdobywa pierwsz\u0105 nagrod\u0119 na Mi\u0119dzynarodowym Festiwalu Fotografii w Arles (Rencontres Internationales de la Photographie d\u2019Arles). Tam poznaje Jeanne Vervoort \u2013 Vercheval, belgijsk\u0105 feministk\u0119 i dzia\u0142aczk\u0119 spo\u0142eczn\u0105 oraz Georges\u2019a Verchevala, za\u0142o\u017cyciela Muzeum Fotografii w Charleroi, powierzaj\u0105c mu swoje negatywy \u2013 reszt\u0119 przekazuje \u017bydowskiemu Instytutowi Historycznemu w Warszawie.<\/p>\n<p>Film, nakr\u0119cony we Francji, Belgii i Polsce, zawiera rzadkie i dot\u0105d niepublikowane materia\u0142y archiwalne, oferuj\u0105c intymny i poruszaj\u0105cy wgl\u0105d w \u015bwiat Julii Pirotte i burzliw\u0105 histori\u0119, kt\u00f3rej by\u0142a \u015bwiadkiem.<br \/>Tytu\u0142 oryginalny: Julia Pirotte. Pi\u0119kno i si\u0142a<br \/>Re\u017cyser: Ewa Pytka<br \/>Scenariusz: Ewa Pytka<br \/>Gatunek: dokumentalny<br \/>Czas trwania: 80 minut<br \/>Kraj produkcji: Polska<br \/>Rok produkcji: 2025<br \/>Muzyka: Jakub Grzegorek<br \/>Zdj\u0119cia: Kacper Lisowski, Piotr Chylarecki<\/p>\n","protected":false},"excerpt":{"rendered":"Opis: Biograficzny dokument wydobywa z niepami\u0119ci histori\u0119 Julii Pirotte (1907-2000), nieustraszonej polskiej fotoreporterki \u017cydowskiego pochodzenia i bojowniczki ruchu&hellip;\n","protected":false},"author":2,"featured_media":665672,"comment_status":"","ping_status":"","sticky":false,"template":"","format":"standard","meta":{"footnotes":"","_share_on_mastodon":"0"},"categories":[51608],"tags":[6226,68212,10195,3652,42,38,40,39,41,22920],"class_list":["post-665671","post","type-post","status-publish","format-standard","has-post-thumbnail","category-lodz","tag-bilety","tag-film-i-kino","tag-impreza","tag-lodz","tag-pl","tag-poland","tag-polish","tag-polska","tag-polski","tag-wydarzenie"],"share_on_mastodon":{"url":"https:\/\/pubeurope.com\/@pl\/117209696291773109","error":""},"_links":{"self":[{"href":"https:\/\/www.europesays.com\/pl\/wp-json\/wp\/v2\/posts\/665671","targetHints":{"allow":["GET"]}}],"collection":[{"href":"https:\/\/www.europesays.com\/pl\/wp-json\/wp\/v2\/posts"}],"about":[{"href":"https:\/\/www.europesays.com\/pl\/wp-json\/wp\/v2\/types\/post"}],"author":[{"embeddable":true,"href":"https:\/\/www.europesays.com\/pl\/wp-json\/wp\/v2\/users\/2"}],"replies":[{"embeddable":true,"href":"https:\/\/www.europesays.com\/pl\/wp-json\/wp\/v2\/comments?post=665671"}],"version-history":[{"count":0,"href":"https:\/\/www.europesays.com\/pl\/wp-json\/wp\/v2\/posts\/665671\/revisions"}],"wp:featuredmedia":[{"embeddable":true,"href":"https:\/\/www.europesays.com\/pl\/wp-json\/wp\/v2\/media\/665672"}],"wp:attachment":[{"href":"https:\/\/www.europesays.com\/pl\/wp-json\/wp\/v2\/media?parent=665671"}],"wp:term":[{"taxonomy":"category","embeddable":true,"href":"https:\/\/www.europesays.com\/pl\/wp-json\/wp\/v2\/categories?post=665671"},{"taxonomy":"post_tag","embeddable":true,"href":"https:\/\/www.europesays.com\/pl\/wp-json\/wp\/v2\/tags?post=665671"}],"curies":[{"name":"wp","href":"https:\/\/api.w.org\/{rel}","templated":true}]}}