{"id":665709,"date":"2026-09-03T23:46:09","date_gmt":"2026-09-03T23:46:09","guid":{"rendered":"https:\/\/www.europesays.com\/pl\/665709\/"},"modified":"2026-09-03T23:46:09","modified_gmt":"2026-09-03T23:46:09","slug":"nowa-fala-w-bialymstoku-bialystok-nasze-miasto","status":"publish","type":"post","link":"https:\/\/www.europesays.com\/pl\/665709\/","title":{"rendered":"Nowa fala w Bia\u0142ymstoku | Bia\u0142ystok Nasze Miasto"},"content":{"rendered":"<p class=\"atomsHappeningContent__desc\">Opis: Pokazywane w konkursie festiwalu w Cannes dzie\u0142o Richarda Linklatera to energetyczna i b\u0142yskotliwa podr\u00f3\u017c do czas\u00f3w narodzin francuskiej Nowej Fali. Re\u017cyser, jeden z najwa\u017cniejszych tw\u00f3rc\u00f3w ameryka\u0144skiego kina niezale\u017cnego, sk\u0142ada ho\u0142d Godardowi i ca\u0142emu pokoleniu artyst\u00f3w, kt\u00f3rzy odmienili oblicze \u015bwiatowego kina. &#8222;Nowa Fala&#8221; to film o pasji, wolno\u015bci tw\u00f3rczej i odwadze marzenia inaczej. Z niezwyk\u0142\u0105 lekko\u015bci\u0105 i humorem pokazuje artyst\u0119 w momencie, gdy rodzi si\u0119 dzie\u0142o, a kino staje si\u0119 przestrzeni\u0105 buntu i m\u0142odzie\u0144czej energii.<br \/>Tytu\u0142 oryginalny: Nouvelle Vague<br \/>Re\u017cyser: Richard Linklater<br \/>Scenariusz: Holly Gent, Vincent Palmo<br \/>Gatunek: komedia<br \/>Czas trwania: 105 minut<br \/>Kraj produkcji: Francja, USA<br \/>Rok produkcji: 2025<br \/>Zdj\u0119cia: David Chambille<br \/>Data premiery w Polsce: 2026-08-21<\/p>\n","protected":false},"excerpt":{"rendered":"Opis: Pokazywane w konkursie festiwalu w Cannes dzie\u0142o Richarda Linklatera to energetyczna i b\u0142yskotliwa podr\u00f3\u017c do czas\u00f3w narodzin&hellip;\n","protected":false},"author":2,"featured_media":665710,"comment_status":"","ping_status":"","sticky":false,"template":"","format":"standard","meta":{"footnotes":"","_share_on_mastodon":"0"},"categories":[51614],"tags":[2151,6226,68212,10195,42,38,40,39,41,22920],"class_list":["post-665709","post","type-post","status-publish","format-standard","has-post-thumbnail","category-bialystok","tag-bialystok","tag-bilety","tag-film-i-kino","tag-impreza","tag-pl","tag-poland","tag-polish","tag-polska","tag-polski","tag-wydarzenie"],"share_on_mastodon":{"url":"https:\/\/pubeurope.com\/@pl\/117209778537888177","error":""},"_links":{"self":[{"href":"https:\/\/www.europesays.com\/pl\/wp-json\/wp\/v2\/posts\/665709","targetHints":{"allow":["GET"]}}],"collection":[{"href":"https:\/\/www.europesays.com\/pl\/wp-json\/wp\/v2\/posts"}],"about":[{"href":"https:\/\/www.europesays.com\/pl\/wp-json\/wp\/v2\/types\/post"}],"author":[{"embeddable":true,"href":"https:\/\/www.europesays.com\/pl\/wp-json\/wp\/v2\/users\/2"}],"replies":[{"embeddable":true,"href":"https:\/\/www.europesays.com\/pl\/wp-json\/wp\/v2\/comments?post=665709"}],"version-history":[{"count":0,"href":"https:\/\/www.europesays.com\/pl\/wp-json\/wp\/v2\/posts\/665709\/revisions"}],"wp:featuredmedia":[{"embeddable":true,"href":"https:\/\/www.europesays.com\/pl\/wp-json\/wp\/v2\/media\/665710"}],"wp:attachment":[{"href":"https:\/\/www.europesays.com\/pl\/wp-json\/wp\/v2\/media?parent=665709"}],"wp:term":[{"taxonomy":"category","embeddable":true,"href":"https:\/\/www.europesays.com\/pl\/wp-json\/wp\/v2\/categories?post=665709"},{"taxonomy":"post_tag","embeddable":true,"href":"https:\/\/www.europesays.com\/pl\/wp-json\/wp\/v2\/tags?post=665709"}],"curies":[{"name":"wp","href":"https:\/\/api.w.org\/{rel}","templated":true}]}}