{"id":665719,"date":"2026-09-03T23:52:26","date_gmt":"2026-09-03T23:52:26","guid":{"rendered":"https:\/\/www.europesays.com\/pl\/665719\/"},"modified":"2026-09-03T23:52:26","modified_gmt":"2026-09-03T23:52:26","slug":"21-na-stadionie-w-poznaniu","status":"publish","type":"post","link":"https:\/\/www.europesays.com\/pl\/665719\/","title":{"rendered":"2:1 na stadionie w Poznaniu"},"content":{"rendered":"<p>O godzinie 20.30 rozpocz\u0119\u0142o si\u0119 zaleg\u0142e spotkanie 5. kolejki PKO BP Ekstraklasy. Zawodnicy Lecha Pozna\u0144 zagrali na Enea Stadionie z Jagielloni\u0105 Bia\u0142ystok. <\/p>\n<p>Pierwsza po\u0142owa spotkania zako\u0144czy\u0142a si\u0119 remisem 1:1. Celne strza\u0142y do bramek oddali: Pablo Rodriguez (43&#8242;) i Yuki Kobayashi (45&#8242;). W drugiej po\u0142owie spotkania celny strza\u0142 do bramki odda\u0142 Robert Gumny (90&#8242;). <\/p>\n<p>Lech Pozna\u0144 &#8211; Jagiellonia Bia\u0142ystok 2:1. <\/p>\n<p style=\"margin-bottom: 6px;\">Autor: <a href=\"https:\/\/epoznan.pl\/newsListAuthor-j\" rel=\"nofollow noopener\" target=\"_blank\">j<\/a><\/p>\n<p>Dodano: 03 wrze\u015bnia 2026 r. godz. 22:32<\/p>\n","protected":false},"excerpt":{"rendered":"O godzinie 20.30 rozpocz\u0119\u0142o si\u0119 zaleg\u0142e spotkanie 5. kolejki PKO BP Ekstraklasy. Zawodnicy Lecha Pozna\u0144 zagrali na Enea&hellip;\n","protected":false},"author":2,"featured_media":665720,"comment_status":"","ping_status":"","sticky":false,"template":"","format":"standard","meta":{"footnotes":"","_share_on_mastodon":"0"},"categories":[51609],"tags":[6222,3749,42,38,40,39,41,1817],"class_list":["post-665719","post","type-post","status-publish","format-standard","has-post-thumbnail","category-poznan","tag-lech","tag-mecz","tag-pl","tag-poland","tag-polish","tag-polska","tag-polski","tag-poznan"],"share_on_mastodon":{"url":"https:\/\/pubeurope.com\/@pl\/117209802149903918","error":""},"_links":{"self":[{"href":"https:\/\/www.europesays.com\/pl\/wp-json\/wp\/v2\/posts\/665719","targetHints":{"allow":["GET"]}}],"collection":[{"href":"https:\/\/www.europesays.com\/pl\/wp-json\/wp\/v2\/posts"}],"about":[{"href":"https:\/\/www.europesays.com\/pl\/wp-json\/wp\/v2\/types\/post"}],"author":[{"embeddable":true,"href":"https:\/\/www.europesays.com\/pl\/wp-json\/wp\/v2\/users\/2"}],"replies":[{"embeddable":true,"href":"https:\/\/www.europesays.com\/pl\/wp-json\/wp\/v2\/comments?post=665719"}],"version-history":[{"count":0,"href":"https:\/\/www.europesays.com\/pl\/wp-json\/wp\/v2\/posts\/665719\/revisions"}],"wp:featuredmedia":[{"embeddable":true,"href":"https:\/\/www.europesays.com\/pl\/wp-json\/wp\/v2\/media\/665720"}],"wp:attachment":[{"href":"https:\/\/www.europesays.com\/pl\/wp-json\/wp\/v2\/media?parent=665719"}],"wp:term":[{"taxonomy":"category","embeddable":true,"href":"https:\/\/www.europesays.com\/pl\/wp-json\/wp\/v2\/categories?post=665719"},{"taxonomy":"post_tag","embeddable":true,"href":"https:\/\/www.europesays.com\/pl\/wp-json\/wp\/v2\/tags?post=665719"}],"curies":[{"name":"wp","href":"https:\/\/api.w.org\/{rel}","templated":true}]}}