{"id":665721,"date":"2026-09-03T23:53:13","date_gmt":"2026-09-03T23:53:13","guid":{"rendered":"https:\/\/www.europesays.com\/pl\/665721\/"},"modified":"2026-09-03T23:53:13","modified_gmt":"2026-09-03T23:53:13","slug":"ojczyzna-w-lodzi-lodz-nasze-miasto-4","status":"publish","type":"post","link":"https:\/\/www.europesays.com\/pl\/665721\/","title":{"rendered":"Ojczyzna w \u0141odzi | \u0141\u00f3d\u017a Nasze Miasto"},"content":{"rendered":"<p class=\"atomsHappeningContent__desc\">Opis: \u201eOjczyzna&#8221; opowiada o relacji mi\u0119dzy Thomasem Mannem (Hanns Zischler), laureatem Nagrody Nobla w dziedzinie literatury, a jego c\u00f3rk\u0105 Erik\u0105 (Sandra H\u00fcller) \u2013 aktork\u0105 i pisark\u0105. Akcja rozgrywa si\u0119 w szczytowym okresie zimnej wojny. Ojciec i c\u00f3rka wyruszaj\u0105 w trudn\u0105, pe\u0142n\u0105 emocji podr\u00f3\u017c czarnym Buickiem przez zrujnowane Niemcy \u2013 z Frankfurtu pod kontrol\u0105 ameryka\u0144sk\u0105 do Weimaru pod wp\u0142ywem sowieckim. Po raz pierwszy od zako\u0144czenia wojny Mann wraca do swojej ojczyzny, po tym jak podj\u0105\u0142 wcze\u015bniej trudn\u0105 decyzj\u0119 o emigracji do Stan\u00f3w Zjednoczonych.<br \/>Tytu\u0142 oryginalny: Fatherland<br \/>Re\u017cyser: Pawe\u0142 Pawlikowski<br \/>Scenariusz: Pawe\u0142 Pawlikowski, Hendrik Handloegten<br \/>Gatunek: dramat<br \/>Czas trwania: 82 minut<br \/>Kraj produkcji: Francja, Niemcy, Polska, W\u0142ochy<br \/>Rok produkcji: 2026<br \/>Zdj\u0119cia: \u0141ukasz \u017bal<br \/>Data premiery w Polsce: 2026-06-19<\/p>\n","protected":false},"excerpt":{"rendered":"Opis: \u201eOjczyzna&#8221; opowiada o relacji mi\u0119dzy Thomasem Mannem (Hanns Zischler), laureatem Nagrody Nobla w dziedzinie literatury, a jego&hellip;\n","protected":false},"author":2,"featured_media":665722,"comment_status":"","ping_status":"","sticky":false,"template":"","format":"standard","meta":{"footnotes":"","_share_on_mastodon":"0"},"categories":[51608],"tags":[6226,68212,10195,3652,42,38,40,39,41,22920],"class_list":["post-665721","post","type-post","status-publish","format-standard","has-post-thumbnail","category-lodz","tag-bilety","tag-film-i-kino","tag-impreza","tag-lodz","tag-pl","tag-poland","tag-polish","tag-polska","tag-polski","tag-wydarzenie"],"share_on_mastodon":{"url":"https:\/\/pubeurope.com\/@pl\/117209806005588665","error":""},"_links":{"self":[{"href":"https:\/\/www.europesays.com\/pl\/wp-json\/wp\/v2\/posts\/665721","targetHints":{"allow":["GET"]}}],"collection":[{"href":"https:\/\/www.europesays.com\/pl\/wp-json\/wp\/v2\/posts"}],"about":[{"href":"https:\/\/www.europesays.com\/pl\/wp-json\/wp\/v2\/types\/post"}],"author":[{"embeddable":true,"href":"https:\/\/www.europesays.com\/pl\/wp-json\/wp\/v2\/users\/2"}],"replies":[{"embeddable":true,"href":"https:\/\/www.europesays.com\/pl\/wp-json\/wp\/v2\/comments?post=665721"}],"version-history":[{"count":0,"href":"https:\/\/www.europesays.com\/pl\/wp-json\/wp\/v2\/posts\/665721\/revisions"}],"wp:featuredmedia":[{"embeddable":true,"href":"https:\/\/www.europesays.com\/pl\/wp-json\/wp\/v2\/media\/665722"}],"wp:attachment":[{"href":"https:\/\/www.europesays.com\/pl\/wp-json\/wp\/v2\/media?parent=665721"}],"wp:term":[{"taxonomy":"category","embeddable":true,"href":"https:\/\/www.europesays.com\/pl\/wp-json\/wp\/v2\/categories?post=665721"},{"taxonomy":"post_tag","embeddable":true,"href":"https:\/\/www.europesays.com\/pl\/wp-json\/wp\/v2\/tags?post=665721"}],"curies":[{"name":"wp","href":"https:\/\/api.w.org\/{rel}","templated":true}]}}