{"id":665723,"date":"2026-09-03T23:54:40","date_gmt":"2026-09-03T23:54:40","guid":{"rendered":"https:\/\/www.europesays.com\/pl\/665723\/"},"modified":"2026-09-03T23:54:40","modified_gmt":"2026-09-03T23:54:40","slug":"rozne-punkty-slyszenia-rozmawiamy-o-cenach-we-wroclawskich-restauracjach","status":"publish","type":"post","link":"https:\/\/www.europesays.com\/pl\/665723\/","title":{"rendered":"R\u00f3\u017cne punkty s\u0142yszenia: Rozmawiamy o cenach we wroc\u0142awskich restauracjach"},"content":{"rendered":"\n<p>                <a target=\"_blank\" href=\"http:\/\/www.wykop.pl\/dodaj\/link\/?url=https%3A%2F%2Fwww.radiowroclaw.pl%2Farticles%2Fview%2F163647%2FRozne-punkty-slyszenia-Rozmawiamy-o-cenach-we-wroclawskich-restauracjach&amp;title=R%C3%B3%C5%BCne+punkty+s%C5%82yszenia%3A+Rozmawiamy+o+cenach+we+wroc%C5%82awskich+restauracjach&amp;desc=Burger+za+70+z%C5%82otych%3F+Pizza+za+50%3F+Niewyobra%C5%BCalne%3F+Ale%C5%BC+sk%C4%85d+-+to+ceny%2C+kt%C3%B3re+mo%C5%BCna+spotka%C4%87+w+niekt%C3%B3rych+wroc%C5%82awskich+restauracjach.\" rel=\"nofollow noopener\"><img decoding=\"async\" alt=\"Dodaj do Wykop.pl\" src=\"https:\/\/www.radiowroclaw.pl\/nlayout\/layout\/wykop-social.svg\"\/><\/a><\/p>\n<p>    <img decoding=\"async\" src=\"https:\/\/www.europesays.com\/pl\/wp-content\/uploads\/2026\/09\/q8klU7aOB6.jpg\" class=\"w-100\" alt=\"R\u00f3\u017cne punkty s\u0142yszenia: Rozmawiamy o cenach we wroc\u0142awskich restauracjach - R\u00f3\u017cne punkty s\u0142yszenia w Radiu Wroc\u0142aw. Od poniedzia\u0142ku do pi\u0105tku, po godzinie 20:00.\"\/>R\u00f3\u017cne punkty s\u0142yszenia w Radiu Wroc\u0142aw. Od poniedzia\u0142ku do pi\u0105tku, po godzinie 20:00.<\/p>\n<p>Fot: Rados\u0142aw Bugajski<\/p>\n<p>Burger za 70 z\u0142otych? Pizza za 50? Niewyobra\u017calne? Ale\u017c sk\u0105d &#8211; to ceny, kt\u00f3re mo\u017cna spotka\u0107 w niekt\u00f3rych wroc\u0142awskich restauracjach.<\/p>\n<p style=\"text-align: justify;\">To ju\u017c przesada? Granica? Klienci powiedz\u0105 basta? Patrz\u0105c na wype\u0142nione lokale najwyra\u017aniej nie. Gdzie jest granica b\u00f3lu klienta i margines op\u0142acalno\u015bci restauratora? O tym rozmawiali\u015bmy w R\u00f3\u017cnych Punktach S\u0142yszenia. Zaproszenie do studia przyj\u0119li:<\/p>\n<p>&#13;<br \/>\nKacper Kanci &#8211; szef kuchni, w do\u015bwiadczeniach m.in. kopenhaska Noma &#8211; wielokrotnie wybierana najlepsza restauracj\u0105 na \u015bwiecie&#13;<br \/>\nSzymon Czupkiewicz &#8211; Tu jest s\u0142odko Simon Cooks&#13;<br \/>\nAndrzej B\u0142aszczuk &#8211; Yemsetu&#13;<\/p>\n<p>Pos\u0142uchaj audycji:<\/p>\n<p>        <a name=\"Comments\"\/><br \/>\n    \ufeff<\/p>\n<p>\t\t\t\t<a name=\"Comments\"\/><\/p>\n<p>\t\t\t\t\tDodaj\u0105c komentarz do artyku\u0142u akceptujesz<br \/>\n\t\t\t\t\t<a class=\"fw-bold\" href=\"https:\/\/www.radiowroclaw.pl\/articles\/view\/97405\" title=\"regulamin strony\" rel=\"nofollow noopener\" target=\"_blank\">regulamin strony<\/a>.<br \/>\n\t\t\t\t\tRadio Wroc\u0142aw nie odpowiada za tre\u015b\u0107 komentarzy.<\/p>\n","protected":false},"excerpt":{"rendered":"R\u00f3\u017cne punkty s\u0142yszenia w Radiu Wroc\u0142aw. Od poniedzia\u0142ku do pi\u0105tku, po godzinie 20:00. Fot: Rados\u0142aw Bugajski Burger za&hellip;\n","protected":false},"author":2,"featured_media":665724,"comment_status":"","ping_status":"","sticky":false,"template":"","format":"standard","meta":{"footnotes":"","_share_on_mastodon":"0"},"categories":[51607],"tags":[129377,53536,42,38,40,39,41,34838,129378,58286,56961,56962,55110,1853,60608],"class_list":["post-665723","post","type-post","status-publish","format-standard","has-post-thumbnail","category-wroclaw","tag-cenach","tag-o","tag-pl","tag-poland","tag-polish","tag-polska","tag-polski","tag-punkty","tag-restauracjach","tag-rozmawiamy","tag-rozne","tag-slyszenia","tag-we","tag-wroclaw","tag-wroclawskich"],"share_on_mastodon":{"url":"https:\/\/pubeurope.com\/@pl\/117209810847492326","error":""},"_links":{"self":[{"href":"https:\/\/www.europesays.com\/pl\/wp-json\/wp\/v2\/posts\/665723","targetHints":{"allow":["GET"]}}],"collection":[{"href":"https:\/\/www.europesays.com\/pl\/wp-json\/wp\/v2\/posts"}],"about":[{"href":"https:\/\/www.europesays.com\/pl\/wp-json\/wp\/v2\/types\/post"}],"author":[{"embeddable":true,"href":"https:\/\/www.europesays.com\/pl\/wp-json\/wp\/v2\/users\/2"}],"replies":[{"embeddable":true,"href":"https:\/\/www.europesays.com\/pl\/wp-json\/wp\/v2\/comments?post=665723"}],"version-history":[{"count":0,"href":"https:\/\/www.europesays.com\/pl\/wp-json\/wp\/v2\/posts\/665723\/revisions"}],"wp:featuredmedia":[{"embeddable":true,"href":"https:\/\/www.europesays.com\/pl\/wp-json\/wp\/v2\/media\/665724"}],"wp:attachment":[{"href":"https:\/\/www.europesays.com\/pl\/wp-json\/wp\/v2\/media?parent=665723"}],"wp:term":[{"taxonomy":"category","embeddable":true,"href":"https:\/\/www.europesays.com\/pl\/wp-json\/wp\/v2\/categories?post=665723"},{"taxonomy":"post_tag","embeddable":true,"href":"https:\/\/www.europesays.com\/pl\/wp-json\/wp\/v2\/tags?post=665723"}],"curies":[{"name":"wp","href":"https:\/\/api.w.org\/{rel}","templated":true}]}}